{"id":35761,"date":"2018-07-06T17:07:52","date_gmt":"2018-07-06T22:07:52","guid":{"rendered":"http:\/\/www.evafm.net\/sitio\/?p=35761"},"modified":"2018-07-06T17:07:52","modified_gmt":"2018-07-06T22:07:52","slug":"en-analisis-800-plazas-para-hospitales-de-chone-y-monte-sinai","status":"publish","type":"post","link":"https:\/\/www.evafm.net\/sitio\/en-analisis-800-plazas-para-hospitales-de-chone-y-monte-sinai\/","title":{"rendered":"En an\u00e1lisis 800 plazas para hospitales de Chone y Monte Sina\u00ed"},"content":{"rendered":"<p>El Ministerio de Salud P\u00fablica envi\u00f3 una solicitud para emplear a 800 personas bajo la modalidad de servicios ocasionales.<\/p>\n<p>\u201cSon para los hospitales de Chone (Manab\u00ed) y de Monte Sina\u00ed (Guayaquil)\u201d, asegur\u00f3 ayer el ministro del Trabajo,\u00a0Ra\u00fal Ledesma Huerta.<\/p>\n<p>\u201cLes he pedido que me detallen en qu\u00e9 \u00e1reas espec\u00edficas va a trabajar cada persona, que se justifique que es una nueva \u00e1rea de atenci\u00f3n. La \u00fanica justificaci\u00f3n es que sean profesores, prestadores de servicios. Todo lo administrativo est\u00e1 prohibido\u201d, dice Ledesma, quien ayer recalc\u00f3 en la Escuela Superior Polit\u00e9cnica del Litoral, en Guayaquil, que la circular basada en el Decreto N<strong>\u00ba<\/strong>\u00a0135 proh\u00edbe la contrataci\u00f3n de nueva masa salarial a trav\u00e9s de contratos ocasionales, sin que ello implique el despido de quienes est\u00e1n empleados bajo esa modalidad en el sector p\u00fablico.<\/p>\n<p>De los 70.000 que tienen contratos ocasionales, 11.000 no tienen un a\u00f1o: \u201cHay que decidir si se mantienen o no. Son contratos ocasionales, no deber\u00edan de mantenerse\u201d, asegura.<\/p>\n<p>De los 59.000 que quedan, 31.000 deber\u00e1n participar en los concursos de m\u00e9ritos y oposici\u00f3n hasta diciembre.<\/p>\n<p>Y la diferencia, 28.000, ir\u00e1n a concursos programados para el 2019. Son puestos que ser\u00e1n ocupados si alguien gana.<\/p>\n<p>\u201cLo haremos a trav\u00e9s de una empresa privada y con el acompa\u00f1amiento y la veedur\u00eda del Consejo de Participaci\u00f3n Ciudadana y Control Social (transitorio). Esta vez no habr\u00e1 que le paso a mi compadre las preguntas, ni que califico con un porcentaje diferente a uno u otro. Eso no pasar\u00e1. Ser\u00e1n procesos transparentes\u201d, a\u00f1ade.<\/p>\n<p>El presidente de la Rep\u00fablica,\u00a0Len\u00edn Moreno, sugiri\u00f3 que los concursos sean manejados por la cartera del Trabajo y no por cada entidad como ven\u00eda ocurriendo, dice Ledesma. Los plazos de los procesos se establecieron de acuerdo con la capacidad de la plataforma que tiene el ministerio, afirma.<\/p>\n<p>Augusto Barrera, secretario de Educaci\u00f3n Superior, Ciencia, Tecnolog\u00eda e Innovaci\u00f3n, manifest\u00f3, en la reuni\u00f3n con las autoridades de universidades p\u00fablicas en la Espol, que la prohibici\u00f3n no afecta a la educaci\u00f3n superior que tienen docentes contratados por servicios ocasionales.<\/p>\n<p>\u201cHay una gran diferencia porque son aut\u00f3nomos y adem\u00e1s son contratados a trav\u00e9s de la Ley Org\u00e1nica de Educaci\u00f3n Superior. Es diferente un docente que se contrata por servicios ocasionales que un funcionario en el Ejecutivo, esto ha generado mucha tranquilidad porque no va a restringir las operaciones de las universidades\u201d, dice Barrera.\u00a0<strong>(I)<\/strong><\/p>\n<p>Fuente: eluniverso.com<\/p>\n<div class=\"gsp_post_data\" \r\n\t            data-post_type=\"post\" \r\n\t            data-cat=\"noticias-ecuador\" \r\n\t            data-modified=\"120\"\r\n\t            data-created=\"1530896872\"\r\n\t            data-title=\"En an\u00e1lisis 800 plazas para hospitales de Chone y Monte Sina\u00ed\" \r\n\t            data-home=\"https:\/\/www.evafm.net\/sitio\"><\/div>","protected":false},"excerpt":{"rendered":"<p>El Ministerio de Salud P\u00fablica envi\u00f3 una solicitud para emplear a 800 personas bajo la modalidad de servicios ocasionales. \u201cSon para los hospitales de Chone (Manab\u00ed) y de Monte Sina\u00ed (Guayaquil)\u201d, asegur\u00f3 ayer el ministro del Trabajo,\u00a0Ra\u00fal Ledesma Huerta. \u201cLes he pedido que me detallen en qu\u00e9 \u00e1reas espec\u00edficas va a trabajar cada persona, que&#8230;<\/p>\n","protected":false},"author":5,"featured_media":35762,"comment_status":"closed","ping_status":"open","sticky":false,"template":"","format":"standard","meta":{"_joinchat":[],"footnotes":""},"categories":[1558],"tags":[],"class_list":["post-35761","post","type-post","status-publish","format-standard","has-post-thumbnail","hentry","category-noticias-ecuador","have-post-thumb"],"_links":{"self":[{"href":"https:\/\/www.evafm.net\/sitio\/wp-json\/wp\/v2\/posts\/35761","targetHints":{"allow":["GET"]}}],"collection":[{"href":"https:\/\/www.evafm.net\/sitio\/wp-json\/wp\/v2\/posts"}],"about":[{"href":"https:\/\/www.evafm.net\/sitio\/wp-json\/wp\/v2\/types\/post"}],"author":[{"embeddable":true,"href":"https:\/\/www.evafm.net\/sitio\/wp-json\/wp\/v2\/users\/5"}],"replies":[{"embeddable":true,"href":"https:\/\/www.evafm.net\/sitio\/wp-json\/wp\/v2\/comments?post=35761"}],"version-history":[{"count":1,"href":"https:\/\/www.evafm.net\/sitio\/wp-json\/wp\/v2\/posts\/35761\/revisions"}],"predecessor-version":[{"id":35763,"href":"https:\/\/www.evafm.net\/sitio\/wp-json\/wp\/v2\/posts\/35761\/revisions\/35763"}],"wp:featuredmedia":[{"embeddable":true,"href":"https:\/\/www.evafm.net\/sitio\/wp-json\/wp\/v2\/media\/35762"}],"wp:attachment":[{"href":"https:\/\/www.evafm.net\/sitio\/wp-json\/wp\/v2\/media?parent=35761"}],"wp:term":[{"taxonomy":"category","embeddable":true,"href":"https:\/\/www.evafm.net\/sitio\/wp-json\/wp\/v2\/categories?post=35761"},{"taxonomy":"post_tag","embeddable":true,"href":"https:\/\/www.evafm.net\/sitio\/wp-json\/wp\/v2\/tags?post=35761"}],"curies":[{"name":"wp","href":"https:\/\/api.w.org\/{rel}","templated":true}]}}