{"id":35764,"date":"2018-07-06T17:24:21","date_gmt":"2018-07-06T22:24:21","guid":{"rendered":"http:\/\/www.evafm.net\/sitio\/?p=35764"},"modified":"2018-07-06T17:24:21","modified_gmt":"2018-07-06T22:24:21","slug":"rescatista-tailandes-murio-en-la-cueva-donde-permanecen-los-ninos-atrapados","status":"publish","type":"post","link":"https:\/\/www.evafm.net\/sitio\/rescatista-tailandes-murio-en-la-cueva-donde-permanecen-los-ninos-atrapados\/","title":{"rendered":"Rescatista tailand\u00e9s muri\u00f3 en la cueva donde permanecen los ni\u00f1os atrapados"},"content":{"rendered":"<div class=\"row\">\n<div class=\"col-xs-12 col-print-12\">\n<p class=\"element element-paragraph\">Un ex miembro de la Marina tailandesa<strong>\u00a0muri\u00f3 el viernes por la ma\u00f1ana cuando trabajaba en las tareas de rescate de los 12 ni\u00f1os y su entrenador<\/strong>, encerrados desde\u00a0el pasado 23 de junio en una cueva.<\/p>\n<\/div>\n<\/div>\n<div class=\"row\">\n<div class=\"col-xs-12 col-print-12\">\n<p class=\"element element-paragraph\">Se trata del ex sargento\u00a0<strong>Saman Kunan<\/strong>, quien trabajaba como voluntario junto al resto de los\u00a0rescatistas, y muri\u00f3 entre la 1 y las 2 de la madrugada del viernes.<\/p>\n<p>El comandante de\u00a0la Marina Arpakorn Yookongkaew fue quien inform\u00f3 que\u00a0<strong>Kunan falleci\u00f3 mientras colocaba recipientes de ox\u00edgeno bajo el agua a lo largo de la ruta\u00a0que conduce a\u00a0los ni\u00f1os atrapados.<\/strong><\/p>\n<div class=\"row\">\n<div class=\"col-xs-12 col-print-12\">\n<p class=\"element element-paragraph\">Seg\u00fan\u00a0<em>The Evening Standard<\/em>,\u00a0<strong>la tarea\u00a0ten\u00eda el objetivo de\u00a0reponer el suministro de\u00a0ox\u00edgeno en la cueva.<\/strong><\/p>\n<p class=\"element element-paragraph\">Kunan se desmay\u00f3 y los esfuerzos para resucitarlo no tuvieron \u00e9xito.<\/p>\n<\/div>\n<\/div>\n<div class=\"row\">\n<div class=\"col-xs-12 col-print-12\">\n<p class=\"element element-paragraph\">El perfil de Facebook de\u00a0<strong>Kunan, de 38 a\u00f1os, muestra im\u00e1genes de un hombre en forma con esp\u00edritu aventurero: amaba andar en bicicleta y correr.<\/strong><\/p>\n<p class=\"element element-paragraph\">Efectivamente, despu\u00e9s de retirarse de la Marina, Kunan se convirti\u00f3 en\u00a0<strong>triatleta y trabaj\u00f3 como oficial de seguridad aeroportuaria.<\/strong><\/p>\n<p>Los soldados y los polic\u00edas guardan gran respeto por Kunan, lo que se vio reflejado en que\u00a0<strong>su ata\u00fad fue cargado en un avi\u00f3n de la marina tailandesa en el Aeropuerto Internacional Chiang Rai el viernes.<\/strong><\/p>\n<div class=\"row\">\n<div class=\"col-xs-12 col-print-12\">\n<p class=\"element element-paragraph\">Las autoridades dijeron que\u00a0<strong>los ritos f\u00fanebres del buzo\u00a0ser\u00edan auspiciados por la realeza<\/strong>, incluido un\u00a0<strong>funeral militar<\/strong>\u00a0en la base naval de Satthahip en Pattaya, y luego en su ciudad natal en la provincia de Roi Et, en el norte de Tailandia.<\/p>\n<\/div>\n<\/div>\n<div class=\"row\">\n<div class=\"col-xs-12 col-print-12\">\n<p class=\"element element-paragraph\">La Armada tambi\u00e9n est\u00e1 buscando permiso para\u00a0<strong>promover p\u00f3stumamente a Saman<\/strong>, que era un suboficial de primera clase cuando dej\u00f3 la unidad, inform\u00f3\u00a0<em>Channel News Asia.<\/em><\/p>\n<div class=\"row\">\n<div class=\"col-xs-12 col-print-12\">\n<p class=\"element element-paragraph\"><strong>\u00abA pesar de esto, continuaremos hasta cumplir nuestra misi\u00f3n\u00bb<\/strong>, dijo Apakorn.<\/p>\n<\/div>\n<\/div>\n<div class=\"row\">\n<div class=\"col-xs-12 col-print-12\">\n<p class=\"element element-paragraph\">Las autoridades tailandesas est\u00e1n en una\u00a0<strong>carrera contrarreloj\u00a0para reponer el ox\u00edgeno en la cueva<\/strong>, que se est\u00e1 sumergiendo a niveles peligrosamente bajos debido a la gran cantidad de\u00a0rescatistas en el interior, dijo el gobernador de Chiang Rai, Narongsak Ossotthanakor.<\/p>\n<\/div>\n<\/div>\n<div class=\"row\">\n<div class=\"col-xs-12 col-print-12\">\n<p class=\"element element-paragraph\">Tambi\u00e9n est\u00e1n trabajando para\u00a0<strong>bombear agua de la cueva inundada,<\/strong>\u00a0especialmente a medida que se pronostican m\u00e1s lluvias para la regi\u00f3n.<\/p>\n<div class=\"single-image\">\n<div class=\"shares\">\n<div class=\"share-button facebook\"><\/div>\n<\/div>\n<p><img decoding=\"async\" id=\"WMQ2QNHSQBAXZBISE5SL3ON6I4\" class=\"image-lazy\" src=\"https:\/\/www.infobae.com\/new-resizer\/I9otityGn3aeWV-wRBESawZow-E=\/600x0\/filters:quality(100)\/s3.amazonaws.com\/arc-wordpress-client-uploads\/infobae-wp\/wp-content\/uploads\/2018\/07\/06174653\/Saman-Kunan-12.jpg\" alt=\"Saman Kunan\" width=\"750\" height=\"421.875\" \/><\/div>\n<p><span class=\"credit\">Saman Kunan<\/span><\/p>\n<div class=\"single-image\">\n<div class=\"shares\">\n<div class=\"share-button facebook\"><\/div>\n<\/div>\n<p><img decoding=\"async\" id=\"JF2QSJCMWFDKPH5AASLIMPHW24\" class=\"image-lazy\" src=\"https:\/\/www.infobae.com\/new-resizer\/nbdf0WE6WKm-SggwLaP3k80VpHM=\/600x0\/filters:quality(100)\/s3.amazonaws.com\/arc-wordpress-client-uploads\/infobae-wp\/wp-content\/uploads\/2018\/07\/06174709\/Saman-Kunan1.jpg\" alt=\"Saman Kunan se dedic\u00f3 a correr y andar en bicicleta despu\u00e9s de retirarse de la Marina\" width=\"750\" height=\"1126.171875\" \/><\/div>\n<p><span class=\"credit\">Saman Kunan se dedic\u00f3 a correr y andar en bicicleta despu\u00e9s de retirarse de la Marina.<\/span><\/p>\n<div class=\"single-image\">\n<div class=\"shares\">\n<div class=\"share-button facebook\"><\/div>\n<\/div>\n<p><img decoding=\"async\" id=\"3RFV7V74AVFMRLDVJUNTT23QV4\" class=\"image-lazy\" src=\"https:\/\/www.infobae.com\/new-resizer\/N3Br3EJRTo2BBETCSEecTDpuJi0=\/600x0\/filters:quality(100)\/s3.amazonaws.com\/arc-wordpress-client-uploads\/infobae-wp\/wp-content\/uploads\/2018\/07\/06174647\/Saman-Kunan-11.jpg\" alt=\"Saman Kunan\" width=\"750\" height=\"871.8750000000001\" \/><\/div>\n<p><span class=\"credit\">Saman Kunan.<\/span><\/p>\n<div class=\"row\">\n<figure class=\"element element-image col-xs-12\">\n<div class=\"single-image\"><img decoding=\"async\" id=\"JZGMSIQ4PJEZLDBIARMDBQUAEM\" class=\"image-lazy\" src=\"https:\/\/www.infobae.com\/new-resizer\/6NgBlbl-2u0Jlwdn1QjbA_i9NgE=\/600x0\/filters:quality(100)\/s3.amazonaws.com\/arc-wordpress-client-uploads\/infobae-wp\/wp-content\/uploads\/2018\/07\/06174438\/Saman-Kunan-1.jpg\" alt=\"Las Fuerzas Armadas tailandesas participaron de los ritos f\u00fanebres (AFP)\" width=\"750\" height=\"421.875\" \/><\/div><figcaption class=\"\"><span class=\"credit\">Las Fuerzas Armadas tailandesas participaron de los ritos f\u00fanebres (AFP)<\/span><\/figcaption><\/figure>\n<\/div>\n<div class=\"row\">\n<figure class=\"element element-image col-xs-12\">\n<div class=\"single-image\">\n<div class=\"shares\">\n<div class=\"share-button facebook\"><\/div>\n<\/div>\n<p><img decoding=\"async\" id=\"HF67DLGOQBBNRKLBJTG24OGX2I\" class=\"image-lazy\" src=\"https:\/\/www.infobae.com\/new-resizer\/jv5OVu4ciyaX3XCAhXUCWlq54qk=\/600x0\/filters:quality(100)\/s3.amazonaws.com\/arc-wordpress-client-uploads\/infobae-wp\/wp-content\/uploads\/2018\/07\/06174416\/Saman-Kunan-6.jpg\" alt=\"Despedida de los restos de Saman Kunan (AFP)\" width=\"750\" height=\"421.875\" \/><\/div><figcaption class=\"\"><span class=\"credit\">Despedida de los restos de Saman Kunan (AFP)<\/span><\/figcaption><\/figure>\n<\/div>\n<div class=\"row\">\n<figure class=\"element element-image col-xs-12\">\n<div class=\"single-image\">\n<div class=\"shares\">\n<div class=\"share-button facebook\"><\/div>\n<\/div>\n<p><img decoding=\"async\" id=\"O46VAZ475RACPD2IQODKQVS3AA\" class=\"image-lazy\" src=\"https:\/\/www.infobae.com\/new-resizer\/SBVcWvSZ5ftzqnxnnesQujAQRR4=\/600x0\/filters:quality(100)\/s3.amazonaws.com\/arc-wordpress-client-uploads\/infobae-wp\/wp-content\/uploads\/2018\/07\/06174421\/Saman-Kunan-3.jpg\" alt=\"Despedida de los restos de Saman Kunan (AFP)\" width=\"750\" height=\"421.875\" \/><\/div><figcaption class=\"\"><span class=\"credit\">Despedida de los restos de Saman Kunan (AFP)<\/span><\/figcaption><\/figure>\n<\/div>\n<div class=\"row\">\n<figure class=\"element element-image col-xs-12\">\n<div class=\"single-image\">\n<div class=\"shares\">\n<div class=\"share-button facebook\"><\/div>\n<\/div>\n<p><img decoding=\"async\" id=\"FS745UEWJBFPZC4ZN7EA5XHUJA\" class=\"image-lazy\" src=\"https:\/\/www.infobae.com\/new-resizer\/E9e62IpFojwcUlq0utAW8ej7Rl4=\/600x0\/filters:quality(100)\/s3.amazonaws.com\/arc-wordpress-client-uploads\/infobae-wp\/wp-content\/uploads\/2018\/07\/06174432\/Saman-Kunan-5.jpg\" alt=\"(AFP)\" width=\"750\" height=\"421.875\" \/><\/div>\n<div>(AFP)<\/div>\n<div>Fuente: infobae.com<\/div>\n<\/figure>\n<\/div>\n<\/div>\n<\/div>\n<\/div>\n<\/div>\n<\/div>\n<\/div>\n<\/div>\n<\/div>\n<div class=\"gsp_post_data\" \r\n\t            data-post_type=\"post\" \r\n\t            data-cat=\"general,noticias-internacionales\" \r\n\t            data-modified=\"120\"\r\n\t            data-created=\"1530897861\"\r\n\t            data-title=\"Rescatista tailand\u00e9s muri\u00f3 en la cueva donde permanecen los ni\u00f1os atrapados\" \r\n\t            data-home=\"https:\/\/www.evafm.net\/sitio\"><\/div>","protected":false},"excerpt":{"rendered":"<p>Un ex miembro de la Marina tailandesa\u00a0muri\u00f3 el viernes por la ma\u00f1ana cuando trabajaba en las tareas de rescate de los 12 ni\u00f1os y su entrenador, encerrados desde\u00a0el pasado 23 de junio en una cueva. Se trata del ex sargento\u00a0Saman Kunan, quien trabajaba como voluntario junto al resto de los\u00a0rescatistas, y muri\u00f3 entre la 1&#8230;<\/p>\n","protected":false},"author":5,"featured_media":35765,"comment_status":"closed","ping_status":"open","sticky":false,"template":"","format":"standard","meta":{"_joinchat":[],"footnotes":""},"categories":[1720,1345],"tags":[],"class_list":["post-35764","post","type-post","status-publish","format-standard","has-post-thumbnail","hentry","category-general","category-noticias-internacionales","have-post-thumb"],"_links":{"self":[{"href":"https:\/\/www.evafm.net\/sitio\/wp-json\/wp\/v2\/posts\/35764","targetHints":{"allow":["GET"]}}],"collection":[{"href":"https:\/\/www.evafm.net\/sitio\/wp-json\/wp\/v2\/posts"}],"about":[{"href":"https:\/\/www.evafm.net\/sitio\/wp-json\/wp\/v2\/types\/post"}],"author":[{"embeddable":true,"href":"https:\/\/www.evafm.net\/sitio\/wp-json\/wp\/v2\/users\/5"}],"replies":[{"embeddable":true,"href":"https:\/\/www.evafm.net\/sitio\/wp-json\/wp\/v2\/comments?post=35764"}],"version-history":[{"count":1,"href":"https:\/\/www.evafm.net\/sitio\/wp-json\/wp\/v2\/posts\/35764\/revisions"}],"predecessor-version":[{"id":35766,"href":"https:\/\/www.evafm.net\/sitio\/wp-json\/wp\/v2\/posts\/35764\/revisions\/35766"}],"wp:featuredmedia":[{"embeddable":true,"href":"https:\/\/www.evafm.net\/sitio\/wp-json\/wp\/v2\/media\/35765"}],"wp:attachment":[{"href":"https:\/\/www.evafm.net\/sitio\/wp-json\/wp\/v2\/media?parent=35764"}],"wp:term":[{"taxonomy":"category","embeddable":true,"href":"https:\/\/www.evafm.net\/sitio\/wp-json\/wp\/v2\/categories?post=35764"},{"taxonomy":"post_tag","embeddable":true,"href":"https:\/\/www.evafm.net\/sitio\/wp-json\/wp\/v2\/tags?post=35764"}],"curies":[{"name":"wp","href":"https:\/\/api.w.org\/{rel}","templated":true}]}}