{"id":35789,"date":"2018-07-06T18:44:21","date_gmt":"2018-07-06T23:44:21","guid":{"rendered":"http:\/\/www.evafm.net\/sitio\/?p=35789"},"modified":"2018-07-06T18:44:21","modified_gmt":"2018-07-06T23:44:21","slug":"greecy-rendon-presenta-tema-ya-para-que","status":"publish","type":"post","link":"https:\/\/www.evafm.net\/sitio\/greecy-rendon-presenta-tema-ya-para-que\/","title":{"rendered":"Greecy Rend\u00f3n presenta tema Ya Para Qu\u00e9"},"content":{"rendered":"<p>Greeicy Rend\u00f3n lanz\u00f3 en la ma\u00f1ana de este viernes &#8216;Ya para qu\u00e9&#8217;, su nuevo \u00e9xito musical con el que espera &#8216;romper&#8217; todas las plataformas digitales.<\/p>\n<p>La canci\u00f3n, que est\u00e1 disponible en Youtube, ya tiene m\u00e1s de 180 mil visualizaciones y m\u00e1s de 37 mil &#8216;Me Gusta&#8217;.<\/p>\n<p><b>En &#8216;Ya para qu\u00e9&#8217; Greeicy cuenta la historia de una pareja que se da cuenta que es demasiado tarde para volverse amar.<br \/>\n<\/b><br \/>\nCabe recordar que &#8216;M\u00e1s fuerte&#8217; fue el \u00e9xito con el que Greeicy se volvi\u00f3 tendencia en las redes sociales. Ahora espera hacerlo con este nuevo tema.<\/p>\n<p>El video fue grabado en Medell\u00edn bajo la direcci\u00f3n de Lexx Hern\u00e1ndez y la producci\u00f3n de Visual 1.<\/p>\n<p>En este se puede apreciar a una Greeicy muy sensual y rom\u00e1ntica, con una conexi\u00f3n de ella con el piano, diferente a lo que la artista est\u00e1 acostumbrada a mostrar.<\/p>\n<p>Ella junto a Mike Bah\u00eda , Wolfine , Nacho entre otros artistas dar\u00e1n un concierto el d\u00eda de hoy en la ciudad de Guayaquil &#8211; Ecuador<\/p>\n<p>En La Concha Ac\u00fastica de Parque Samanes, en la avenida Francisco de Orellana.<\/p>\n<p>desde las 19:00,<\/p>\n<p><iframe title=\"Greeicy - Ya Para Qu\u00e9\" width=\"1200\" height=\"675\" src=\"https:\/\/www.youtube.com\/embed\/qyR3I2Nk59A?feature=oembed\" frameborder=\"0\" allow=\"accelerometer; autoplay; clipboard-write; encrypted-media; gyroscope; picture-in-picture; web-share\" referrerpolicy=\"strict-origin-when-cross-origin\" allowfullscreen><\/iframe><\/p>\n<p>Fuente: elpais.com.co<\/p>\n<div class=\"gsp_post_data\" \r\n\t            data-post_type=\"post\" \r\n\t            data-cat=\"general,musica-internacional\" \r\n\t            data-modified=\"120\"\r\n\t            data-created=\"1530902661\"\r\n\t            data-title=\"Greecy Rend\u00f3n presenta tema Ya Para Qu\u00e9\" \r\n\t            data-home=\"https:\/\/www.evafm.net\/sitio\"><\/div>","protected":false},"excerpt":{"rendered":"<p>Greeicy Rend\u00f3n lanz\u00f3 en la ma\u00f1ana de este viernes &#8216;Ya para qu\u00e9&#8217;, su nuevo \u00e9xito musical con el que espera &#8216;romper&#8217; todas las plataformas digitales. La canci\u00f3n, que est\u00e1 disponible en Youtube, ya tiene m\u00e1s de 180 mil visualizaciones y m\u00e1s de 37 mil &#8216;Me Gusta&#8217;. En &#8216;Ya para qu\u00e9&#8217; Greeicy cuenta la historia de&#8230;<\/p>\n","protected":false},"author":5,"featured_media":35791,"comment_status":"closed","ping_status":"open","sticky":false,"template":"","format":"standard","meta":{"_joinchat":[],"footnotes":""},"categories":[1720,2],"tags":[],"class_list":["post-35789","post","type-post","status-publish","format-standard","has-post-thumbnail","hentry","category-general","category-musica-internacional","have-post-thumb"],"_links":{"self":[{"href":"https:\/\/www.evafm.net\/sitio\/wp-json\/wp\/v2\/posts\/35789","targetHints":{"allow":["GET"]}}],"collection":[{"href":"https:\/\/www.evafm.net\/sitio\/wp-json\/wp\/v2\/posts"}],"about":[{"href":"https:\/\/www.evafm.net\/sitio\/wp-json\/wp\/v2\/types\/post"}],"author":[{"embeddable":true,"href":"https:\/\/www.evafm.net\/sitio\/wp-json\/wp\/v2\/users\/5"}],"replies":[{"embeddable":true,"href":"https:\/\/www.evafm.net\/sitio\/wp-json\/wp\/v2\/comments?post=35789"}],"version-history":[{"count":1,"href":"https:\/\/www.evafm.net\/sitio\/wp-json\/wp\/v2\/posts\/35789\/revisions"}],"predecessor-version":[{"id":35792,"href":"https:\/\/www.evafm.net\/sitio\/wp-json\/wp\/v2\/posts\/35789\/revisions\/35792"}],"wp:featuredmedia":[{"embeddable":true,"href":"https:\/\/www.evafm.net\/sitio\/wp-json\/wp\/v2\/media\/35791"}],"wp:attachment":[{"href":"https:\/\/www.evafm.net\/sitio\/wp-json\/wp\/v2\/media?parent=35789"}],"wp:term":[{"taxonomy":"category","embeddable":true,"href":"https:\/\/www.evafm.net\/sitio\/wp-json\/wp\/v2\/categories?post=35789"},{"taxonomy":"post_tag","embeddable":true,"href":"https:\/\/www.evafm.net\/sitio\/wp-json\/wp\/v2\/tags?post=35789"}],"curies":[{"name":"wp","href":"https:\/\/api.w.org\/{rel}","templated":true}]}}