{"id":35802,"date":"2018-07-07T11:35:37","date_gmt":"2018-07-07T16:35:37","guid":{"rendered":"http:\/\/www.evafm.net\/sitio\/?p=35802"},"modified":"2018-07-07T11:35:37","modified_gmt":"2018-07-07T16:35:37","slug":"rafael-correa-y-fernando-balda-se-mueven-en-el-exterior-para-contar-su-verdad","status":"publish","type":"post","link":"https:\/\/www.evafm.net\/sitio\/rafael-correa-y-fernando-balda-se-mueven-en-el-exterior-para-contar-su-verdad\/","title":{"rendered":"Rafael Correa y Fernando Balda se mueven en el exterior para contar su \u2018verdad\u2019"},"content":{"rendered":"<p>La batalla por posicionar en la opini\u00f3n p\u00fablica las diferentes posturas en torno al caso Balda, en el que est\u00e1 procesado el expresidente Rafael Correa, rebasaron los l\u00edmites nacionales.<\/p>\n<p>Desde B\u00e9lgica, Correa, sobre quien pesa una orden de prisi\u00f3n preventiva por su presunta participaci\u00f3n en el secuestro del activista pol\u00edtico Fernando Balda, lidera personalmente la campa\u00f1a a su favor para hacer conocer a nivel internacional su supuesta inocencia.<\/p>\n<p>Desde que fue vinculado al proceso, el pasado 18 de junio, Correa ha tomado contacto a trav\u00e9s de internet con varios medios de comunicaci\u00f3n y portales digitales para contar su verdad e insistir en una presunta persecuci\u00f3n pol\u00edtica.<\/p>\n<p>El exmandatario tambi\u00e9n ha visitado medios de comunicaci\u00f3n internacionales como\u00a0<em>TeleSur<\/em>,\u00a0<em>Rusia Today<\/em>,\u00a0<em>CNN en Espa\u00f1ol<\/em>, entre otros, durante sus viajes a pa\u00edses de Europa, principalmenre, y de Am\u00e9rica Latina, para responsabilizar al gobierno de Len\u00edn Moreno de la \u201cjudicializaci\u00f3n de la pol\u00edtica\u201d.<\/p>\n<p>Correa tambi\u00e9n ha recibido el respaldo de varios l\u00edderes o personajes p\u00fablicos del extranjero, incluso de organizaciones pol\u00edticas de otros pa\u00edses.<\/p>\n<p>Aunque el presidente Len\u00edn Moreno ha dejado claro que no le interesa interferir en la justicia, d\u00edas atr\u00e1s protest\u00f3 ante la postura de los presidentes de Bolivia y Venezuela, Evo Morales y Nicol\u00e1s Maduro, en su orden, quienes acusaron a su gobierno de \u201cperseguir judicialmente\u201d a Correa; y llam\u00f3 a sus embajadores a consulta para que expliquen las posturas de sus presidentes.<\/p>\n<p>El caso Balda tambi\u00e9n se libra ante delegaciones diplom\u00e1ticas. Aunque no ha confirmado un acercamiento y menos un pedido de asilo pol\u00edtico, Correa dijo estar seguro de que no prosperar\u00e1 en B\u00e9lgica, donde reside, la orden de prisi\u00f3n internacional en su contra, con fines de extradici\u00f3n. \u201c&#8230;Buscar\u00e1n humillarnos y hacernos pasar un mal rato, pero una monstruosidad as\u00ed jam\u00e1s prosperar\u00e1 en un Estado de Derecho como B\u00e9lgica\u201d, tuite\u00f3 el expresidente.<\/p>\n<p>En tanto, Virgilio Hern\u00e1ndez, exfuncionario de Correa, dijo que lo defender\u00e1n \u201cen todos los planos, en los tribunales&#8230; en las calles, en las plazas, en la opini\u00f3n p\u00fablica&#8230;\u201d, y en las redes sociales.<\/p>\n<p>\u201cM\u00e1s all\u00e1 de un posicionamiento de apoyo, nos interesa que la gente conozca las causas por las que se est\u00e1 buscando inculpar a Correa y de esa manera pueda tener mayor conciencia de que lo que estamos viviendo es una persecuci\u00f3n pol\u00edtica\u201d, sostuvo Hern\u00e1ndez.<\/p>\n<p>En d\u00edas pasados, Balda anunci\u00f3 que viajar\u00e1 a Europa para aclarar a las autoridades de B\u00e9lgica y Espa\u00f1a que Correa no es un perseguido pol\u00edtico, \u201csino un delincuente que cometi\u00f3 el delito de secuestro&#8230;\u201d.<\/p>\n<p>El activista indic\u00f3 que llevar\u00e1 los antecedentes del expediente que vincular\u00edan a Correa y al exsecretario de inteligencia Pablo Romero, quien vive en Espa\u00f1a. \u201cSi esos pa\u00edses deciden otorgar asilo a quienes han cometido graves cr\u00edmenes de Estado, pues eso ya es cosa de cada una de esas naciones\u201d. (I)<\/p>\n<p><img decoding=\"async\" src=\"https:\/\/www.eluniverso.com\/sites\/default\/files\/styles\/powgallery_800\/public\/fotos\/2018\/07\/13569305.jpg?itok=t5FWjAeA\" alt=\"Correa y Balda se mueven en el exterior para contar su \u00e2\u0080\u0098verdad\u00e2\u0080\u0099\" \/><\/p>\n<p><img decoding=\"async\" src=\"https:\/\/www.eluniverso.com\/sites\/default\/files\/styles\/powgallery_800\/public\/fotos\/2018\/07\/data25034999.jpg?itok=5mPWf17i\" alt=\"Correa y Balda se mueven en el exterior para contar su \u00e2\u0080\u0098verdad\u00e2\u0080\u0099\" \/><\/p>\n<p>Fuente: eluniverso.com<\/p>\n<div class=\"gsp_post_data\" \r\n\t            data-post_type=\"post\" \r\n\t            data-cat=\"general,noticias-ecuador\" \r\n\t            data-modified=\"120\"\r\n\t            data-created=\"1530963337\"\r\n\t            data-title=\"Rafael Correa y Fernando Balda se mueven en el exterior para contar su \u2018verdad\u2019\" \r\n\t            data-home=\"https:\/\/www.evafm.net\/sitio\"><\/div>","protected":false},"excerpt":{"rendered":"<p>La batalla por posicionar en la opini\u00f3n p\u00fablica las diferentes posturas en torno al caso Balda, en el que est\u00e1 procesado el expresidente Rafael Correa, rebasaron los l\u00edmites nacionales. Desde B\u00e9lgica, Correa, sobre quien pesa una orden de prisi\u00f3n preventiva por su presunta participaci\u00f3n en el secuestro del activista pol\u00edtico Fernando Balda, lidera personalmente la&#8230;<\/p>\n","protected":false},"author":5,"featured_media":35803,"comment_status":"closed","ping_status":"open","sticky":false,"template":"","format":"standard","meta":{"_joinchat":[],"footnotes":""},"categories":[1720,1558],"tags":[],"class_list":["post-35802","post","type-post","status-publish","format-standard","has-post-thumbnail","hentry","category-general","category-noticias-ecuador","have-post-thumb"],"_links":{"self":[{"href":"https:\/\/www.evafm.net\/sitio\/wp-json\/wp\/v2\/posts\/35802","targetHints":{"allow":["GET"]}}],"collection":[{"href":"https:\/\/www.evafm.net\/sitio\/wp-json\/wp\/v2\/posts"}],"about":[{"href":"https:\/\/www.evafm.net\/sitio\/wp-json\/wp\/v2\/types\/post"}],"author":[{"embeddable":true,"href":"https:\/\/www.evafm.net\/sitio\/wp-json\/wp\/v2\/users\/5"}],"replies":[{"embeddable":true,"href":"https:\/\/www.evafm.net\/sitio\/wp-json\/wp\/v2\/comments?post=35802"}],"version-history":[{"count":1,"href":"https:\/\/www.evafm.net\/sitio\/wp-json\/wp\/v2\/posts\/35802\/revisions"}],"predecessor-version":[{"id":35804,"href":"https:\/\/www.evafm.net\/sitio\/wp-json\/wp\/v2\/posts\/35802\/revisions\/35804"}],"wp:featuredmedia":[{"embeddable":true,"href":"https:\/\/www.evafm.net\/sitio\/wp-json\/wp\/v2\/media\/35803"}],"wp:attachment":[{"href":"https:\/\/www.evafm.net\/sitio\/wp-json\/wp\/v2\/media?parent=35802"}],"wp:term":[{"taxonomy":"category","embeddable":true,"href":"https:\/\/www.evafm.net\/sitio\/wp-json\/wp\/v2\/categories?post=35802"},{"taxonomy":"post_tag","embeddable":true,"href":"https:\/\/www.evafm.net\/sitio\/wp-json\/wp\/v2\/tags?post=35802"}],"curies":[{"name":"wp","href":"https:\/\/api.w.org\/{rel}","templated":true}]}}