{"id":35946,"date":"2018-07-10T16:53:37","date_gmt":"2018-07-10T21:53:37","guid":{"rendered":"http:\/\/www.evafm.net\/sitio\/?p=35946"},"modified":"2018-07-10T16:53:37","modified_gmt":"2018-07-10T21:53:37","slug":"hernan-barcos-confirma-que-deja-liga-de-quito","status":"publish","type":"post","link":"https:\/\/www.evafm.net\/sitio\/hernan-barcos-confirma-que-deja-liga-de-quito\/","title":{"rendered":"Hern\u00e1n Barcos confirma que deja Liga de Quito"},"content":{"rendered":"<div class=\"location-event\">Quito &#8211;<\/div>\n<p>Uno de las piezas fundamentales para que Liga de Quito conquistara la primera fase del campeonato nacional dejar\u00e1 el club.<\/p>\n<p>Se trata del delantero argentino Hern\u00e1n Barcos que rescindi\u00f3, este martes, su contrato con los universitarios.<\/p>\n<p>Rodrigo Paz, presidente vitalicio del conjunto quite\u00f1o confirm\u00f3 la salida del apodado\u00a0<em>Pirata<\/em>, con el que se lleg\u00f3 a un acuerdo para rescindir su contrato.<\/p>\n<p>\u201cNo es una agradable noticia, pero, el problema que hay es que \u00e9l (Barcos) ten\u00eda ese acuerdo de salir al finalizar la primera etapa del campeonato.<\/p>\n<p>Nosotros no pusimos alg\u00fan impedimento y al pedido de \u00e9l (el futbolista) y sus empresarios hemos aceptado y arreglado convenientemente en el tema econ\u00f3mico\u201d, manifest\u00f3 Paz, en conversaci\u00f3n con radio<em>\u00a0La Red<\/em>.<\/p>\n<p>El directivo indic\u00f3 que la relaci\u00f3n con el jugador qued\u00f3 en buenos t\u00e9rminos y no especific\u00f3 cual ser\u00e1 el destino del\u00a0<em>Pirata<\/em>, que anot\u00f3 9 goles con los universitarios.<\/p>\n<p>Barcos confirm\u00f3 su salida en un mensaje en sus redes sociales de Twitter e Instagram.<\/p>\n<p>\u201cHoy es un d\u00eda dif\u00edcil para m\u00ed, por todo lo que vivimos en este semestre.<\/p>\n<p>Me despido de Liga otra vez.<\/p>\n<p>Lo hago por el bien del club\u201d, fueron parte de las palabras del\u00a0<em>Pirata<\/em>.\u00a0<strong>(D)<\/strong><\/p>\n<p>https:\/\/youtu.be\/-_fyju5s-H4<\/p>\n<p>Fuente: eluniverso.com<\/p>\n<div class=\"gsp_post_data\" \r\n\t            data-post_type=\"post\" \r\n\t            data-cat=\"deportes-ecuador\" \r\n\t            data-modified=\"120\"\r\n\t            data-created=\"1531241617\"\r\n\t            data-title=\"Hern\u00e1n Barcos confirma que deja Liga de Quito\" \r\n\t            data-home=\"https:\/\/www.evafm.net\/sitio\"><\/div>","protected":false},"excerpt":{"rendered":"<p>Quito &#8211; Uno de las piezas fundamentales para que Liga de Quito conquistara la primera fase del campeonato nacional dejar\u00e1 el club. Se trata del delantero argentino Hern\u00e1n Barcos que rescindi\u00f3, este martes, su contrato con los universitarios. Rodrigo Paz, presidente vitalicio del conjunto quite\u00f1o confirm\u00f3 la salida del apodado\u00a0Pirata, con el que se lleg\u00f3&#8230;<\/p>\n","protected":false},"author":5,"featured_media":35948,"comment_status":"closed","ping_status":"open","sticky":false,"template":"","format":"standard","meta":{"_joinchat":[],"footnotes":""},"categories":[1557],"tags":[],"class_list":["post-35946","post","type-post","status-publish","format-standard","has-post-thumbnail","hentry","category-deportes-ecuador","have-post-thumb"],"_links":{"self":[{"href":"https:\/\/www.evafm.net\/sitio\/wp-json\/wp\/v2\/posts\/35946","targetHints":{"allow":["GET"]}}],"collection":[{"href":"https:\/\/www.evafm.net\/sitio\/wp-json\/wp\/v2\/posts"}],"about":[{"href":"https:\/\/www.evafm.net\/sitio\/wp-json\/wp\/v2\/types\/post"}],"author":[{"embeddable":true,"href":"https:\/\/www.evafm.net\/sitio\/wp-json\/wp\/v2\/users\/5"}],"replies":[{"embeddable":true,"href":"https:\/\/www.evafm.net\/sitio\/wp-json\/wp\/v2\/comments?post=35946"}],"version-history":[{"count":1,"href":"https:\/\/www.evafm.net\/sitio\/wp-json\/wp\/v2\/posts\/35946\/revisions"}],"predecessor-version":[{"id":35949,"href":"https:\/\/www.evafm.net\/sitio\/wp-json\/wp\/v2\/posts\/35946\/revisions\/35949"}],"wp:featuredmedia":[{"embeddable":true,"href":"https:\/\/www.evafm.net\/sitio\/wp-json\/wp\/v2\/media\/35948"}],"wp:attachment":[{"href":"https:\/\/www.evafm.net\/sitio\/wp-json\/wp\/v2\/media?parent=35946"}],"wp:term":[{"taxonomy":"category","embeddable":true,"href":"https:\/\/www.evafm.net\/sitio\/wp-json\/wp\/v2\/categories?post=35946"},{"taxonomy":"post_tag","embeddable":true,"href":"https:\/\/www.evafm.net\/sitio\/wp-json\/wp\/v2\/tags?post=35946"}],"curies":[{"name":"wp","href":"https:\/\/api.w.org\/{rel}","templated":true}]}}