{"id":35954,"date":"2018-07-10T17:18:10","date_gmt":"2018-07-10T22:18:10","guid":{"rendered":"http:\/\/www.evafm.net\/sitio\/?p=35954"},"modified":"2018-07-10T17:18:10","modified_gmt":"2018-07-10T22:18:10","slug":"padres-dan-versiones-en-caso-de-ninos-torturados-en-colegio-replica-aguirre-abad","status":"publish","type":"post","link":"https:\/\/www.evafm.net\/sitio\/padres-dan-versiones-en-caso-de-ninos-torturados-en-colegio-replica-aguirre-abad\/","title":{"rendered":"Padres dan versiones en caso de ni\u00f1os torturados en colegio r\u00e9plica Aguirre Abad"},"content":{"rendered":"<p>Padres de ni\u00f1os que supuestamente fueron torturados en el interior del colegio r\u00e9plica Aguirre Abad, en el norte de\u00a0Guayaquil, rindieron este martes su versi\u00f3n en la audiencia de juicio que se desarrolla en contra de dos profesores de esta instituci\u00f3n fiscal.<\/p>\n<p>Seg\u00fan\u00a0Hern\u00e1n Ulloa, abogado de las familias de cuatro escolares, los progenitores remarcaron los testimonios de hijos respecto a que los dos procesados incurrieron en encerrarlos en el ba\u00f1o, amenazarlos, golpearlos en la nuca, obligarlos a beber sustancias a\u00fan no determinadas e incluso hacerlos participar de actos obscenos.<\/p>\n<p>La audiencia se cumpli\u00f3 en una sala del Consejo de la Judicatura ubicada en el centro comercial Alb\u00e1n Borja (norte) y tuvo un receso a las 10:30.<\/p>\n<p>All\u00ed Ulloa se\u00f1al\u00f3 que junto a la\u00a0Fiscal\u00eda\u00a0pedir\u00e1 el m\u00e1ximo de 40 a\u00f1os de prisi\u00f3n para cada procesado, considerando que son cuatro v\u00edctimas por las que los acusados deber\u00edan pagar 13 a\u00f1os de privaci\u00f3n de libertad por cada una.<\/p>\n<p>A los dos docentes se los procesa por tortura, pero por los testimonios de agresi\u00f3n sexual ser\u00edan tambi\u00e9n acusados de violaci\u00f3n.<\/p>\n<p>De este \u00faltimo delito son se\u00f1alados otros dos profesores del r\u00e9plica Aguirre Abad, asimismo enjuiciados y que podr\u00edan recibir un m\u00e1ximo de 40 a\u00f1os de c\u00e1rcel.<\/p>\n<p>La defensa de los escolares pedir\u00e1 una reparaci\u00f3n al Estado.\u00a0<strong>(I)<\/strong><\/p>\n<p>Fuente: eluniverso.com<\/p>\n<div class=\"gsp_post_data\" \r\n\t            data-post_type=\"post\" \r\n\t            data-cat=\"noticias-ecuador\" \r\n\t            data-modified=\"120\"\r\n\t            data-created=\"1531243090\"\r\n\t            data-title=\"Padres dan versiones en caso de ni\u00f1os torturados en colegio r\u00e9plica Aguirre Abad\" \r\n\t            data-home=\"https:\/\/www.evafm.net\/sitio\"><\/div>","protected":false},"excerpt":{"rendered":"<p>Padres de ni\u00f1os que supuestamente fueron torturados en el interior del colegio r\u00e9plica Aguirre Abad, en el norte de\u00a0Guayaquil, rindieron este martes su versi\u00f3n en la audiencia de juicio que se desarrolla en contra de dos profesores de esta instituci\u00f3n fiscal. Seg\u00fan\u00a0Hern\u00e1n Ulloa, abogado de las familias de cuatro escolares, los progenitores remarcaron los testimonios&#8230;<\/p>\n","protected":false},"author":5,"featured_media":35955,"comment_status":"closed","ping_status":"open","sticky":false,"template":"","format":"standard","meta":{"_joinchat":[],"footnotes":""},"categories":[1558],"tags":[],"class_list":["post-35954","post","type-post","status-publish","format-standard","has-post-thumbnail","hentry","category-noticias-ecuador","have-post-thumb"],"_links":{"self":[{"href":"https:\/\/www.evafm.net\/sitio\/wp-json\/wp\/v2\/posts\/35954","targetHints":{"allow":["GET"]}}],"collection":[{"href":"https:\/\/www.evafm.net\/sitio\/wp-json\/wp\/v2\/posts"}],"about":[{"href":"https:\/\/www.evafm.net\/sitio\/wp-json\/wp\/v2\/types\/post"}],"author":[{"embeddable":true,"href":"https:\/\/www.evafm.net\/sitio\/wp-json\/wp\/v2\/users\/5"}],"replies":[{"embeddable":true,"href":"https:\/\/www.evafm.net\/sitio\/wp-json\/wp\/v2\/comments?post=35954"}],"version-history":[{"count":1,"href":"https:\/\/www.evafm.net\/sitio\/wp-json\/wp\/v2\/posts\/35954\/revisions"}],"predecessor-version":[{"id":35956,"href":"https:\/\/www.evafm.net\/sitio\/wp-json\/wp\/v2\/posts\/35954\/revisions\/35956"}],"wp:featuredmedia":[{"embeddable":true,"href":"https:\/\/www.evafm.net\/sitio\/wp-json\/wp\/v2\/media\/35955"}],"wp:attachment":[{"href":"https:\/\/www.evafm.net\/sitio\/wp-json\/wp\/v2\/media?parent=35954"}],"wp:term":[{"taxonomy":"category","embeddable":true,"href":"https:\/\/www.evafm.net\/sitio\/wp-json\/wp\/v2\/categories?post=35954"},{"taxonomy":"post_tag","embeddable":true,"href":"https:\/\/www.evafm.net\/sitio\/wp-json\/wp\/v2\/tags?post=35954"}],"curies":[{"name":"wp","href":"https:\/\/api.w.org\/{rel}","templated":true}]}}