{"id":36007,"date":"2018-07-11T19:31:03","date_gmt":"2018-07-12T00:31:03","guid":{"rendered":"http:\/\/www.evafm.net\/sitio\/?p=36007"},"modified":"2018-07-11T19:31:03","modified_gmt":"2018-07-12T00:31:03","slug":"comunidades-indigenas-afectadas-por-la-petrolera-chevron-esperan-pago-de-indemnizacion","status":"publish","type":"post","link":"https:\/\/www.evafm.net\/sitio\/comunidades-indigenas-afectadas-por-la-petrolera-chevron-esperan-pago-de-indemnizacion\/","title":{"rendered":"Comunidades ind\u00edgenas afectadas por la petrolera Chevron esperan pago de indemnizaci\u00f3n"},"content":{"rendered":"<p>Ermel Ch\u00e1vez, del Frente de Defensa de la Amazon\u00eda, se mostr\u00f3 agradecido por el fallo de la\u00a0Corte Constitucional de Ecuador, que ayer rechaz\u00f3 la acci\u00f3n de protecci\u00f3n\u00a0interpuesta por la\u00a0petrolera\u00a0 transnacional Chevron.<\/p>\n<p>Las sentencias de primera y segunda instancia emitidas por la Corte Provincial de Justicia de Sucumb\u00edos y por la Corte Nacional de Justicia hab\u00edan condenado a Chevron al pago de una indemnizaci\u00f3n de 9.500 millones de d\u00f3lares por da\u00f1os ambientales a las comunidades demandantes.<\/p>\n<p>\u00abHace 24 a\u00f1os hemos querido reparar esta zona y ahora, con esta sentencia, s\u00ed la vamos a cobrar a esta compa\u00f1\u00eda, y tiene que pagar hasta el \u00faltimo centavo que nos est\u00e1 debiendo, hasta el \u00faltimo centavo para poder reparar y remediar esta zona\u00bb, dijo este mi\u00e9rcoles Ch\u00e1vez.<\/p>\n<p>Por su parte,\u00a0Pablo Fajardo, abogado de las comunidades afectadas por Chevron-Texaco, dijo esta ma\u00f1ana en Radio City (89.3 FM de Guayaquil) que en Ecuador ya no queda ning\u00fan recurso m\u00e1s para apelar la sentencia, pues se ha ganado en las cuatro instancias judiciales: dos en la Corte de Sucumb\u00edos, una en la Corte Nacional de Justicia, y ahora en la Corte Constitucional.<\/p>\n<p>No obstante, debido a que la petrolera no tiene activos en Ecuador la sentencia no puede ejecutarse en el pa\u00eds; por lo tanto, las comunidades afectadas est\u00e1n obligadas a recurrir a las cortes extranjeras de pa\u00edses en los cuales Chevron tenga activos para obligar al pago a la compa\u00f1\u00eda. En este sentido se espera el fallo en la corte canadiense.<\/p>\n<p>Adem\u00e1s, Fajardo lament\u00f3 que las afectaciones en la salud han provocado m\u00faltiples casos de c\u00e1ncer entre las mujeres de esas comunidades. (I)<\/p>\n<blockquote class=\"twitter-tweet\" data-width=\"550\" data-dnt=\"true\">\n<p lang=\"es\" dir=\"ltr\">Ermel Ch\u00e1vez del Frente de Defensa de la Amazonia resalta el fallo de la <a href=\"https:\/\/twitter.com\/CorteConstEcu?ref_src=twsrc%5Etfw\">@CorteConstEcu<\/a> que ratific\u00f3 la sentencia contra Chevron por da\u00f1os ambientales que orden\u00f3 el pago de $9.500 millones para su reparaci\u00f3n. <a href=\"https:\/\/twitter.com\/eluniversocom?ref_src=twsrc%5Etfw\">@eluniversocom<\/a> <a href=\"https:\/\/t.co\/On7GHtNNIR\">pic.twitter.com\/On7GHtNNIR<\/a><\/p>\n<p>&mdash; Vicente Ord\u00f3\u00f1ez P. (@vicenteopi) <a href=\"https:\/\/twitter.com\/vicenteopi\/status\/1017082301396803585?ref_src=twsrc%5Etfw\">July 11, 2018<\/a><\/p><\/blockquote>\n<p><script async src=\"https:\/\/platform.twitter.com\/widgets.js\" charset=\"utf-8\"><\/script><\/p>\n<p>Fuente: eluniverso.com<\/p>\n<div class=\"gsp_post_data\" \r\n\t            data-post_type=\"post\" \r\n\t            data-cat=\"noticias-ecuador\" \r\n\t            data-modified=\"120\"\r\n\t            data-created=\"1531337463\"\r\n\t            data-title=\"Comunidades ind\u00edgenas afectadas por la petrolera Chevron esperan pago de indemnizaci\u00f3n\" \r\n\t            data-home=\"https:\/\/www.evafm.net\/sitio\"><\/div>","protected":false},"excerpt":{"rendered":"<p>Ermel Ch\u00e1vez, del Frente de Defensa de la Amazon\u00eda, se mostr\u00f3 agradecido por el fallo de la\u00a0Corte Constitucional de Ecuador, que ayer rechaz\u00f3 la acci\u00f3n de protecci\u00f3n\u00a0interpuesta por la\u00a0petrolera\u00a0 transnacional Chevron. Las sentencias de primera y segunda instancia emitidas por la Corte Provincial de Justicia de Sucumb\u00edos y por la Corte Nacional de Justicia hab\u00edan&#8230;<\/p>\n","protected":false},"author":5,"featured_media":36008,"comment_status":"closed","ping_status":"open","sticky":false,"template":"","format":"standard","meta":{"_joinchat":[],"footnotes":""},"categories":[1558],"tags":[],"class_list":["post-36007","post","type-post","status-publish","format-standard","has-post-thumbnail","hentry","category-noticias-ecuador","have-post-thumb"],"_links":{"self":[{"href":"https:\/\/www.evafm.net\/sitio\/wp-json\/wp\/v2\/posts\/36007","targetHints":{"allow":["GET"]}}],"collection":[{"href":"https:\/\/www.evafm.net\/sitio\/wp-json\/wp\/v2\/posts"}],"about":[{"href":"https:\/\/www.evafm.net\/sitio\/wp-json\/wp\/v2\/types\/post"}],"author":[{"embeddable":true,"href":"https:\/\/www.evafm.net\/sitio\/wp-json\/wp\/v2\/users\/5"}],"replies":[{"embeddable":true,"href":"https:\/\/www.evafm.net\/sitio\/wp-json\/wp\/v2\/comments?post=36007"}],"version-history":[{"count":1,"href":"https:\/\/www.evafm.net\/sitio\/wp-json\/wp\/v2\/posts\/36007\/revisions"}],"predecessor-version":[{"id":36010,"href":"https:\/\/www.evafm.net\/sitio\/wp-json\/wp\/v2\/posts\/36007\/revisions\/36010"}],"wp:featuredmedia":[{"embeddable":true,"href":"https:\/\/www.evafm.net\/sitio\/wp-json\/wp\/v2\/media\/36008"}],"wp:attachment":[{"href":"https:\/\/www.evafm.net\/sitio\/wp-json\/wp\/v2\/media?parent=36007"}],"wp:term":[{"taxonomy":"category","embeddable":true,"href":"https:\/\/www.evafm.net\/sitio\/wp-json\/wp\/v2\/categories?post=36007"},{"taxonomy":"post_tag","embeddable":true,"href":"https:\/\/www.evafm.net\/sitio\/wp-json\/wp\/v2\/tags?post=36007"}],"curies":[{"name":"wp","href":"https:\/\/api.w.org\/{rel}","templated":true}]}}