{"id":36050,"date":"2018-07-11T21:07:47","date_gmt":"2018-07-12T02:07:47","guid":{"rendered":"http:\/\/www.evafm.net\/sitio\/?p=36050"},"modified":"2018-07-11T21:07:47","modified_gmt":"2018-07-12T02:07:47","slug":"pepetola-nuevamente-en-tribunales","status":"publish","type":"post","link":"https:\/\/www.evafm.net\/sitio\/pepetola-nuevamente-en-tribunales\/","title":{"rendered":"PepeTola nuevamente en tribunales"},"content":{"rendered":"<p>La nueva audiencia para el caso del actor de Tres familias,<b>\u00a0Jos\u00e9 Luis Tola Sandoval\u00a0<\/b>se fij\u00f3 para el viernes 13 de julio a las 08:10 en la<b>\u00a0Corte Provincial de Justicia del Guayas<\/b>, ubicada en la Av. 9 de octubre y Quito.<\/p>\n<p>El objetivo de esta diligencia, es resolver el recurso de\u00a0<b>apelaci\u00f3n<\/b>\u00a0interpuesto por parte de la Fiscal\u00eda, la presunta\u00a0<b>v\u00edctima<\/b>\u00a0y del procesado por la sentencia de 16 a\u00f1os, emitida por los jueces del Tribunal de Garant\u00edas Penales en el pasado mes de febrero .<\/p>\n<p>Tola fue acusado por presunta\u00a0<b>violaci\u00f3n\u00a0<\/b>en<b>\u00a0<\/b>contra de una adolescente, quien en ese entonces ten\u00eda 13 a\u00f1os.<\/p>\n<p>El hecho se habr\u00eda suscitado entre las 13:00 y las 17:00 del 1 de abril del 2014.<\/p>\n<p>En la primera etapa del proceso, Tola pidi\u00f3 la presencia de\u00a0<b>27 testigos<\/b>, de los cuales solo cinco acudieron y cuyas versiones fueron aparentemente contradictorias, as\u00ed como el reporte del canal de televisi\u00f3n donde laboraba.<\/p>\n<p>El actor aleg\u00f3 que no conoc\u00eda a la v\u00edctima, pese a que la joven mostr\u00f3 fotos con \u00e9l.<\/p>\n<p>Al momento el actor se encuentra libre y en espera de los resultados de la nueva audiencia.<\/p>\n<p>Fuente: fuull.ec<\/p>\n<div class=\"gsp_post_data\" \r\n\t            data-post_type=\"post\" \r\n\t            data-cat=\"farandula-ecuatoriana,general\" \r\n\t            data-modified=\"120\"\r\n\t            data-created=\"1531343267\"\r\n\t            data-title=\"PepeTola nuevamente en tribunales\" \r\n\t            data-home=\"https:\/\/www.evafm.net\/sitio\"><\/div>","protected":false},"excerpt":{"rendered":"<p>La nueva audiencia para el caso del actor de Tres familias,\u00a0Jos\u00e9 Luis Tola Sandoval\u00a0se fij\u00f3 para el viernes 13 de julio a las 08:10 en la\u00a0Corte Provincial de Justicia del Guayas, ubicada en la Av. 9 de octubre y Quito. El objetivo de esta diligencia, es resolver el recurso de\u00a0apelaci\u00f3n\u00a0interpuesto por parte de la Fiscal\u00eda,&#8230;<\/p>\n","protected":false},"author":5,"featured_media":36051,"comment_status":"closed","ping_status":"open","sticky":false,"template":"","format":"standard","meta":{"_joinchat":[],"footnotes":""},"categories":[1562,1720],"tags":[],"class_list":["post-36050","post","type-post","status-publish","format-standard","has-post-thumbnail","hentry","category-farandula-ecuatoriana","category-general","have-post-thumb"],"_links":{"self":[{"href":"https:\/\/www.evafm.net\/sitio\/wp-json\/wp\/v2\/posts\/36050","targetHints":{"allow":["GET"]}}],"collection":[{"href":"https:\/\/www.evafm.net\/sitio\/wp-json\/wp\/v2\/posts"}],"about":[{"href":"https:\/\/www.evafm.net\/sitio\/wp-json\/wp\/v2\/types\/post"}],"author":[{"embeddable":true,"href":"https:\/\/www.evafm.net\/sitio\/wp-json\/wp\/v2\/users\/5"}],"replies":[{"embeddable":true,"href":"https:\/\/www.evafm.net\/sitio\/wp-json\/wp\/v2\/comments?post=36050"}],"version-history":[{"count":2,"href":"https:\/\/www.evafm.net\/sitio\/wp-json\/wp\/v2\/posts\/36050\/revisions"}],"predecessor-version":[{"id":36053,"href":"https:\/\/www.evafm.net\/sitio\/wp-json\/wp\/v2\/posts\/36050\/revisions\/36053"}],"wp:featuredmedia":[{"embeddable":true,"href":"https:\/\/www.evafm.net\/sitio\/wp-json\/wp\/v2\/media\/36051"}],"wp:attachment":[{"href":"https:\/\/www.evafm.net\/sitio\/wp-json\/wp\/v2\/media?parent=36050"}],"wp:term":[{"taxonomy":"category","embeddable":true,"href":"https:\/\/www.evafm.net\/sitio\/wp-json\/wp\/v2\/categories?post=36050"},{"taxonomy":"post_tag","embeddable":true,"href":"https:\/\/www.evafm.net\/sitio\/wp-json\/wp\/v2\/tags?post=36050"}],"curies":[{"name":"wp","href":"https:\/\/api.w.org\/{rel}","templated":true}]}}