{"id":36236,"date":"2018-07-16T15:20:42","date_gmt":"2018-07-16T20:20:42","guid":{"rendered":"http:\/\/www.evafm.net\/sitio\/?p=36236"},"modified":"2018-07-16T15:20:42","modified_gmt":"2018-07-16T20:20:42","slug":"que-relacion-tiene-hoy-luis-miguel-con-su-hija","status":"publish","type":"post","link":"https:\/\/www.evafm.net\/sitio\/que-relacion-tiene-hoy-luis-miguel-con-su-hija\/","title":{"rendered":"Qu\u00e9 relaci\u00f3n tiene hoy Luis Miguel con su hija"},"content":{"rendered":"<div class=\"row\">\n<div class=\"col-xs-12 col-print-12\">\n<p class=\"element element-paragraph\">Con el furor de Luis Miguel, la serie producida por Netflix que reconstruye la vida del cantante mexicano, se dan a conocer las m\u00faltiples relaciones amorosas del Rey del Sol.<\/p>\n<p class=\"element element-paragraph\">En los \u00faltimos dos cap\u00edtulos de la producci\u00f3n se aborda el tema de la<strong>\u00a0paternidad, un tema que durante muchos a\u00f1os se mantuvo oculto.<\/strong><\/p>\n<\/div>\n<\/div>\n<div class=\"row\">\n<div class=\"col-xs-12 col-print-12\">\n<p class=\"element element-paragraph\">Seg\u00fan la serie, Erika, la novia de Luis Miguel en 1991, le cuestiona su falta de v\u00ednculo con su hija<strong>\u00a0Michelle Salas,<\/strong>\u00a0fruto de un romance fugaz con modelo mexicana Stephanie Salas.<\/p>\n<\/div>\n<\/div>\n<div class=\"row\">\n<div class=\"col-xs-12 col-print-12\">\n<p class=\"element element-paragraph\">Luismi y la nieta de la reconocida artista Sylvia Pasquel mantuvieron un\u00a0<strong>v\u00ednculo amoroso durante dos a\u00f1os<\/strong>\u00a0pero nunca de manera oficial ante la prensa.<\/p>\n<p class=\"element element-paragraph\">Cuando el astro t<strong>en\u00eda 18 a\u00f1os se habr\u00eda enterado que iba a ser pap\u00e1.<\/strong><\/p>\n<p><strong>El 13 de junio de 1989 en el Hospital Espa\u00f1ol de la Ciudad de M\u00e9xico.\u00a0<\/strong><\/p>\n<p>Su madre decidi\u00f3 tenerla como madre soltera, y guard\u00f3 el secreto p\u00fablicamente, aunque Michelle siempre conoci\u00f3 su origen.<\/p>\n<p><strong>El artista tard\u00f3 casi m\u00e1s de un d\u00e9cada en reconocer a su primog\u00e9nita.<\/strong><\/p>\n<div class=\"row\">\n<div class=\"col-xs-12 col-print-12\">\n<p class=\"element element-paragraph\">Con muchas idas y vueltas, hoy padre e hija mantiene un v\u00ednculo m\u00e1s cercano y parecen haber recuperado el tiempo perdido.<\/p>\n<p class=\"element element-paragraph\">\u00abLo que pasa dentro de casa es muy diferente a lo que se ve desde fuera.\u00a0<strong>Nunca he ventilado mi vida ni la de mi gente, porque me respeto a m\u00ed y a ellos<\/strong>. Todo est\u00e1 muy muy bien\u00bb, confes\u00f3 hace unos d\u00edas a\u00a0 la revista Vanity Fair la hija de 29 a\u00f1os de Luis Miguel.<\/p>\n<\/div>\n<\/div>\n<div class=\"row\">\n<div class=\"col-xs-12 col-print-12\">\n<p class=\"element element-paragraph\">Adem\u00e1s, la propia Stephanie reconoci\u00f3 el v\u00ednculo que mantienen: \u00ab<strong>Ellos tiene su relaci\u00f3n maravillosa, a m\u00ed me da mucho gusto eso\u00bb.<\/strong><\/p>\n<\/div>\n<\/div>\n<div class=\"row\">\n<div class=\"col-xs-12 col-print-12\">\n<p class=\"element element-paragraph\">Con el final de la primera temporada donde se da a conocer la existencia de la peque\u00f1a, la modelo mexicana\u00a0estall\u00f3 en las redes ya que la ficci\u00f3n no reflejaba la &#8216;verdad&#8217;. \u00bb L<strong>a serie biogr\u00e1fica no es cronol\u00f3gicamente acertada<\/strong>\u00a0ya que, para empezar, mi hija ya hab\u00eda nacido al momento de la relaci\u00f3n entre Mariana y Luis Miguel, en la cual yo nunca me interpuse\u00bb,<\/p>\n<\/div>\n<\/div>\n<div class=\"row\">\n<div class=\"col-xs-12 col-print-12\">\n<p class=\"element element-paragraph\">Ella misma reconoce que nunca fueron &#8216;novios&#8217;: \u00ab<strong>No fue un noviazgo formal, exclusivo, como a m\u00ed me hubiera gustado<\/strong>, pero siempre lo entend\u00ed porque su vida era su carrera, sus giras\u2026 Salimos durante dos a\u00f1os\u00bb, relat\u00f3 a la revista Hola!.<\/p>\n<\/div>\n<\/div>\n<div class=\"row\">\n<div class=\"col-xs-12 col-print-12\">\n<p class=\"element element-paragraph\">\u00abLa verdad fue algo inesperado, y como cualquier jovencita en una circunstancia as\u00ed,\u00a0<strong>sent\u00ed miedo, incertidumbre<\/strong>, \u00bfQu\u00e9 va a decir mi madre? (Mi padre ya hab\u00eda fallecido) \u00bfQu\u00e9 voy a hacer? \u00bfQu\u00e9 va a decir Luis Miguel? \u00a1Qu\u00e9 va a decir el mundo de que llevo en mi vientre un beb\u00e9 de \u00e9l! Porque adem\u00e1s \u00e9l ya era una figura muy importante en esos momentos, y yo una joven normal con una vida de adolescente. \u00bfQu\u00e9 iba a ser de m\u00ed?\u00bb.<\/p>\n<div class=\"row\">\n<div class=\"col-xs-12 col-print-12\">\n<p class=\"element element-paragraph\">En esa misma entrevista, Salas confes\u00f3 cu\u00e1l fue la reacci\u00f3n de Luis Miguel al comunicarle que ser\u00eda pap\u00e1- \u00abPara \u00e9l fue\u00a0<strong>un cubetazo de agua fr\u00eda.<\/strong><\/p>\n<p class=\"element element-paragraph\">&#8216;\u00a1C\u00f3mo es posible!&#8217;, fue lo primero que dijo, y despu\u00e9s hubo un silencio como de 5 o 10 minutos, no lo s\u00e9; un silencio muy profundo, y luego un &#8216;Uff&#8217;.<\/p>\n<p class=\"element element-paragraph\">Tem\u00ed que tras el silencio viniera lo peor. Era como una ola que se aleja para regresar con la fuerza de un tsunami\u00bb, dijo.<\/p>\n<\/div>\n<\/div>\n<div class=\"row\">\n<div class=\"col-xs-12 col-print-12\">\n<p class=\"element element-paragraph\">Hoy con 29 a\u00f1os, Michelle -triunfa en las redes c<strong>on m\u00e1s de 720 mil seguidores, se define como \u00abtod\u00f3loga\u00bb<\/strong>.<\/p>\n<p class=\"element element-paragraph\">\u00abLa palabra influencer puede implicar que hagas televisi\u00f3n, que tengas un blog, un canal de YouTube\u2026 Nunca me he cerrado a nada, porque me gusta aprender\u00bb, reflexiona la joven\u00bb.<\/p>\n<div class=\"row\">\n<div class=\"col-xs-12 col-print-12\">\n<p class=\"element element-paragraph\">Estudi\u00f3 dise\u00f1o de moda en Los \u00c1ngeles, y fue musa elegida de Dolce &amp; Gabbana para desfilar en la pasarela mexicana. Adem\u00e1s, firmas como Chanel y Dior se la pelean como imagen de sus lanzamientos. .<\/p>\n<\/div>\n<\/div>\n<div class=\"row\">\n<div class=\"col-xs-12 col-print-12\">\n<p class=\"element element-paragraph\">No todo es moda, viajes y glamour. De su padre confiesa haber heredado la disciplina, por lo menos ese fue el consejo que le brind\u00f3 el Rey. \u00absi tienes disciplina, no importa qu\u00e9 eres o a qu\u00e9 te dedicas. La clave del \u00e9xito reside en el timing, el momento, y en forjarte tu propio m\u00e9todo\u00bb, resalt\u00f3 a la revista.<\/p>\n<div class=\"row\">\n<div class=\"col-xs-12 col-print-12\">\n<p class=\"element element-paragraph\">Sin dotes musicales manifestados \u2013 por lo menos p\u00fablicamente- Michelle es fan\u00e1tica de los hits de LuisMi. \u2013 cual es su tema preferido\u2026<strong>La Incondicional<\/strong>. \u00a1Ah!, y<strong>\u00a0Suave\u00bb<\/strong>.<\/p>\n<\/div>\n<\/div>\n<div class=\"row\">\n<div class=\"col-xs-12 col-print-12\">\n<p class=\"element element-paragraph\"><strong>\u00bfC\u00f3mo es El Sol cuando se apagan los focos?,<\/strong>\u00a0le pregunt\u00f3 la periodista.\u00a0 \u00abMuy humano. Risue\u00f1o, c\u00e1lido. Al contrario de lo que parece\u00bb, defini\u00f3 su primog\u00e9nita.<\/p>\n<p><img decoding=\"async\" src=\"https:\/\/www.infobae.com\/new-resizer\/lKkNhG15I1-pMCm5as-0rdqAfUY=\/600x0\/filters:quality(100)\/s3.amazonaws.com\/arc-wordpress-client-uploads\/infobae-wp\/wp-content\/uploads\/2018\/07\/16150543\/michelle-salas3.jpg\" alt=\"Stephanie y Michelle Salas\" \/><\/p>\n<p>Stephanie y Michelle Salas.<\/p>\n<div class=\"single-image\"><img decoding=\"async\" id=\"VNUBTA67DNFAPM6H5CEHA4WLEI\" class=\"image-lazy\" src=\"https:\/\/www.infobae.com\/new-resizer\/1SI3BCxTdBMLiU7eYbdmjKXOvvM=\/600x0\/filters:quality(100)\/s3.amazonaws.com\/arc-wordpress-client-uploads\/infobae-wp\/wp-content\/uploads\/2017\/11\/16160821\/GENTE-HijasFamosos-161117-Michelle-Salas-by-Calvin-Klein.jpg\" alt=\"Michelle Salas posando para Calvin Klein\" width=\"750\" height=\"867.8571428571429\" \/><\/div>\n<p><span class=\"credit\">Michelle Salas posando para Calvin Klein.<\/span><\/p>\n<div class=\"single-image\">\n<div class=\"shares\">\n<div class=\"share-button facebook\"><\/div>\n<\/div>\n<p><img decoding=\"async\" id=\"N6ZW4MENGJBULPCGGL2S4ETNOQ\" class=\"image-lazy\" src=\"https:\/\/www.infobae.com\/new-resizer\/gjF6WDvoBDzA8wL_nnLlSE9T1lc=\/600x0\/filters:quality(100)\/s3.amazonaws.com\/arc-wordpress-client-uploads\/infobae-wp\/wp-content\/uploads\/2018\/07\/16132602\/michelle-salasb-3.jpg\" alt=\"Viajes, gastronom\u00eda y moda en la cuenta personal de Michelle\" width=\"750\" height=\"1028.1124497991968\" \/><\/div>\n<p><span class=\"credit\">Viajes, gastronom\u00eda y moda en la cuenta personal de Michelle.<\/span><\/p>\n<\/div>\n<\/div>\n<\/div>\n<\/div>\n<p>Fuente: infobae.com<\/p>\n<\/div>\n<\/div>\n<\/div>\n<\/div>\n<\/div>\n<\/div>\n<div class=\"gsp_post_data\" \r\n\t            data-post_type=\"post\" \r\n\t            data-cat=\"farandula-internacional\" \r\n\t            data-modified=\"120\"\r\n\t            data-created=\"1531754442\"\r\n\t            data-title=\"Qu\u00e9 relaci\u00f3n tiene hoy Luis Miguel con su hija\" \r\n\t            data-home=\"https:\/\/www.evafm.net\/sitio\"><\/div>","protected":false},"excerpt":{"rendered":"<p>Con el furor de Luis Miguel, la serie producida por Netflix que reconstruye la vida del cantante mexicano, se dan a conocer las m\u00faltiples relaciones amorosas del Rey del Sol. En los \u00faltimos dos cap\u00edtulos de la producci\u00f3n se aborda el tema de la\u00a0paternidad, un tema que durante muchos a\u00f1os se mantuvo oculto. Seg\u00fan la&#8230;<\/p>\n","protected":false},"author":5,"featured_media":36237,"comment_status":"closed","ping_status":"open","sticky":false,"template":"","format":"standard","meta":{"_joinchat":[],"footnotes":""},"categories":[1346],"tags":[],"class_list":["post-36236","post","type-post","status-publish","format-standard","has-post-thumbnail","hentry","category-farandula-internacional","have-post-thumb"],"_links":{"self":[{"href":"https:\/\/www.evafm.net\/sitio\/wp-json\/wp\/v2\/posts\/36236","targetHints":{"allow":["GET"]}}],"collection":[{"href":"https:\/\/www.evafm.net\/sitio\/wp-json\/wp\/v2\/posts"}],"about":[{"href":"https:\/\/www.evafm.net\/sitio\/wp-json\/wp\/v2\/types\/post"}],"author":[{"embeddable":true,"href":"https:\/\/www.evafm.net\/sitio\/wp-json\/wp\/v2\/users\/5"}],"replies":[{"embeddable":true,"href":"https:\/\/www.evafm.net\/sitio\/wp-json\/wp\/v2\/comments?post=36236"}],"version-history":[{"count":1,"href":"https:\/\/www.evafm.net\/sitio\/wp-json\/wp\/v2\/posts\/36236\/revisions"}],"predecessor-version":[{"id":36238,"href":"https:\/\/www.evafm.net\/sitio\/wp-json\/wp\/v2\/posts\/36236\/revisions\/36238"}],"wp:featuredmedia":[{"embeddable":true,"href":"https:\/\/www.evafm.net\/sitio\/wp-json\/wp\/v2\/media\/36237"}],"wp:attachment":[{"href":"https:\/\/www.evafm.net\/sitio\/wp-json\/wp\/v2\/media?parent=36236"}],"wp:term":[{"taxonomy":"category","embeddable":true,"href":"https:\/\/www.evafm.net\/sitio\/wp-json\/wp\/v2\/categories?post=36236"},{"taxonomy":"post_tag","embeddable":true,"href":"https:\/\/www.evafm.net\/sitio\/wp-json\/wp\/v2\/tags?post=36236"}],"curies":[{"name":"wp","href":"https:\/\/api.w.org\/{rel}","templated":true}]}}