{"id":36248,"date":"2018-07-16T19:17:17","date_gmt":"2018-07-17T00:17:17","guid":{"rendered":"http:\/\/www.evafm.net\/sitio\/?p=36248"},"modified":"2018-07-16T19:17:17","modified_gmt":"2018-07-17T00:17:17","slug":"dario-aimar-sera-operado-del-ligamento-cruzado","status":"publish","type":"post","link":"https:\/\/www.evafm.net\/sitio\/dario-aimar-sera-operado-del-ligamento-cruzado\/","title":{"rendered":"Dar\u00edo Aimar ser\u00e1 operado del ligamento cruzado"},"content":{"rendered":"<p>La ma\u00f1ana de este lunes se pudo conocer que el jugador de\u00a0<strong>Barcelona Sporting Club<\/strong>,\u00a0<strong>Dar\u00edo Aimar<\/strong>, padece una rotura de ligamento cruzado anterior en su rodilla izquierda. El jugador ser\u00e1 operado inmediatamente, seg\u00fan mencion\u00f3 el presidente del club,\u00a0<strong>Jose F. Cevallos<\/strong>.<\/p>\n<p>La lesi\u00f3n fue detectada cuando el jugador viaj\u00f3 a Brasil para realizarse los chequeos m\u00e9dicos previos a su vinculaci\u00f3n con el Inter de Porto Alegre.<\/p>\n<p>El jugador viaj\u00f3 a tierras brasile\u00f1as con conocimiento de la dirigencia amarilla y del Cruz Azul, seg\u00fan inform\u00f3 el club en un comunicado.<\/p>\n<p>El tiempo de recuperaci\u00f3n del defensa ecuatoriano ser\u00e1 entre cinco y seis meses.<\/p>\n<p>Con esta lesi\u00f3n, se cae la transferencia de Aimar al f\u00fatbol mexicano.<\/p>\n<p>\u00abEst\u00e1bamos todos ilusionados, especialmente \u00e9l, que iba a un f\u00fatbol m\u00e1s competitivo. Iba a ser prestado estos seis meses al Inter de Porto Alegre\u00bb, mecion\u00f3 el presidente canario.<\/p>\n<div id=\"mappingampliada\" class=\"dfp-slot atm-banner-mappingampliada publicity-content\">\n<div id=\"google_ads_iframe_78858240\/ElUniverso.com\/Universo_Ampliada_0__container__\">\u00abAl no cumplirse una de las cl\u00e1usulas del contrato (pasar los chequeos m\u00e9dicos), la negociaci\u00f3n queda sin efecto\u00bb, concluy\u00f3. (D)<\/div>\n<\/div>\n<blockquote class=\"twitter-tweet\" data-width=\"550\" data-dnt=\"true\">\n<p lang=\"es\" dir=\"ltr\">\ud83c\udfa4 GRAVE LESI\u00d3N DE DAR\u00cdO AIMAR!<br \/>El pdte de <a href=\"https:\/\/twitter.com\/BarcelonaSC?ref_src=twsrc%5Etfw\">@barcelonaSC<\/a> <a href=\"https:\/\/twitter.com\/panchocevallosv?ref_src=twsrc%5Etfw\">@panchocevallosv<\/a> CONFIRM\u00d3 la grave lesi\u00f3n que tiene el defensa Dar\u00edo Aimar (rotura del ligamento) que lo dejar\u00e1 fuera de las canchas algunos meses y adem\u00e1s ya sin opciones de ser transferido al exterior. <a href=\"https:\/\/t.co\/9DfsN9jSzB\">pic.twitter.com\/9DfsN9jSzB<\/a><\/p>\n<p>&mdash; Oscar Ortega (@oortega10) <a href=\"https:\/\/twitter.com\/oortega10\/status\/1018916666460262401?ref_src=twsrc%5Etfw\">July 16, 2018<\/a><\/p><\/blockquote>\n<p><script async src=\"https:\/\/platform.twitter.com\/widgets.js\" charset=\"utf-8\"><\/script><\/p>\n<div id=\"mappingampliada\" class=\"dfp-slot atm-banner-mappingampliada publicity-content\">Fuente: eluniverso.com &#8211; twitter.com<\/div>\n<div class=\"gsp_post_data\" \r\n\t            data-post_type=\"post\" \r\n\t            data-cat=\"deportes-ecuador\" \r\n\t            data-modified=\"120\"\r\n\t            data-created=\"1531768637\"\r\n\t            data-title=\"Dar\u00edo Aimar ser\u00e1 operado del ligamento cruzado\" \r\n\t            data-home=\"https:\/\/www.evafm.net\/sitio\"><\/div>","protected":false},"excerpt":{"rendered":"<p>La ma\u00f1ana de este lunes se pudo conocer que el jugador de\u00a0Barcelona Sporting Club,\u00a0Dar\u00edo Aimar, padece una rotura de ligamento cruzado anterior en su rodilla izquierda. El jugador ser\u00e1 operado inmediatamente, seg\u00fan mencion\u00f3 el presidente del club,\u00a0Jose F. Cevallos. La lesi\u00f3n fue detectada cuando el jugador viaj\u00f3 a Brasil para realizarse los chequeos m\u00e9dicos previos&#8230;<\/p>\n","protected":false},"author":5,"featured_media":36250,"comment_status":"closed","ping_status":"open","sticky":false,"template":"","format":"standard","meta":{"_joinchat":[],"footnotes":""},"categories":[1557],"tags":[],"class_list":["post-36248","post","type-post","status-publish","format-standard","has-post-thumbnail","hentry","category-deportes-ecuador","have-post-thumb"],"_links":{"self":[{"href":"https:\/\/www.evafm.net\/sitio\/wp-json\/wp\/v2\/posts\/36248","targetHints":{"allow":["GET"]}}],"collection":[{"href":"https:\/\/www.evafm.net\/sitio\/wp-json\/wp\/v2\/posts"}],"about":[{"href":"https:\/\/www.evafm.net\/sitio\/wp-json\/wp\/v2\/types\/post"}],"author":[{"embeddable":true,"href":"https:\/\/www.evafm.net\/sitio\/wp-json\/wp\/v2\/users\/5"}],"replies":[{"embeddable":true,"href":"https:\/\/www.evafm.net\/sitio\/wp-json\/wp\/v2\/comments?post=36248"}],"version-history":[{"count":1,"href":"https:\/\/www.evafm.net\/sitio\/wp-json\/wp\/v2\/posts\/36248\/revisions"}],"predecessor-version":[{"id":36251,"href":"https:\/\/www.evafm.net\/sitio\/wp-json\/wp\/v2\/posts\/36248\/revisions\/36251"}],"wp:featuredmedia":[{"embeddable":true,"href":"https:\/\/www.evafm.net\/sitio\/wp-json\/wp\/v2\/media\/36250"}],"wp:attachment":[{"href":"https:\/\/www.evafm.net\/sitio\/wp-json\/wp\/v2\/media?parent=36248"}],"wp:term":[{"taxonomy":"category","embeddable":true,"href":"https:\/\/www.evafm.net\/sitio\/wp-json\/wp\/v2\/categories?post=36248"},{"taxonomy":"post_tag","embeddable":true,"href":"https:\/\/www.evafm.net\/sitio\/wp-json\/wp\/v2\/tags?post=36248"}],"curies":[{"name":"wp","href":"https:\/\/api.w.org\/{rel}","templated":true}]}}