{"id":36296,"date":"2018-07-17T21:08:35","date_gmt":"2018-07-18T02:08:35","guid":{"rendered":"http:\/\/www.evafm.net\/sitio\/?p=36296"},"modified":"2018-07-17T21:08:35","modified_gmt":"2018-07-18T02:08:35","slug":"julio-iglesias-tiene-queresponder-a-una-demanda-por-paternidad","status":"publish","type":"post","link":"https:\/\/www.evafm.net\/sitio\/julio-iglesias-tiene-queresponder-a-una-demanda-por-paternidad\/","title":{"rendered":"Julio Iglesias tiene queresponder a una demanda por paternidad"},"content":{"rendered":"<div class=\"row\">\n<div class=\"col-xs-12 col-print-12\">\n<p class=\"element element-paragraph\"><strong>Julio Iglesias tiene hasta el 27 de julio para responder a una demanda por paternidad presentada por\u00a0Javier S\u00e1nchez Santos<\/strong>.<\/p>\n<\/div>\n<\/div>\n<div class=\"row\">\n<div class=\"col-xs-12 col-print-12\">\n<p class=\"element element-paragraph\">El espa\u00f1ol\u00a0busca ser reconocido por Iglesias, de quien asegura ser su hijo biol\u00f3gico, e interpuso la demanda a trav\u00e9s de su abogado, Fernando Osuna, el 29 de junio.<\/p>\n<div class=\"row\">\n<div class=\"col-xs-12 col-print-12\">\n<p class=\"element element-paragraph\"><strong>El demandante present\u00f3 una prueba de ADN<\/strong>\u00a0realizada por un forense que i<strong>ndica que entre Iglesias y S\u00e1nchez hay una coincidencia gen\u00e9tica del 99,9%.<\/strong>\u00a0Sin embargo, el documento carece de validez jur\u00eddica por no haber sido autorizado por un juez.<strong>\u00a0Para la prueba, un detective viaj\u00f3 a Miami, donde reside el cantante, y recolect\u00f3 restos abandonados<\/strong>\u00a0que estuvieron en contacto con el propio cantante o sus allegados. Seg\u00fan el abogado, \u00abse va a pedir en breve que acuda el cantante a Espa\u00f1a para someterse a la prueba de ADN, ya en presencia judicial\u00bb.<\/p>\n<\/div>\n<\/div>\n<div class=\"row\">\n<div id=\"\" class=\"wrapper clearfix pb-feature pb-layout-item pb-f-ads-dfp left-align\">El espa\u00f1ol de 41 a\u00f1os de edad es hijo de la bailarina portuguesa Mar\u00eda Edite.<\/div>\n<div>\n<div class=\"row\">\n<div class=\"col-xs-12 col-print-12\">\n<p class=\"element element-paragraph\">Javier S\u00e1nchez Santos asegura que es hijo de Julio Iglesias (Fuente:<em>\u00a0El Pa\u00eds<\/em>, 2017)<\/p>\n<\/div>\n<\/div>\n<div class=\"row\">\n<div class=\"col-xs-12 col-print-12\">\n<p class=\"element element-paragraph\">\u00abEspero que se haga justicia. De alguna manera ya he sentido un alivio muy grande, porque,<strong>pase lo que pase, hay una prueba que dice que soy hijo de Julio Iglesias<\/strong>\u00ab, manifest\u00f3\u00a0S\u00e1nchez.<\/p>\n<div class=\"row\">\n<div class=\"col-xs-12 col-print-12\">\n<p class=\"element element-paragraph\">Edite hab\u00eda presentado una demanda de filiaci\u00f3n en 1992, que fue desestimada por motivos procedimentales.<\/p>\n<\/div>\n<\/div>\n<div class=\"row\">\n<div class=\"col-xs-12 col-print-12\">\n<p class=\"element element-paragraph\">Sin embargo, Osuna est\u00e1 optimista acerca de que esta vez el resultado ser\u00e1\u00a0otro, ya que \u00ab<strong>en casos muy espec\u00edficos, la Justicia nacional y la europea han venido defendiendo el derecho de un hijo a conocer qui\u00e9n es su padre<\/strong>, incluso cuando ya existe una sentencia previa que determinaba la no filiaci\u00f3n\u00bb.<\/p>\n<\/div>\n<\/div>\n<div class=\"row\">\n<div class=\"col-xs-12 col-print-12\">\n<p class=\"element element-paragraph\">Por su parte, Julio Iglesias ha mantenido el silencio y no ha emitido comentario con respecto a la demanda.<\/p>\n<p><img decoding=\"async\" src=\"https:\/\/www.infobae.com\/new-resizer\/TTCcsX2pHymO-CEr6y23N1EGc-A=\/600x0\/filters:quality(100)\/s3.amazonaws.com\/arc-wordpress-client-uploads\/infobae-wp\/wp-content\/uploads\/2018\/07\/16142157\/julio-iglesias-javier-sanchez.png\" alt=\"Julio Iglesias tiene hasta el 27 de julio para responder a una demanda por paternidad\" \/><\/p>\n<p>Julio Iglesias tiene hasta el 27 de julio para responder a una demanda por paternidad.<\/p>\n<p><iframe title=\"Presunto hijo de Julio Iglesias present\u00f3 demanda de paternidad | Al Rojo Vivo | Telemundo\" width=\"1200\" height=\"675\" src=\"https:\/\/www.youtube.com\/embed\/W-bbzOXLVzc?feature=oembed\" frameborder=\"0\" allow=\"accelerometer; autoplay; clipboard-write; encrypted-media; gyroscope; picture-in-picture; web-share\" referrerpolicy=\"strict-origin-when-cross-origin\" allowfullscreen><\/iframe><\/p>\n<p>Fuente: infobae.com &#8211; youtube.com<\/p>\n<\/div>\n<\/div>\n<\/div>\n<\/div>\n<\/div>\n<\/div>\n<p>&nbsp;<\/p>\n<\/div>\n<\/div>\n<div class=\"gsp_post_data\" \r\n\t            data-post_type=\"post\" \r\n\t            data-cat=\"farandula-internacional\" \r\n\t            data-modified=\"120\"\r\n\t            data-created=\"1531861715\"\r\n\t            data-title=\"Julio Iglesias tiene queresponder a una demanda por paternidad\" \r\n\t            data-home=\"https:\/\/www.evafm.net\/sitio\"><\/div>","protected":false},"excerpt":{"rendered":"<p>Julio Iglesias tiene hasta el 27 de julio para responder a una demanda por paternidad presentada por\u00a0Javier S\u00e1nchez Santos. El espa\u00f1ol\u00a0busca ser reconocido por Iglesias, de quien asegura ser su hijo biol\u00f3gico, e interpuso la demanda a trav\u00e9s de su abogado, Fernando Osuna, el 29 de junio. El demandante present\u00f3 una prueba de ADN\u00a0realizada por&#8230;<\/p>\n","protected":false},"author":5,"featured_media":36298,"comment_status":"closed","ping_status":"open","sticky":false,"template":"","format":"standard","meta":{"_joinchat":[],"footnotes":""},"categories":[1346],"tags":[],"class_list":["post-36296","post","type-post","status-publish","format-standard","has-post-thumbnail","hentry","category-farandula-internacional","have-post-thumb"],"_links":{"self":[{"href":"https:\/\/www.evafm.net\/sitio\/wp-json\/wp\/v2\/posts\/36296","targetHints":{"allow":["GET"]}}],"collection":[{"href":"https:\/\/www.evafm.net\/sitio\/wp-json\/wp\/v2\/posts"}],"about":[{"href":"https:\/\/www.evafm.net\/sitio\/wp-json\/wp\/v2\/types\/post"}],"author":[{"embeddable":true,"href":"https:\/\/www.evafm.net\/sitio\/wp-json\/wp\/v2\/users\/5"}],"replies":[{"embeddable":true,"href":"https:\/\/www.evafm.net\/sitio\/wp-json\/wp\/v2\/comments?post=36296"}],"version-history":[{"count":1,"href":"https:\/\/www.evafm.net\/sitio\/wp-json\/wp\/v2\/posts\/36296\/revisions"}],"predecessor-version":[{"id":36299,"href":"https:\/\/www.evafm.net\/sitio\/wp-json\/wp\/v2\/posts\/36296\/revisions\/36299"}],"wp:featuredmedia":[{"embeddable":true,"href":"https:\/\/www.evafm.net\/sitio\/wp-json\/wp\/v2\/media\/36298"}],"wp:attachment":[{"href":"https:\/\/www.evafm.net\/sitio\/wp-json\/wp\/v2\/media?parent=36296"}],"wp:term":[{"taxonomy":"category","embeddable":true,"href":"https:\/\/www.evafm.net\/sitio\/wp-json\/wp\/v2\/categories?post=36296"},{"taxonomy":"post_tag","embeddable":true,"href":"https:\/\/www.evafm.net\/sitio\/wp-json\/wp\/v2\/tags?post=36296"}],"curies":[{"name":"wp","href":"https:\/\/api.w.org\/{rel}","templated":true}]}}