{"id":36337,"date":"2018-07-18T20:33:08","date_gmt":"2018-07-19T01:33:08","guid":{"rendered":"http:\/\/www.evafm.net\/sitio\/?p=36337"},"modified":"2018-07-18T20:33:08","modified_gmt":"2018-07-19T01:33:08","slug":"molestia-en-directiva-de-barcelona-sc-por-reclamo-de-nahuelpan-en-la-fef","status":"publish","type":"post","link":"https:\/\/www.evafm.net\/sitio\/molestia-en-directiva-de-barcelona-sc-por-reclamo-de-nahuelpan-en-la-fef\/","title":{"rendered":"Molestia en directiva de Barcelona SC por reclamo de Nahuelp\u00e1n en la FEF"},"content":{"rendered":"<p>El presidente de Barcelona, Jos\u00e9 Francisco Cevallos, no ocult\u00f3 su molestia por el reclamo del delantero Ariel Nahuelp\u00e1n ante la Federaci\u00f3n Ecuatoriana de F\u00fatbol por una prima de su contrataci\u00f3n.<\/p>\n<p>Abordado por la prensa en las puertas del Monumental esta ma\u00f1ana, Cevallos dio detalles del pedido del argentino ante la FEF, explic\u00f3 por qu\u00e9 no se le ha pagado todo y afirm\u00f3 que el plantel no tiene problemas en el pago de sus salarios mes a mes.<\/p>\n<p>A Nahuelp\u00e1n se le ha pagado 500 mil d\u00f3lares, pero falta un mill\u00f3n por cubrir, inform\u00f3 Cevallos.<\/p>\n<p>Y no se lo ha podido hacer por cumplir con tres acreedores (el ext\u00e9cnico Gustavo Costas y los exjugadores Andr\u00e9s Franzoia y Brahian Alem\u00e1n por 1,7 millones en total) que ya ten\u00edan sus casos ante la FIFA y una resta de puntos era inminente.<\/p>\n<p>\u00abNos parece contradictorio que por un lado, en la cancha, uno lo ve a Ariel mat\u00e1ndose por meter goles, por ganar puntos, y por otro lado nos hace este reclamo en la Federaci\u00f3n que nos puede llevar a perder puntos, como ya nos pas\u00f3 el a\u00f1o pasado por las deudas; nos puede impedir jugar y hasta nos puede hacer perder la categor\u00eda\u00bb, mencion\u00f3 el presidente del club.<\/p>\n<p>\u00abYo estoy aqu\u00ed para decidir, y hemos pensado en pagar esas deudas, no perder puntos y seguir jugando, esto frente a un jugador que es parte del plantel que est\u00e1 cubierto mes a mes en su salario\u00bb. A Nahuelp\u00e1n se le debe por la prima de su contrataci\u00f3n, en su salario est\u00e1 al d\u00eda, aclar\u00f3 Cevallos.<\/p>\n<p>Para el presidente de Barcelona, este reclamo de Nahuelp\u00e1n ante la FEF es \u00abun duro golpe\u00bb pero ya \u00ablo ve\u00eda venir\u00bb porque el jugador ya hab\u00eda insistido mediante cartas a la directiva que le paguen lo correspondiente a su transferencia.<\/p>\n<p><strong>No todo el dinero es para el jugador.<\/strong>\u00a0Cevallos mencion\u00f3 que cuando Nahuelp\u00e1n vino a Barcelona, procedente del Inter de Portoalegre, se comprometi\u00f3 a cubrir unos valores con el club brasile\u00f1o para facilitar su regreso a Guayaquil.<\/p>\n<p><strong>\u00bfC\u00f3mo quedan las relaciones?<\/strong>\u00a0Eso hay que pregunt\u00e1rselo al jugador, dijo Cevallos, quien avis\u00f3 que ya conversar\u00e1n con el &#8216;Loco&#8217;.<\/p>\n<p><strong>La FEF le dio a Barcelona un plazo de 30 d\u00edas para que le pague un mill\u00f3n de d\u00f3lares a Nahuelp\u00e1n.<\/strong><\/p>\n<p>\u00abDe esto nos enteramos anoche, pero lo conversaremos con el jugador. Otros -a los que tambi\u00e9n se les debe, pero menos- lo han entendido, pero respetamos su posici\u00f3n, aunque no la compartimos. Esperamos llegar a un entendimiento\u00bb.<\/p>\n<p>Sobre los plazos que se hab\u00edan comprometido dijo que la mitad se deb\u00eda pagar en enero y la otra parte en junio.<\/p>\n<p>\u00abNo se ha podido cumplir por los compromisos en FIFA, porque de las dos transferencias proyectadas se nos cay\u00f3 una (la de Dar\u00edo Aimar) y porque la taquilla ha sido baja\u00bb.<\/p>\n<p>Fuente: eluniverso.com<\/p>\n<div class=\"gsp_post_data\" \r\n\t            data-post_type=\"post\" \r\n\t            data-cat=\"deportes-ecuador,general\" \r\n\t            data-modified=\"120\"\r\n\t            data-created=\"1531945988\"\r\n\t            data-title=\"Molestia en directiva de Barcelona SC por reclamo de Nahuelp\u00e1n en la FEF\" \r\n\t            data-home=\"https:\/\/www.evafm.net\/sitio\"><\/div>","protected":false},"excerpt":{"rendered":"<p>El presidente de Barcelona, Jos\u00e9 Francisco Cevallos, no ocult\u00f3 su molestia por el reclamo del delantero Ariel Nahuelp\u00e1n ante la Federaci\u00f3n Ecuatoriana de F\u00fatbol por una prima de su contrataci\u00f3n. Abordado por la prensa en las puertas del Monumental esta ma\u00f1ana, Cevallos dio detalles del pedido del argentino ante la FEF, explic\u00f3 por qu\u00e9 no&#8230;<\/p>\n","protected":false},"author":5,"featured_media":36338,"comment_status":"closed","ping_status":"open","sticky":false,"template":"","format":"standard","meta":{"_joinchat":[],"footnotes":""},"categories":[1557,1720],"tags":[],"class_list":["post-36337","post","type-post","status-publish","format-standard","has-post-thumbnail","hentry","category-deportes-ecuador","category-general","have-post-thumb"],"_links":{"self":[{"href":"https:\/\/www.evafm.net\/sitio\/wp-json\/wp\/v2\/posts\/36337","targetHints":{"allow":["GET"]}}],"collection":[{"href":"https:\/\/www.evafm.net\/sitio\/wp-json\/wp\/v2\/posts"}],"about":[{"href":"https:\/\/www.evafm.net\/sitio\/wp-json\/wp\/v2\/types\/post"}],"author":[{"embeddable":true,"href":"https:\/\/www.evafm.net\/sitio\/wp-json\/wp\/v2\/users\/5"}],"replies":[{"embeddable":true,"href":"https:\/\/www.evafm.net\/sitio\/wp-json\/wp\/v2\/comments?post=36337"}],"version-history":[{"count":1,"href":"https:\/\/www.evafm.net\/sitio\/wp-json\/wp\/v2\/posts\/36337\/revisions"}],"predecessor-version":[{"id":36339,"href":"https:\/\/www.evafm.net\/sitio\/wp-json\/wp\/v2\/posts\/36337\/revisions\/36339"}],"wp:featuredmedia":[{"embeddable":true,"href":"https:\/\/www.evafm.net\/sitio\/wp-json\/wp\/v2\/media\/36338"}],"wp:attachment":[{"href":"https:\/\/www.evafm.net\/sitio\/wp-json\/wp\/v2\/media?parent=36337"}],"wp:term":[{"taxonomy":"category","embeddable":true,"href":"https:\/\/www.evafm.net\/sitio\/wp-json\/wp\/v2\/categories?post=36337"},{"taxonomy":"post_tag","embeddable":true,"href":"https:\/\/www.evafm.net\/sitio\/wp-json\/wp\/v2\/tags?post=36337"}],"curies":[{"name":"wp","href":"https:\/\/api.w.org\/{rel}","templated":true}]}}