{"id":36343,"date":"2018-07-18T20:43:19","date_gmt":"2018-07-19T01:43:19","guid":{"rendered":"http:\/\/www.evafm.net\/sitio\/?p=36343"},"modified":"2018-07-18T20:43:19","modified_gmt":"2018-07-19T01:43:19","slug":"la-precampana-electoral-esta-bajo-observacion","status":"publish","type":"post","link":"https:\/\/www.evafm.net\/sitio\/la-precampana-electoral-esta-bajo-observacion\/","title":{"rendered":"La precampa\u00f1a electoral est\u00e1 bajo observaci\u00f3n"},"content":{"rendered":"<p>Banners,\u00a0<b>vallas<\/b>\u00a0<b>publicitarias<\/b>,\u00a0<b>afiches<\/b>, hojas\u00a0<b>volantes<\/b>, paredes pintadas y cualquier producto de promoci\u00f3n directa o indirecta de una eventual candidatura a las<b>elecciones de 2019<\/b>\u00a0est\u00e1 bajo el ojo del\u00a0<b>Consejo Nacional Electoral<\/b>.<\/p>\n<p>El director de esta instituci\u00f3n en Guayas, Marlon Lanata, confirm\u00f3 a\u00a0<b>EXPRESO<\/b>\u00a0que en esta provincia est\u00e1n recogiendo evidencias (fotograf\u00edas y v\u00eddeos) de la promoci\u00f3n de personas para analizar, en el caso de confirmarse esas candidaturas, una probable imputaci\u00f3n al monto de gasto electoral.<\/p>\n<p>\u201cTodo esto es producto de la efervescencia electoral que se avecina&#8230; Estamos tomando evidencias y consultar a\u00a0<b>Quito<\/b>\u00a0para que nos diga cu\u00e1ndo arrancamos con este proceso de fiscalizaci\u00f3n\u201d.<\/p>\n<p>En\u00a0<b>Guayaquil<\/b>, por ejemplo, se puede observar una que otra valla publicitaria con el rostro y nombre del concejal Carlos Luis Morales, eventual postulante a la Prefectura del Guayas, promocionando un programa radial. Y en algunos edificios del centro y sur de la ciudad tambi\u00e9n aparece colgado en una pancarta el rostro de Bol\u00edvar Rosero, precandidato a la\u00a0<b>Alcald\u00eda de Guayaquil<\/b>, con el eslogan \u2018Sim\u00f3n Bol\u00edvar. Ese es el hombre!!! 2019\u2019.<\/p>\n<p>La pregunta es: \u00bfeso puede ser considerado\u00a0<b>precampa\u00f1a<\/b>\u00a0<b>electoral?<\/b>\u00a0El exvicepresidente del Consejo Nacional Electoral, Fausto Camacho, precisa que ni el C\u00f3digo de la Democracia ni su reglamento regula lo que es la campa\u00f1a anticipada, qu\u00e9 puede ser considerada como tal y desde qu\u00e9 fecha hasta qu\u00e9 fecha inicia este per\u00edodo. \u201cExiste un vac\u00edo legal\u201d, puntualiza.<\/p>\n<p>Camacho aclara que no hay que caer en la satanizaci\u00f3n del ejercicio de la pol\u00edtica electoral, sino de precisar lo que pueden y no pueden hacer las organizaciones pol\u00edticas durante este per\u00edodo.<\/p>\n<p>Es de los que defiende el derecho de los partidos y movimientos a promocionar a sus precandidatos y el derecho de la ciudadan\u00eda a conocer qui\u00e9nes estar\u00edan postulando a esos cargos, sin que este per\u00edodo de limbo legal sea aprovechado, especialmente por quienes ejercen un cargo p\u00fablico o tienen muchos recursos econ\u00f3micos para sobresalir frente a otros posibles postulantes que no tienen esa ventaja.<\/p>\n<p>Desde la mirada de las\u00a0<b>organizaciones<\/b>\u00a0<b>pol\u00edticas<\/b>, estos productos, incluidos los recorridos y dem\u00e1s, son parte de la promoci\u00f3n interna o externa de las precandidaturas que surgen dentro de cada organizaci\u00f3n. Susana Gonz\u00e1lez, vicepresidenta del\u00a0<b>Partido Social Cristiano<\/b>\u00a0en Guayas, lo ve as\u00ed y cree que esto no puede ser determinado como precampa\u00f1a.<\/p>\n<p>\u201cPara determinar si es o no campa\u00f1a anticipada una valla debe tener la nomenclatura del partido, el n\u00famero.<\/p>\n<p>Es tan subjetiva la ley que se basa en la interpretaci\u00f3n, no en el fondo\u201d.<\/p>\n<p>Fuente: expreso.ec<\/p>\n<div class=\"gsp_post_data\" \r\n\t            data-post_type=\"post\" \r\n\t            data-cat=\"noticias-ecuador\" \r\n\t            data-modified=\"120\"\r\n\t            data-created=\"1531946599\"\r\n\t            data-title=\"La precampa\u00f1a electoral est\u00e1 bajo observaci\u00f3n\" \r\n\t            data-home=\"https:\/\/www.evafm.net\/sitio\"><\/div>","protected":false},"excerpt":{"rendered":"<p>Banners,\u00a0vallas\u00a0publicitarias,\u00a0afiches, hojas\u00a0volantes, paredes pintadas y cualquier producto de promoci\u00f3n directa o indirecta de una eventual candidatura a laselecciones de 2019\u00a0est\u00e1 bajo el ojo del\u00a0Consejo Nacional Electoral. El director de esta instituci\u00f3n en Guayas, Marlon Lanata, confirm\u00f3 a\u00a0EXPRESO\u00a0que en esta provincia est\u00e1n recogiendo evidencias (fotograf\u00edas y v\u00eddeos) de la promoci\u00f3n de personas para analizar, en el&#8230;<\/p>\n","protected":false},"author":5,"featured_media":36344,"comment_status":"closed","ping_status":"open","sticky":false,"template":"","format":"standard","meta":{"_joinchat":[],"footnotes":""},"categories":[1558],"tags":[],"class_list":["post-36343","post","type-post","status-publish","format-standard","has-post-thumbnail","hentry","category-noticias-ecuador","have-post-thumb"],"_links":{"self":[{"href":"https:\/\/www.evafm.net\/sitio\/wp-json\/wp\/v2\/posts\/36343","targetHints":{"allow":["GET"]}}],"collection":[{"href":"https:\/\/www.evafm.net\/sitio\/wp-json\/wp\/v2\/posts"}],"about":[{"href":"https:\/\/www.evafm.net\/sitio\/wp-json\/wp\/v2\/types\/post"}],"author":[{"embeddable":true,"href":"https:\/\/www.evafm.net\/sitio\/wp-json\/wp\/v2\/users\/5"}],"replies":[{"embeddable":true,"href":"https:\/\/www.evafm.net\/sitio\/wp-json\/wp\/v2\/comments?post=36343"}],"version-history":[{"count":1,"href":"https:\/\/www.evafm.net\/sitio\/wp-json\/wp\/v2\/posts\/36343\/revisions"}],"predecessor-version":[{"id":36345,"href":"https:\/\/www.evafm.net\/sitio\/wp-json\/wp\/v2\/posts\/36343\/revisions\/36345"}],"wp:featuredmedia":[{"embeddable":true,"href":"https:\/\/www.evafm.net\/sitio\/wp-json\/wp\/v2\/media\/36344"}],"wp:attachment":[{"href":"https:\/\/www.evafm.net\/sitio\/wp-json\/wp\/v2\/media?parent=36343"}],"wp:term":[{"taxonomy":"category","embeddable":true,"href":"https:\/\/www.evafm.net\/sitio\/wp-json\/wp\/v2\/categories?post=36343"},{"taxonomy":"post_tag","embeddable":true,"href":"https:\/\/www.evafm.net\/sitio\/wp-json\/wp\/v2\/tags?post=36343"}],"curies":[{"name":"wp","href":"https:\/\/api.w.org\/{rel}","templated":true}]}}