{"id":36346,"date":"2018-07-18T20:49:22","date_gmt":"2018-07-19T01:49:22","guid":{"rendered":"http:\/\/www.evafm.net\/sitio\/?p=36346"},"modified":"2018-07-18T20:55:04","modified_gmt":"2018-07-19T01:55:04","slug":"impulsan-nuevas-sanciones-contra-el-regimen-de-ortega-en-nicaragui","status":"publish","type":"post","link":"https:\/\/www.evafm.net\/sitio\/impulsan-nuevas-sanciones-contra-el-regimen-de-ortega-en-nicaragui\/","title":{"rendered":"Impulsan nuevas sanciones contra el r\u00e9gimen de Ortega en Nicaragua"},"content":{"rendered":"<div class=\"row\">\n<div class=\"col-xs-12 col-print-12\">\n<p class=\"element element-paragraph\">Un grupo de senadores, tanto dem\u00f3cratas como republicanos, present\u00f3\u00a0este mi\u00e9rcoles un proyecto de ley\u00a0<strong>con el prop\u00f3sito de poner fin a la ola de violencia que desde hace semanas sufre Nicaragua<\/strong>, y que contempla la aplicaci\u00f3n de nuevas sanciones y la exigencia de la convocatoria de elecciones anticipadas.<\/p>\n<\/div>\n<\/div>\n<div class=\"row\">\n<div class=\"col-xs-12 col-print-12\">\n<p class=\"element element-paragraph\">La nueva legislaci\u00f3n, que fue presentada a propuesta del l\u00edder dem\u00f3crata en el Comit\u00e9 de Relaciones Exteriores del Senado,<strong>\u00a0Bob Men\u00e9ndez<\/strong>, recibir\u00eda el nombre de<b>\u00a0\u00abLey de 2018 para los Derechos Humanos y la Lucha contra la Corrupci\u00f3n en Nicaragua\u00bb,<\/b>\u00a0seg\u00fan han informado en exclusiva a la agencia EFE desde la oficina del senador.<\/p>\n<\/div>\n<\/div>\n<div class=\"row\">\n<div class=\"col-xs-12 col-print-12\">\n<p class=\"element element-paragraph\">El documento, firmado entre otros por los republicanos Marco Rubio y Ted Cruz y por el dem\u00f3crata Dick Durbin, pide la aplicaci\u00f3n de sanciones por parte de Washington contra aquellos miembros del Gobierno del presidente Daniel Ortega \u00abresponsables de las muertes de personas que participaron en las protestas\u00bb.<\/p>\n<div class=\"row\">\n<div class=\"col-xs-12 col-print-12\">\n<p class=\"element element-paragraph\">Asimismo,\u00a0<b>el proyecto de ley llama a la convocatoria de nuevas elecciones en el pa\u00eds centroamericano y pide que los servicios de inteligencia investiguen la participaci\u00f3n de funcionarios nicarag\u00fcenses en casos de corrupci\u00f3n y de abusos de derechos humanos.<\/b><\/p>\n<\/div>\n<\/div>\n<div class=\"row\">\n<div class=\"col-xs-12 col-print-12\">\n<p class=\"element element-paragraph\"><b>\u00abNo podemos permanecer en silencio mientras Daniel Ortega y (su esposa) Rosario Murillo atentan contra su propia gente, tal y como ponen de manifiesto las im\u00e1genes de estudiantes siendo tiroteados al buscar asilo en una iglesia\u00bb, denunci\u00f3 Men\u00e9ndez<\/b>.<\/p>\n<\/div>\n<\/div>\n<div class=\"row\">\n<div class=\"col-xs-12 col-print-12\">\n<p class=\"element element-paragraph\">El objetivo de esta legislaci\u00f3n es tanto ayudar a encontrar \u00abuna soluci\u00f3n negociada\u00bb a la crisis, como lograr que los responsables \u00abrindan cuentas\u00bb ante la Justicia.<\/p>\n<\/div>\n<\/div>\n<div class=\"row\">\n<div class=\"col-xs-12 col-print-12\">\n<p class=\"element element-paragraph\">Por \u00faltimo, la propuesta insta al secretario de Estado,\u00a0<strong>Mike Pompeo<\/strong>, a certificar de forma anual que el\u00a0r\u00e9gimen de Nicaragua toma las medidas adecuadas para alcanzar los niveles necesarios de democracia, respeto a los derechos humanos y lucha contra la corrupci\u00f3n.<\/p>\n<\/div>\n<\/div>\n<div class=\"row\">\n<div class=\"col-xs-12 col-print-12\">\n<p class=\"element element-paragraph\">La ola de violencia que sufre Nicaragua en estos momentos,<strong>\u00a0en la que han perdido la vida m\u00e1s de 350 personas<\/strong>, ha llevado a Estados Unidos y la Uni\u00f3n Europea (UE) a expresar su contundente rechazo.<\/p>\n<div class=\"single-image\">\n<div class=\"shares\">\n<div class=\"share-button facebook\"><\/div>\n<\/div>\n<p><img decoding=\"async\" id=\"YDLWGUSQA5HPVCBA5CDDQSGS34\" class=\"image-lazy\" src=\"https:\/\/www.infobae.com\/new-resizer\/-O6bLWBBaV8AAVU80py92vW_1LM=\/600x0\/filters:quality(100)\/s3.amazonaws.com\/arc-wordpress-client-uploads\/infobae-wp\/wp-content\/uploads\/2018\/05\/10231554\/2018-05-10T030104Z_2119400814_RC12E3969340_RTRMADP_3_NICARAGUA-PROTEST.jpg\" alt=\"Las manifestaciones contra el r\u00e9gimen de Daniel Ortega en Nicaragua comenzaron el 18 de abril (REUTERS\/Oswaldo Rivas)\" width=\"750\" height=\"499.7142857142857\" \/><\/p>\n<\/div>\n<p><span class=\"credit\">Las manifestaciones contra el r\u00e9gimen de Daniel Ortega en Nicaragua comenzaron el 18 de abril (REUTERS\/Oswaldo Rivas)<\/span><\/p>\n<\/div>\n<\/div>\n<div class=\"row\">\n<div class=\"col-xs-12 col-print-12\">\n<p class=\"element element-paragraph\"><em>Con informaci\u00f3n de EFE<\/em><\/p>\n<\/div>\n<\/div>\n<\/div>\n<\/div>\n<div class=\"gsp_post_data\" \r\n\t            data-post_type=\"post\" \r\n\t            data-cat=\"noticias-internacionales\" \r\n\t            data-modified=\"120\"\r\n\t            data-created=\"1531946962\"\r\n\t            data-title=\"Impulsan nuevas sanciones contra el r\u00e9gimen de Ortega en Nicaragua\" \r\n\t            data-home=\"https:\/\/www.evafm.net\/sitio\"><\/div>","protected":false},"excerpt":{"rendered":"<p>Un grupo de senadores, tanto dem\u00f3cratas como republicanos, present\u00f3\u00a0este mi\u00e9rcoles un proyecto de ley\u00a0con el prop\u00f3sito de poner fin a la ola de violencia que desde hace semanas sufre Nicaragua, y que contempla la aplicaci\u00f3n de nuevas sanciones y la exigencia de la convocatoria de elecciones anticipadas. La nueva legislaci\u00f3n, que fue presentada a propuesta&#8230;<\/p>\n","protected":false},"author":5,"featured_media":36348,"comment_status":"closed","ping_status":"open","sticky":false,"template":"","format":"standard","meta":{"_joinchat":[],"footnotes":""},"categories":[1345],"tags":[],"class_list":["post-36346","post","type-post","status-publish","format-standard","has-post-thumbnail","hentry","category-noticias-internacionales","have-post-thumb"],"_links":{"self":[{"href":"https:\/\/www.evafm.net\/sitio\/wp-json\/wp\/v2\/posts\/36346","targetHints":{"allow":["GET"]}}],"collection":[{"href":"https:\/\/www.evafm.net\/sitio\/wp-json\/wp\/v2\/posts"}],"about":[{"href":"https:\/\/www.evafm.net\/sitio\/wp-json\/wp\/v2\/types\/post"}],"author":[{"embeddable":true,"href":"https:\/\/www.evafm.net\/sitio\/wp-json\/wp\/v2\/users\/5"}],"replies":[{"embeddable":true,"href":"https:\/\/www.evafm.net\/sitio\/wp-json\/wp\/v2\/comments?post=36346"}],"version-history":[{"count":3,"href":"https:\/\/www.evafm.net\/sitio\/wp-json\/wp\/v2\/posts\/36346\/revisions"}],"predecessor-version":[{"id":36351,"href":"https:\/\/www.evafm.net\/sitio\/wp-json\/wp\/v2\/posts\/36346\/revisions\/36351"}],"wp:featuredmedia":[{"embeddable":true,"href":"https:\/\/www.evafm.net\/sitio\/wp-json\/wp\/v2\/media\/36348"}],"wp:attachment":[{"href":"https:\/\/www.evafm.net\/sitio\/wp-json\/wp\/v2\/media?parent=36346"}],"wp:term":[{"taxonomy":"category","embeddable":true,"href":"https:\/\/www.evafm.net\/sitio\/wp-json\/wp\/v2\/categories?post=36346"},{"taxonomy":"post_tag","embeddable":true,"href":"https:\/\/www.evafm.net\/sitio\/wp-json\/wp\/v2\/tags?post=36346"}],"curies":[{"name":"wp","href":"https:\/\/api.w.org\/{rel}","templated":true}]}}