{"id":36352,"date":"2018-07-19T18:26:59","date_gmt":"2018-07-19T23:26:59","guid":{"rendered":"http:\/\/www.evafm.net\/sitio\/?p=36352"},"modified":"2018-07-19T18:26:59","modified_gmt":"2018-07-19T23:26:59","slug":"ministro-de-defensa-afirma-que-equipo-de-el-comercio-no-fue-secuestrado-en-ecuador","status":"publish","type":"post","link":"https:\/\/www.evafm.net\/sitio\/ministro-de-defensa-afirma-que-equipo-de-el-comercio-no-fue-secuestrado-en-ecuador\/","title":{"rendered":"Ministro de Defensa afirma que equipo de El Comercio no fue secuestrado en Ecuador"},"content":{"rendered":"<p>De manera contraria a la versi\u00f3n dada por las autoridades colombianas, este jueves el Ministro de Defensa ecuatoriano, Oswaldo Jarr\u00edn, asegur\u00f3 que la captura y secuestro del equipo period\u00edstico de El Comercio no fue en Ecuador.<\/p>\n<p>El ministro de Defensa de Colombia, Luis Carlos Villegas, dijo tras detener a\u00a0Gustavo Angulo, alias &#8216;Cherry&#8217;, supuesto autor del secuestro de los tres comunicadores, que fueron secuestrados en Mataje, localidad ecuatoriana de la provincia de Esmeraldas.<\/p>\n<p>Posteriormente, Angulo los entreg\u00f3 al frente Oliver Sinisterra, al mando de Walter Arizala, alias &#8216;Guacho&#8217;, un exguerrillero de las FARC que se apart\u00f3 del acuerdo de paz que desarm\u00f3 y transform\u00f3 en partido a la otrora guerrilla comunista.<\/p>\n<p>As\u00ed respondi\u00f3 a cuestionamientos de la prensa y de familiares del equipo period\u00edstico luego de pedir a Jarr\u00edn que aclare el lugar de la captura.<\/p>\n<p>Los cuerpos de\u00a0Javier Ortega, Pa\u00fal Rivas y Efra\u00edn Segarra retornaron a Ecuador el pasado 27 de junio.<\/p>\n<p>El asesinato fue anunciado por el presidente Len\u00edn Moreno el 13 de abril.<\/p>\n<p><strong>Plant\u00f3n en Quito<\/strong><\/p>\n<p>Los familiares de los asesinados expresaron este jueves que se ha organizado un plant\u00f3n para este s\u00e1bado 21, a las 15:00 en el parque El Arbolito, para manifestar que la desaparici\u00f3n no debe normalizarse y porque consideran que no se debe olvidar a los secuestrados tras la violencia en la zona fronteriza con Colombia.<\/p>\n<p>Adem\u00e1s informaron que la misi\u00f3n de la Comisi\u00f3n Interamericana de Derechos Humanos llegar\u00e1 al pa\u00eds la pr\u00f3xima semana.<\/p>\n<p>All\u00ed esperan que se puedan abrir los expedientes sobre el caso, porque all\u00ed deben constar las afirmaciones de los distintos ministros sobre el lugar del secuestro, que tal como afirma Jarr\u00edn no fue en territorio ecuatoriano. (I)<\/p>\n<p>Fuente: eluniverso.com<\/p>\n<div class=\"gsp_post_data\" \r\n\t            data-post_type=\"post\" \r\n\t            data-cat=\"general,noticias-ecuador\" \r\n\t            data-modified=\"120\"\r\n\t            data-created=\"1532024819\"\r\n\t            data-title=\"Ministro de Defensa afirma que equipo de El Comercio no fue secuestrado en Ecuador\" \r\n\t            data-home=\"https:\/\/www.evafm.net\/sitio\"><\/div>","protected":false},"excerpt":{"rendered":"<p>De manera contraria a la versi\u00f3n dada por las autoridades colombianas, este jueves el Ministro de Defensa ecuatoriano, Oswaldo Jarr\u00edn, asegur\u00f3 que la captura y secuestro del equipo period\u00edstico de El Comercio no fue en Ecuador. El ministro de Defensa de Colombia, Luis Carlos Villegas, dijo tras detener a\u00a0Gustavo Angulo, alias &#8216;Cherry&#8217;, supuesto autor del&#8230;<\/p>\n","protected":false},"author":5,"featured_media":36353,"comment_status":"closed","ping_status":"open","sticky":false,"template":"","format":"standard","meta":{"_joinchat":[],"footnotes":""},"categories":[1720,1558],"tags":[],"class_list":["post-36352","post","type-post","status-publish","format-standard","has-post-thumbnail","hentry","category-general","category-noticias-ecuador","have-post-thumb"],"_links":{"self":[{"href":"https:\/\/www.evafm.net\/sitio\/wp-json\/wp\/v2\/posts\/36352","targetHints":{"allow":["GET"]}}],"collection":[{"href":"https:\/\/www.evafm.net\/sitio\/wp-json\/wp\/v2\/posts"}],"about":[{"href":"https:\/\/www.evafm.net\/sitio\/wp-json\/wp\/v2\/types\/post"}],"author":[{"embeddable":true,"href":"https:\/\/www.evafm.net\/sitio\/wp-json\/wp\/v2\/users\/5"}],"replies":[{"embeddable":true,"href":"https:\/\/www.evafm.net\/sitio\/wp-json\/wp\/v2\/comments?post=36352"}],"version-history":[{"count":1,"href":"https:\/\/www.evafm.net\/sitio\/wp-json\/wp\/v2\/posts\/36352\/revisions"}],"predecessor-version":[{"id":36354,"href":"https:\/\/www.evafm.net\/sitio\/wp-json\/wp\/v2\/posts\/36352\/revisions\/36354"}],"wp:featuredmedia":[{"embeddable":true,"href":"https:\/\/www.evafm.net\/sitio\/wp-json\/wp\/v2\/media\/36353"}],"wp:attachment":[{"href":"https:\/\/www.evafm.net\/sitio\/wp-json\/wp\/v2\/media?parent=36352"}],"wp:term":[{"taxonomy":"category","embeddable":true,"href":"https:\/\/www.evafm.net\/sitio\/wp-json\/wp\/v2\/categories?post=36352"},{"taxonomy":"post_tag","embeddable":true,"href":"https:\/\/www.evafm.net\/sitio\/wp-json\/wp\/v2\/tags?post=36352"}],"curies":[{"name":"wp","href":"https:\/\/api.w.org\/{rel}","templated":true}]}}