{"id":36358,"date":"2018-07-19T18:41:56","date_gmt":"2018-07-19T23:41:56","guid":{"rendered":"http:\/\/www.evafm.net\/sitio\/?p=36358"},"modified":"2018-07-19T18:41:56","modified_gmt":"2018-07-19T23:41:56","slug":"donald-trump-con-vladimir-putin-se-reuniran-en-washington","status":"publish","type":"post","link":"https:\/\/www.evafm.net\/sitio\/donald-trump-con-vladimir-putin-se-reuniran-en-washington\/","title":{"rendered":"Donald Trump con Vladimir Putin se reuniran en Washington"},"content":{"rendered":"<div class=\"row\">\n<div class=\"col-xs-12 col-print-12\">\n<p class=\"element element-paragraph\">A pocos d\u00edas de haber celebrado su primer encuentro oficial con Vladimir Putin, Donald Trump asegur\u00f3 este jueves que pretende realizar una segunda cumbre con el presidente ruso.<\/p>\n<p class=\"element element-paragraph\">La Casa Blanca inform\u00f3 que el mandatario republicano pretende que se lleve a cabo en Washington, durante el oto\u00f1o norteamericano (de septiembre a diciembre).<\/p>\n<\/div>\n<\/div>\n<div class=\"row\">\n<div class=\"col-xs-12 col-print-12\">\n<p class=\"element element-paragraph\">As\u00ed lo confirm\u00f3\u00a0la portavoz de la Casa Blanca,<strong>\u00a0Sarah Huckabee Sanders<\/strong>,\u00a0a trav\u00e9s de su cuenta de Twitter.<\/p>\n<p class=\"element element-paragraph\">Adem\u00e1s, sostuvo que las conversaciones entre ambos pa\u00edses \u00abya est\u00e1n en marcha\u00bb.<\/p>\n<\/div>\n<\/div>\n<div class=\"row\">\n<div class=\"col-xs-12 col-print-12\">\n<p class=\"element element-paragraph\">\u00abEn Helsinki, @POTUS (siglas en ingl\u00e9s del presidente de EE.UU.) acord\u00f3 que hubiera un di\u00e1logo constante entre el personal de ambos consejos de seguridad\u00bb, escribi\u00f3 la jefa de prensa.<\/p>\n<\/div>\n<\/div>\n<div class=\"row\">\n<div class=\"col-xs-12 col-print-12\">\n<p class=\"element element-paragraph\">\u00abEl presidente Trump ha pedido a (su asesor de seguridad nacional, John Bolton) @Ambjohnbolton que invite al presidente Putin a Washington en oto\u00f1o, y esas conversaciones ya est\u00e1n en<\/p>\n<p class=\"element element-paragraph\">marcha\u00bb, agreg\u00f3.<\/p>\n<div class=\"row\">\n<div class=\"col-xs-12 col-print-12\">\n<p class=\"element element-paragraph\">Esa invitaci\u00f3n abre la posibilidad de que el presidente ruso visite Washington justo antes o despu\u00e9s de las elecciones legislativas en Estados Unidos, previstas para el 6 de noviembre, a pesar<strong>\u00a0del temor de las agencias de inteligencia estadounidenses de que Rusia trate de interferir en esos comicios<\/strong>, como\u00a0presuntamente hizo en los de 2016.<\/p>\n<\/div>\n<\/div>\n<div class=\"row\">\n<div class=\"col-xs-12 col-print-12\">\n<p class=\"element element-paragraph\">No obstante, no est\u00e1 claro que Putin vaya a aceptar la invitaci\u00f3n de visitar la capital norteamericana, dado que Trump ya intent\u00f3 programar la primera cumbre entre ambos all\u00ed y finalmente tuvo que conformarse con que la cita se produjera en Helsinki.<\/p>\n<\/div>\n<\/div>\n<div class=\"row\">\n<div class=\"col-xs-12 col-print-12\">\n<p class=\"element element-paragraph\">El presidente de Estados Unidos anunci\u00f3 este jueves su intenci\u00f3n de mantener una segunda cumbre con Putin,\u00a0<strong>debido al \u00ab\u00e9xito\u00bb que tuvo la que se celebr\u00f3 este lunes en la capital finlandesa.<\/strong><\/p>\n<\/div>\n<\/div>\n<div class=\"row\">\n<div class=\"col-xs-12 col-print-12\">\n<p class=\"element element-paragraph\"><strong>\u00abEstoy deseando nuestro segundo encuentro de modo que podamos empezar a implementar algunas de las muchas cosas discutidas\u00bb<\/strong>, apunt\u00f3 Trump desde su cuenta de Twitter.<\/p>\n<div class=\"row\">\n<div class=\"col-xs-12 col-print-12\">\n<p class=\"element element-paragraph\">Entre ellas, el mandatario cit\u00f3\u00a0<strong>la lucha contra el terrorismo, la seguridad en Israel, proliferaci\u00f3n nuclear, Ucrania, los ciber-ataques y Corea del Norte.<\/strong><\/p>\n<\/div>\n<\/div>\n<div class=\"row\">\n<div class=\"col-xs-12 col-print-12\">\n<p class=\"element element-paragraph\">\u00abHay muchas respuestas a estos problemas, algunas f\u00e1ciles y otras dif\u00edciles, pero TODOS pueden ser solucionados\u00bb, agreg\u00f3.<\/p>\n<\/div>\n<\/div>\n<div class=\"row\">\n<div class=\"col-xs-12 col-print-12\">\n<p class=\"element element-paragraph\">En su encuentro con Putin en Helsinki, Trump desat\u00f3 la pol\u00e9mica al desautorizar los informes de sus agencias de espionaje sobre la interferencia de Mosc\u00fa en las elecciones presidenciales de 2016.<\/p>\n<\/div>\n<\/div>\n<div class=\"row\">\n<div class=\"col-xs-12 col-print-12\">\n<p class=\"element element-paragraph\">Pero despu\u00e9s de recibir un aluvi\u00f3n de cr\u00edticas en EEUU, Trump aclar\u00f3 sus dichos al asegurar que se hab\u00eda expresado mal y que\u00a0<strong>s\u00ed cre\u00eda que Rusia hab\u00eda interferido<\/strong>, como han indicado los servicios de inteligencia estadounidenses.<\/p>\n<div class=\"single-image\">\n<div class=\"shares\">\n<div class=\"share-button facebook\"><\/div>\n<\/div>\n<p><img decoding=\"async\" id=\"T7X2FVIFHFF6VLAM5MW54TQINE\" class=\"image-lazy\" src=\"https:\/\/www.infobae.com\/new-resizer\/SOcI9LOTiPmO3J-bluXK58KETF4=\/600x0\/filters:quality(100)\/s3.amazonaws.com\/arc-wordpress-client-uploads\/infobae-wp\/wp-content\/uploads\/2018\/07\/16122520\/Trump-Putin-conferencia-Helsinki-6.jpg\" alt=\"La primera cumbre entre Trump y Putin se llev\u00f3 a cabo en Helsinki (REUTERS\/Grigory Dukor)\" width=\"750\" height=\"548.2142857142857\" \/><\/div>\n<p><span class=\"credit\">La primera cumbre entre Trump y Putin se llev\u00f3 a cabo en Helsinki (REUTERS\/Grigory Dukor)<\/span><\/p>\n<blockquote class=\"twitter-tweet\" data-width=\"550\" data-dnt=\"true\">\n<p lang=\"en\" dir=\"ltr\">In Helsinki, <a href=\"https:\/\/twitter.com\/POTUS?ref_src=twsrc%5Etfw\">@POTUS<\/a> agreed to ongoing working level dialogue between the two security council staffs. President Trump asked <a href=\"https:\/\/twitter.com\/AmbJohnBolton?ref_src=twsrc%5Etfw\">@Ambjohnbolton<\/a> to invite President Putin to Washington in the fall and those discussions are already underway.<\/p>\n<p>&mdash; Kayleigh McEnany 45 Archived (@PressSec45) <a href=\"https:\/\/twitter.com\/PressSec45\/status\/1020033303351619584?ref_src=twsrc%5Etfw\">July 19, 2018<\/a><\/p><\/blockquote>\n<p><script async src=\"https:\/\/platform.twitter.com\/widgets.js\" charset=\"utf-8\"><\/script><\/p>\n<\/div>\n<\/div>\n<div class=\"row\">\n<div class=\"col-xs-12 col-print-12\">\n<p class=\"element element-paragraph\">Con informaci\u00f3n de EFE<\/p>\n<p>Fuente: infobae.com<\/p>\n<\/div>\n<\/div>\n<\/div>\n<\/div>\n<\/div>\n<\/div>\n<div class=\"gsp_post_data\" \r\n\t            data-post_type=\"post\" \r\n\t            data-cat=\"general,noticias-internacionales\" \r\n\t            data-modified=\"120\"\r\n\t            data-created=\"1532025716\"\r\n\t            data-title=\"Donald Trump con Vladimir Putin se reuniran en Washington\" \r\n\t            data-home=\"https:\/\/www.evafm.net\/sitio\"><\/div>","protected":false},"excerpt":{"rendered":"<p>A pocos d\u00edas de haber celebrado su primer encuentro oficial con Vladimir Putin, Donald Trump asegur\u00f3 este jueves que pretende realizar una segunda cumbre con el presidente ruso. La Casa Blanca inform\u00f3 que el mandatario republicano pretende que se lleve a cabo en Washington, durante el oto\u00f1o norteamericano (de septiembre a diciembre). As\u00ed lo confirm\u00f3\u00a0la&#8230;<\/p>\n","protected":false},"author":5,"featured_media":36360,"comment_status":"closed","ping_status":"open","sticky":false,"template":"","format":"standard","meta":{"_joinchat":[],"footnotes":""},"categories":[1720,1345],"tags":[],"class_list":["post-36358","post","type-post","status-publish","format-standard","has-post-thumbnail","hentry","category-general","category-noticias-internacionales","have-post-thumb"],"_links":{"self":[{"href":"https:\/\/www.evafm.net\/sitio\/wp-json\/wp\/v2\/posts\/36358","targetHints":{"allow":["GET"]}}],"collection":[{"href":"https:\/\/www.evafm.net\/sitio\/wp-json\/wp\/v2\/posts"}],"about":[{"href":"https:\/\/www.evafm.net\/sitio\/wp-json\/wp\/v2\/types\/post"}],"author":[{"embeddable":true,"href":"https:\/\/www.evafm.net\/sitio\/wp-json\/wp\/v2\/users\/5"}],"replies":[{"embeddable":true,"href":"https:\/\/www.evafm.net\/sitio\/wp-json\/wp\/v2\/comments?post=36358"}],"version-history":[{"count":1,"href":"https:\/\/www.evafm.net\/sitio\/wp-json\/wp\/v2\/posts\/36358\/revisions"}],"predecessor-version":[{"id":36361,"href":"https:\/\/www.evafm.net\/sitio\/wp-json\/wp\/v2\/posts\/36358\/revisions\/36361"}],"wp:featuredmedia":[{"embeddable":true,"href":"https:\/\/www.evafm.net\/sitio\/wp-json\/wp\/v2\/media\/36360"}],"wp:attachment":[{"href":"https:\/\/www.evafm.net\/sitio\/wp-json\/wp\/v2\/media?parent=36358"}],"wp:term":[{"taxonomy":"category","embeddable":true,"href":"https:\/\/www.evafm.net\/sitio\/wp-json\/wp\/v2\/categories?post=36358"},{"taxonomy":"post_tag","embeddable":true,"href":"https:\/\/www.evafm.net\/sitio\/wp-json\/wp\/v2\/tags?post=36358"}],"curies":[{"name":"wp","href":"https:\/\/api.w.org\/{rel}","templated":true}]}}