{"id":36390,"date":"2018-07-19T20:09:27","date_gmt":"2018-07-20T01:09:27","guid":{"rendered":"http:\/\/www.evafm.net\/sitio\/?p=36390"},"modified":"2018-07-19T20:09:27","modified_gmt":"2018-07-20T01:09:27","slug":"diego-torres-y-carlos-vives-en-la-cancion-titulada-un-poquito","status":"publish","type":"post","link":"https:\/\/www.evafm.net\/sitio\/diego-torres-y-carlos-vives-en-la-cancion-titulada-un-poquito\/","title":{"rendered":"Diego Torres y Carlos Vives, en la canci\u00f3n titulada &#8216;Un poquito&#8217;"},"content":{"rendered":"<p>El cantautor argentino, Diego Torres, alista una nueva canci\u00f3n titulada \u2018Un poquito\u2019 y para esta ocasi\u00f3n invit\u00f3 al cantante colombiano, Carlos Vives.<\/p>\n<p>\u201cVives es \u00abun socio ideal, muy comprometido, muy apasionado con la canci\u00f3n\u00bb, expres\u00f3 en entrevista con Efe el argentino.<\/p>\n<p>Agreg\u00f3 \u00abEs una canci\u00f3n que tiene una letra muy sentida y una cadencia r\u00edtmica tambi\u00e9n para bailar, una combinaci\u00f3n que a mi me gusta mucho\u00bb.<\/p>\n<p>El cantante de \u2018Color esperanza\u2019, dijo que siempre le ha gustado fusionar ritmos de Latinoam\u00e9rica.<\/p>\n<p>\u201cEl nuevo sencillo, una fusi\u00f3n tropical con sonidos urbanos, electr\u00f3nicos y de reggae\u201d, explic\u00f3.<\/p>\n<p>La canci\u00f3n empieza con un acorde\u00f3n \u00abpero no al estilo vallenato, sino m\u00e1s melodioso, que tiene que ver con otra intenci\u00f3n\u00bb, precis\u00f3.<\/p>\n<p>\u00abEmpec\u00e9 a trabajar en la letra y ah\u00ed apareci\u00f3 la voz de Carlos porque es una canci\u00f3n muy fresca, ideal para combinar con \u00e9l\u00bb, quien al recibirla, empez\u00f3 a \u00abtirar ideas\u00bb. \u00abUn poquito es un lugar ideal para encontrarnos los dos\u00bb, manifest\u00f3, al recordar que adem\u00e1s se divirtieron mucho al grabar el video en Buenos Aires junto con la actriz Natalie P\u00e9rez.<\/p>\n<p>Torres trabaja ahora en la pr\u00f3ximas canciones de su disco, que lanzar\u00e1 a \u00abfinales de este a\u00f1o o principios del pr\u00f3ximo\u00bb y en el que habr\u00e1 \u00absorpresas\u00bb con d\u00faos con otros artistas. \u00abUn Poquito\u00bb, que ya se encuentra disponible en internet, fue producida por el cubano Yadam Gonz\u00e1lez, ganador del Grammy latino a la mejor canci\u00f3n Tropical 2016.<\/p>\n<p><iframe title=\"Diego Torres, Carlos Vives - Un Poquito (Official Video)\" width=\"1200\" height=\"675\" src=\"https:\/\/www.youtube.com\/embed\/gL4x2zG_6Yo?feature=oembed\" frameborder=\"0\" allow=\"accelerometer; autoplay; clipboard-write; encrypted-media; gyroscope; picture-in-picture; web-share\" referrerpolicy=\"strict-origin-when-cross-origin\" allowfullscreen><\/iframe><\/p>\n<p><img decoding=\"async\" src=\"http:\/\/static.hsbnoticias.com\/sites\/default\/files\/styles\/original\/public\/gallery\/2018\/07\/carlos-4.jpg?itok=aAO2MeB9\" \/><\/p>\n<p>Fuente: hsbnoticias.com &#8211; youtube.com<\/p>\n<div class=\"gsp_post_data\" \r\n\t            data-post_type=\"post\" \r\n\t            data-cat=\"general,musica-internacional\" \r\n\t            data-modified=\"120\"\r\n\t            data-created=\"1532030967\"\r\n\t            data-title=\"Diego Torres y Carlos Vives, en la canci\u00f3n titulada &#8216;Un poquito&#8217;\" \r\n\t            data-home=\"https:\/\/www.evafm.net\/sitio\"><\/div>","protected":false},"excerpt":{"rendered":"<p>El cantautor argentino, Diego Torres, alista una nueva canci\u00f3n titulada \u2018Un poquito\u2019 y para esta ocasi\u00f3n invit\u00f3 al cantante colombiano, Carlos Vives. \u201cVives es \u00abun socio ideal, muy comprometido, muy apasionado con la canci\u00f3n\u00bb, expres\u00f3 en entrevista con Efe el argentino. Agreg\u00f3 \u00abEs una canci\u00f3n que tiene una letra muy sentida y una cadencia r\u00edtmica&#8230;<\/p>\n","protected":false},"author":5,"featured_media":36392,"comment_status":"closed","ping_status":"open","sticky":false,"template":"","format":"standard","meta":{"_joinchat":[],"footnotes":""},"categories":[1720,2],"tags":[],"class_list":["post-36390","post","type-post","status-publish","format-standard","has-post-thumbnail","hentry","category-general","category-musica-internacional","have-post-thumb"],"_links":{"self":[{"href":"https:\/\/www.evafm.net\/sitio\/wp-json\/wp\/v2\/posts\/36390","targetHints":{"allow":["GET"]}}],"collection":[{"href":"https:\/\/www.evafm.net\/sitio\/wp-json\/wp\/v2\/posts"}],"about":[{"href":"https:\/\/www.evafm.net\/sitio\/wp-json\/wp\/v2\/types\/post"}],"author":[{"embeddable":true,"href":"https:\/\/www.evafm.net\/sitio\/wp-json\/wp\/v2\/users\/5"}],"replies":[{"embeddable":true,"href":"https:\/\/www.evafm.net\/sitio\/wp-json\/wp\/v2\/comments?post=36390"}],"version-history":[{"count":1,"href":"https:\/\/www.evafm.net\/sitio\/wp-json\/wp\/v2\/posts\/36390\/revisions"}],"predecessor-version":[{"id":36393,"href":"https:\/\/www.evafm.net\/sitio\/wp-json\/wp\/v2\/posts\/36390\/revisions\/36393"}],"wp:featuredmedia":[{"embeddable":true,"href":"https:\/\/www.evafm.net\/sitio\/wp-json\/wp\/v2\/media\/36392"}],"wp:attachment":[{"href":"https:\/\/www.evafm.net\/sitio\/wp-json\/wp\/v2\/media?parent=36390"}],"wp:term":[{"taxonomy":"category","embeddable":true,"href":"https:\/\/www.evafm.net\/sitio\/wp-json\/wp\/v2\/categories?post=36390"},{"taxonomy":"post_tag","embeddable":true,"href":"https:\/\/www.evafm.net\/sitio\/wp-json\/wp\/v2\/tags?post=36390"}],"curies":[{"name":"wp","href":"https:\/\/api.w.org\/{rel}","templated":true}]}}