{"id":36432,"date":"2018-07-20T14:20:45","date_gmt":"2018-07-20T19:20:45","guid":{"rendered":"http:\/\/www.evafm.net\/sitio\/?p=36432"},"modified":"2018-07-20T14:20:45","modified_gmt":"2018-07-20T19:20:45","slug":"dolor-de-pies-busque-al-culpable","status":"publish","type":"post","link":"https:\/\/www.evafm.net\/sitio\/dolor-de-pies-busque-al-culpable\/","title":{"rendered":"Dolor de pies: busque al culpable"},"content":{"rendered":"<p>Los pies soportan el peso de nuestro\u00a0<b>cuerpo<\/b>\u00a0y aunque llevan cada d\u00eda esa carga, no les prestamos la atenci\u00f3n que merecen.<\/p>\n<p>S\u00ed, nos preocupamos por c\u00f3mo lucen, pero cuando los dolores empiezan a aparecer, no solemos detenernos a pensar en qu\u00e9 los causa.<\/p>\n<p>Los pacientes usualmente van a la consulta cuando las molestias se tornan casi insoportables y para entonces el problema es m\u00e1s dif\u00edcil de manejar, explica el reumat\u00f3logo Carlos R\u00edos, director del Centro de Reumatolog\u00eda y Rehabilitaci\u00f3n\u00a0<b>(Cerer)<\/b>.<\/p>\n<p>Esos dolores no siempre son pasajeros o sin importancia.<\/p>\n<p>Por eso, hay que saber, por ejemplo, que los pinchazos en el tal\u00f3n no se desencadenan solamente por una mala postura, por un d\u00eda de largas caminatas o por el tipo de\u00a0<b>zapatos<\/b>\u00a0que usamos.<\/p>\n<p>A veces, esa es una se\u00f1al que nos env\u00eda otra parte de nuestro cuerpo de que algo no anda bien.<\/p>\n<p>Hay etapas en que ciertos males se presentan con m\u00e1s frecuencia.<\/p>\n<p>Por ejemplo, si esos dolores surgen en la ni\u00f1ez o adolescencia, lo m\u00e1s probable es que sea por pie plano o cavo.<\/p>\n<p>Pero cuando se presentan luego de los 30 o 40 a\u00f1os, la causa podr\u00eda ser el \u00e1cido \u00farico elevado, el sobrepeso, la diabetes y hasta un\u00a0<b>problema<\/b><b>cardiovascular<\/b>.<\/p>\n<p>Zoila Quintana, pod\u00f3loga especializada en Chile, con 20 a\u00f1os de experiencia, indica que cada molestia se presenta de una forma diferente.<\/p>\n<p>A veces el dolor est\u00e1 en uno de los dedos (con m\u00e1s frecuencia en el gordo), otras en el tal\u00f3n o a los costados.<\/p>\n<p>Son manifestaciones distintas y enfermedades distintas.<\/p>\n<p><b>EXPRESO<\/b>\u00a0consult\u00f3 con especialistas para saber de qu\u00e9 nos alertan estos dolores.<\/p>\n<p>Es importante tambi\u00e9n conocer c\u00f3mo mimar a sus pies y dejar ciertas modas que podr\u00edan provocarles da\u00f1o.<\/p>\n<p><b>El \u00e1cido \u00farico<\/b><\/p>\n<p>Cuando la persona padece gota (un tipo de artritis), la articulaci\u00f3n m\u00e1s afectada es la del dedo gordo del pie, debido a la acumulaci\u00f3n de \u00e1cido \u00farico.<\/p>\n<p>En estos casos, el dolor puede durar horas y hasta d\u00edas, al punto de imposibilitarlo para caminar.<\/p>\n<p>Una dieta rica en carne, mariscos y bebidas azucaradas es una causa de la enfermedad.<\/p>\n<p><img decoding=\"async\" src=\"http:\/\/www.expreso.ec\/binrepository\/732x487\/0c38\/732d412\/none\/12113\/SYFS\/image_content_25491854_20180716192314.jpg\" alt=\"Resultado de imagen para Dolor de pies: busque al culpable\" \/><\/p>\n<p><img decoding=\"async\" src=\"https:\/\/i.ytimg.com\/vi\/h49n_s9Xj5A\/maxresdefault.jpg\" alt=\"Resultado de imagen para Dolor de pies: busque al culpable\" \/><\/p>\n<p><img decoding=\"async\" src=\"https:\/\/dolordepies.online\/wp-content\/uploads\/2017\/10\/dolor-artritis-pie.jpg\" alt=\"Resultado de imagen para Dolor de pies: busque al culpable\" \/><\/p>\n<p>&nbsp;<\/p>\n<p><img fetchpriority=\"high\" decoding=\"async\" class=\" lazyloaded\" title=\"Dolor de pies: busque al culpable \" src=\"http:\/\/www.expreso.ec\/placeholder\/svg\/viewbox\/732x412\" alt=\"Dolor de pies: busque al culpable \" width=\"732\" height=\"412\" \/><\/p>\n<p>&nbsp;<\/p>\n<p>Fuente: expreso.ec<\/p>\n<div class=\"gsp_post_data\" \r\n\t            data-post_type=\"post\" \r\n\t            data-cat=\"general,salud\" \r\n\t            data-modified=\"120\"\r\n\t            data-created=\"1532096445\"\r\n\t            data-title=\"Dolor de pies: busque al culpable\" \r\n\t            data-home=\"https:\/\/www.evafm.net\/sitio\"><\/div>","protected":false},"excerpt":{"rendered":"<p>Los pies soportan el peso de nuestro\u00a0cuerpo\u00a0y aunque llevan cada d\u00eda esa carga, no les prestamos la atenci\u00f3n que merecen. S\u00ed, nos preocupamos por c\u00f3mo lucen, pero cuando los dolores empiezan a aparecer, no solemos detenernos a pensar en qu\u00e9 los causa. Los pacientes usualmente van a la consulta cuando las molestias se tornan casi&#8230;<\/p>\n","protected":false},"author":5,"featured_media":36433,"comment_status":"closed","ping_status":"open","sticky":false,"template":"","format":"standard","meta":{"_joinchat":[],"footnotes":""},"categories":[1720,1724],"tags":[],"class_list":["post-36432","post","type-post","status-publish","format-standard","has-post-thumbnail","hentry","category-general","category-salud","have-post-thumb"],"_links":{"self":[{"href":"https:\/\/www.evafm.net\/sitio\/wp-json\/wp\/v2\/posts\/36432","targetHints":{"allow":["GET"]}}],"collection":[{"href":"https:\/\/www.evafm.net\/sitio\/wp-json\/wp\/v2\/posts"}],"about":[{"href":"https:\/\/www.evafm.net\/sitio\/wp-json\/wp\/v2\/types\/post"}],"author":[{"embeddable":true,"href":"https:\/\/www.evafm.net\/sitio\/wp-json\/wp\/v2\/users\/5"}],"replies":[{"embeddable":true,"href":"https:\/\/www.evafm.net\/sitio\/wp-json\/wp\/v2\/comments?post=36432"}],"version-history":[{"count":1,"href":"https:\/\/www.evafm.net\/sitio\/wp-json\/wp\/v2\/posts\/36432\/revisions"}],"predecessor-version":[{"id":36434,"href":"https:\/\/www.evafm.net\/sitio\/wp-json\/wp\/v2\/posts\/36432\/revisions\/36434"}],"wp:featuredmedia":[{"embeddable":true,"href":"https:\/\/www.evafm.net\/sitio\/wp-json\/wp\/v2\/media\/36433"}],"wp:attachment":[{"href":"https:\/\/www.evafm.net\/sitio\/wp-json\/wp\/v2\/media?parent=36432"}],"wp:term":[{"taxonomy":"category","embeddable":true,"href":"https:\/\/www.evafm.net\/sitio\/wp-json\/wp\/v2\/categories?post=36432"},{"taxonomy":"post_tag","embeddable":true,"href":"https:\/\/www.evafm.net\/sitio\/wp-json\/wp\/v2\/tags?post=36432"}],"curies":[{"name":"wp","href":"https:\/\/api.w.org\/{rel}","templated":true}]}}