{"id":36450,"date":"2018-07-20T20:26:05","date_gmt":"2018-07-21T01:26:05","guid":{"rendered":"http:\/\/www.evafm.net\/sitio\/?p=36450"},"modified":"2018-07-20T20:26:05","modified_gmt":"2018-07-21T01:26:05","slug":"billy-joel-celebro-concierto-100-en-el-madison-square-garden-con-springsteen","status":"publish","type":"post","link":"https:\/\/www.evafm.net\/sitio\/billy-joel-celebro-concierto-100-en-el-madison-square-garden-con-springsteen\/","title":{"rendered":"Billy Joel celebr\u00f3 concierto 100 en el Madison Square Garden con Springsteen"},"content":{"rendered":"<div class=\"row\">\n<div class=\"col-xs-12 col-print-12\">\n<p class=\"element element-paragraph\"><strong>Billy Joel celebr\u00f3 su 100mo concierto en el Madison Square Garden<\/strong>\u00a0el mi\u00e9rcoles por la noche cantando a d\u00fao con\u00a0<strong>Bruce Springsteen<\/strong>.<\/p>\n<\/div>\n<\/div>\n<div class=\"row\">\n<div class=\"col-xs-12 col-print-12\">\n<p class=\"element element-paragraph\">Joel le dijo al animado p\u00fablico que\u00a0<strong>ten\u00eda un invitado ganador de premios Grammy, Oscar y Tony<\/strong>, y Springsteen apareci\u00f3 en el escenario y sorprendi\u00f3 a una fanaticada que vitore\u00f3 con fuerza \u00abBRUCE\u00bb.<\/p>\n<\/div>\n<\/div>\n<div class=\"row\">\n<div class=\"col-xs-12 col-print-12\">\n<p class=\"element element-paragraph\"><strong>\u00abFelicidades Billy por tu 100mo concierto\u00bb<\/strong>, grit\u00f3 Springsteen.<\/p>\n<div class=\"teads-inread\">\n<div class=\"teads-ui-components-label\">\n<div class=\"row\">\n<div class=\"col-xs-12 col-print-12\">\n<p class=\"element element-paragraph\">\u00ab\u00bfEn serio, Billy?\u00bb, pregunt\u00f3 mientras Joel comenzaba a tocar sentado al piano.<\/p>\n<\/div>\n<\/div>\n<div class=\"row\">\n<div class=\"col-xs-12 col-print-12\">\n<p class=\"element element-paragraph\">Springsteen alent\u00f3 a la multitud a gritar m\u00e1s duro y entonces cant\u00f3 su \u00e9xito\u00a0<strong>\u00abTenth Avenue Freeze-Out\u00bb<\/strong>\u00a0con Joel. Se encaram\u00f3 en el piano (lo logr\u00f3 al segundo intento) y entonces toc\u00f3 con su guitarra\u00a0<strong>\u00abBorn to Run\u00bb<\/strong>.<\/p>\n<div class=\"row\">\n<div class=\"col-xs-12 col-print-12\">\n<p class=\"element element-paragraph\">Joel, de 69 a\u00f1os, y Springsteen, de 68, se abrazaron tras interpretar juntos las dos canciones, y El Jefe le dio un beso a Joel en la cabeza antes de retirarse.<\/p>\n<\/div>\n<\/div>\n<div class=\"row\">\n<div class=\"col-xs-12 col-print-12\">\n<p class=\"element element-paragraph\"><strong>Una banderola celebrando la actuaci\u00f3n 100 de Joel en el MSG fue subida casi hasta el techo del recinto durante el concierto de dos horas<\/strong>. Joel comenz\u00f3 su residencia mensual en el Madison en 2014; ning\u00fan otro artista ha actuado m\u00e1s que \u00e9l ah\u00ed.<\/p>\n<\/div>\n<\/div>\n<div class=\"row\">\n<div class=\"col-xs-12 col-print-12\">\n<p class=\"element element-paragraph\">\u00abBuenas noches Nueva York\u00bb, dijo el m\u00fasico con su hija de 2 a\u00f1os, Della Rose Joel, sentada en el regazo. \u00abQuiero agradecerles a todos por haber venido a nuestro show\u00bb.<\/p>\n<\/div>\n<\/div>\n<div class=\"row\">\n<div class=\"col-xs-12 col-print-12\">\n<p class=\"element element-paragraph\">Joel luci\u00f3 emocionado durante toda la velada, en la que\u00a0<strong>pas\u00f3 del piano a la arm\u00f3nica y a la guitarra<\/strong>.<\/p>\n<p class=\"element element-paragraph\">Se puso lentes de sol para interpretar con gran pasi\u00f3n\u00a0<strong>\u00abNew York State of Mind\u00bb<\/strong>, le dio vueltas en el aire al atril de su micr\u00f3fono y bail\u00f3 alegremente tras cantar<strong>\u00a0\u00abUptown Girl\u00bb<\/strong>.<\/p>\n<\/div>\n<\/div>\n<div class=\"row\">\n<div class=\"col-xs-12 col-print-12\">\n<p class=\"element element-paragraph\">Dijo que tuvo que pensar en una canci\u00f3n especial para celebrar su nuevo hito, y entonces enton\u00f3\u00a0<strong>\u00abThis Is the Time\u00bb<\/strong>.<\/p>\n<\/div>\n<\/div>\n<div class=\"row\">\n<div class=\"col-xs-12 col-print-12\">\n<p class=\"element element-paragraph\">M\u00e1s temprano el mi\u00e9rcoles, el\u00a0<strong>gobernador Andrew Cuomo<\/strong>\u00a0proclam\u00f3 el\u00a0<strong>18 de julio del 2018 como el \u00abD\u00eda de Billy Joel\u00bb<\/strong>.<\/p>\n<p class=\"element element-paragraph\">El cantautor nacido en el Bronx\u00a0<strong>se present\u00f3 por primera vez en el MSG el 14 de diciembre de 1978<\/strong>. Su piano se exhibe en la entrada del lugar.<\/p>\n<\/div>\n<\/div>\n<div class=\"row\">\n<div class=\"col-xs-12 col-print-12\">\n<p class=\"element element-paragraph\"><em>Con informaci\u00f3n de AP<\/em><\/p>\n<div class=\"single-image\"><img decoding=\"async\" id=\"BT63NM6IKRBNVBPA2JJZZWDWPA\" class=\"image-lazy\" src=\"https:\/\/www.infobae.com\/new-resizer\/5RfVe_XCOrNH5lNWql4tQ0rYRvk=\/600x0\/filters:quality(100)\/s3.amazonaws.com\/arc-wordpress-client-uploads\/infobae-wp\/wp-content\/uploads\/2018\/07\/20100237\/billy-joel-1920-3.jpg\" alt=\"Billy Joel en su concierto este mi\u00e9rcoles (AFP)\" width=\"750\" height=\"421.484375\" \/><\/div>\n<p><span class=\"credit\">Billy Joel en su concierto este mi\u00e9rcoles (AFP)<\/span><\/p>\n<div class=\"shares\">\n<div class=\"share-button facebook\"><\/div>\n<\/div>\n<p><img decoding=\"async\" id=\"ZET2YWJWBVERXO5K6T5VUSULZQ\" class=\"image-lazy\" src=\"https:\/\/www.infobae.com\/new-resizer\/M5_no6s5ddm-gEEndoyAeP7KWbA=\/600x0\/filters:quality(100)\/s3.amazonaws.com\/arc-wordpress-client-uploads\/infobae-wp\/wp-content\/uploads\/2018\/07\/20100221\/billy-joel-1920-1.jpg\" alt=\"Billy Joel junto a la banderola celebrando la actuaci\u00f3n 100 (AFP)\" width=\"750\" height=\"421.484375\" \/><\/p>\n<p>Fuente: infobae.com<\/p>\n<\/div>\n<\/div>\n<\/div>\n<\/div>\n<\/div>\n<\/div>\n<\/div>\n<\/div>\n<div class=\"gsp_post_data\" \r\n\t            data-post_type=\"post\" \r\n\t            data-cat=\"farandula-internacional\" \r\n\t            data-modified=\"120\"\r\n\t            data-created=\"1532118365\"\r\n\t            data-title=\"Billy Joel celebr\u00f3 concierto 100 en el Madison Square Garden con Springsteen\" \r\n\t            data-home=\"https:\/\/www.evafm.net\/sitio\"><\/div>","protected":false},"excerpt":{"rendered":"<p>Billy Joel celebr\u00f3 su 100mo concierto en el Madison Square Garden\u00a0el mi\u00e9rcoles por la noche cantando a d\u00fao con\u00a0Bruce Springsteen. Joel le dijo al animado p\u00fablico que\u00a0ten\u00eda un invitado ganador de premios Grammy, Oscar y Tony, y Springsteen apareci\u00f3 en el escenario y sorprendi\u00f3 a una fanaticada que vitore\u00f3 con fuerza \u00abBRUCE\u00bb. \u00abFelicidades Billy por&#8230;<\/p>\n","protected":false},"author":5,"featured_media":36451,"comment_status":"closed","ping_status":"open","sticky":false,"template":"","format":"standard","meta":{"_joinchat":[],"footnotes":""},"categories":[1346],"tags":[],"class_list":["post-36450","post","type-post","status-publish","format-standard","has-post-thumbnail","hentry","category-farandula-internacional","have-post-thumb"],"_links":{"self":[{"href":"https:\/\/www.evafm.net\/sitio\/wp-json\/wp\/v2\/posts\/36450","targetHints":{"allow":["GET"]}}],"collection":[{"href":"https:\/\/www.evafm.net\/sitio\/wp-json\/wp\/v2\/posts"}],"about":[{"href":"https:\/\/www.evafm.net\/sitio\/wp-json\/wp\/v2\/types\/post"}],"author":[{"embeddable":true,"href":"https:\/\/www.evafm.net\/sitio\/wp-json\/wp\/v2\/users\/5"}],"replies":[{"embeddable":true,"href":"https:\/\/www.evafm.net\/sitio\/wp-json\/wp\/v2\/comments?post=36450"}],"version-history":[{"count":1,"href":"https:\/\/www.evafm.net\/sitio\/wp-json\/wp\/v2\/posts\/36450\/revisions"}],"predecessor-version":[{"id":36452,"href":"https:\/\/www.evafm.net\/sitio\/wp-json\/wp\/v2\/posts\/36450\/revisions\/36452"}],"wp:featuredmedia":[{"embeddable":true,"href":"https:\/\/www.evafm.net\/sitio\/wp-json\/wp\/v2\/media\/36451"}],"wp:attachment":[{"href":"https:\/\/www.evafm.net\/sitio\/wp-json\/wp\/v2\/media?parent=36450"}],"wp:term":[{"taxonomy":"category","embeddable":true,"href":"https:\/\/www.evafm.net\/sitio\/wp-json\/wp\/v2\/categories?post=36450"},{"taxonomy":"post_tag","embeddable":true,"href":"https:\/\/www.evafm.net\/sitio\/wp-json\/wp\/v2\/tags?post=36450"}],"curies":[{"name":"wp","href":"https:\/\/api.w.org\/{rel}","templated":true}]}}