{"id":36474,"date":"2018-07-21T10:23:27","date_gmt":"2018-07-21T15:23:27","guid":{"rendered":"http:\/\/www.evafm.net\/sitio\/?p=36474"},"modified":"2018-07-21T10:23:27","modified_gmt":"2018-07-21T15:23:27","slug":"los-tres-meses-que-cambiaron-a-nicaragua","status":"publish","type":"post","link":"https:\/\/www.evafm.net\/sitio\/los-tres-meses-que-cambiaron-a-nicaragua\/","title":{"rendered":"Los tres meses que cambiaron a Nicaragua"},"content":{"rendered":"<div class=\"row\">\n<div class=\"col-xs-12 col-print-12\">\n<p class=\"element element-paragraph\">La pulverizaci\u00f3n de la democracia nicarag\u00fcense fue un proceso lento pero emprendido con mucha constancia por Daniel Ortega desde su regreso a la presidencia, en 2007, tras pasar 17 a\u00f1os en el llano. Poco a poco,\u00a0<strong>fue colonizando a la Justicia y a los principales organismos de control, y reduciendo el margen de acci\u00f3n de la oposici\u00f3n<\/strong>.<\/p>\n<\/div>\n<\/div>\n<div class=\"row\">\n<div class=\"col-xs-12 col-print-12\">\n<p class=\"element element-paragraph\">La primera etapa se complet\u00f3 con la reforma Constitucional de 2014, que habilit\u00f3 la reelecci\u00f3n presidencial indefinida y elimin\u00f3 la segunda vuelta electoral.<\/p>\n<p class=\"element element-paragraph\">El siguiente paso lo dio la Corte Suprema de Justicia (CSJ) dos a\u00f1os m\u00e1s tarde.<\/p>\n<p class=\"element element-paragraph\"><strong>Le quit\u00f3 la personer\u00eda al Partido Liberal Independiente (PLI), principal fuerza opositora<\/strong>. Luego, el Consejo Supremo Electoral (CSE) destituy\u00f3 a 28 de sus diputados.<\/p>\n<\/div>\n<\/div>\n<div class=\"row\">\n<div class=\"col-xs-12 col-print-12\">\n<p class=\"element element-paragraph\">Ortega se present\u00f3 a una nueva reelecci\u00f3n el 6 de noviembre de 2016 con su esposa, Rosario Murillo, como candidata a vicepresidente, para que nadie dudara de que su proyecto pol\u00edtico es tambi\u00e9n familiar. Sin una oposici\u00f3n real y sin ninguna garant\u00eda de transparencia en los comicios,\u00a0<strong>inform\u00f3 resultados aplastantes: 72% de los votos y m\u00e1s de dos tercios de los esca\u00f1os<\/strong>\u00a0de la Asamblea Nacional.<\/p>\n<div class=\"row\">\n<div class=\"col-xs-12 col-print-12\">\n<p class=\"element element-paragraph\">\u00abLa protesta de nuestros estudiantes tiene m\u00faltiples y profundas ra\u00edces.<\/p>\n<p class=\"element element-paragraph\"><strong>La cada vez m\u00e1s visible corrupci\u00f3n de la c\u00fapula gobernante, las decisiones unilaterales e inconsultas<\/strong>\u00a0de un gobierno que estuvo dispuesto a negociar la soberan\u00eda del pa\u00eds con un inversionista chino supuestamente interesado en la construcci\u00f3n de un canal interoce\u00e1nico; y la consolidaci\u00f3n de una dictadura de tipo familiar, similar a la del somocismo que fue derrocado por los sandinistas\u00bb, explic\u00f3 Andr\u00e9s P\u00e9rez Baltodano, profesor del Departamento de Ciencia Pol\u00edtica de la Universidad de Ontario Occidental, Canad\u00e1, consultado por\u00a0<strong>Infobae<\/strong>.<\/p>\n<\/div>\n<\/div>\n<div class=\"row\">\n<div class=\"col-xs-12 col-print-12\">\n<p class=\"element element-paragraph\">Lo sorprendente es que, hasta hace tres meses, Ortega hab\u00eda recorrido todo ese camino casi sin sobresaltos.<\/p>\n<p class=\"element element-paragraph\">M\u00e1s all\u00e1 de los reclamos de los opositores excluidos y de algunos referentes intelectuales,\u00a0<strong>la sociedad nicarag\u00fcense aceptaba pasivamente el descomunal recorte de sus libertades<\/strong>.<\/p>\n<\/div>\n<\/div>\n<div class=\"row\">\n<div class=\"col-xs-12 col-print-12\">\n<p class=\"element element-paragraph\">\u00abLo que hab\u00eda era una ilusi\u00f3n. Pero, por debajo del iceberg, crec\u00eda una sensaci\u00f3n de malestar constante.<\/p>\n<p class=\"element element-paragraph\">Desde que volvi\u00f3 al poder,\u00a0<strong>Ortega fue metiendo presi\u00f3n y presi\u00f3n, y tapando las v\u00edas de escape, hasta que todo estall\u00f3<\/strong>.<\/p>\n<p class=\"element element-paragraph\">Los estudiantes lideraron una protesta c\u00edvica a la que se sum\u00f3 el resto de la poblaci\u00f3n porque ya estaba harta de que se hubieran cerrado todos los espacios pol\u00edticos\u00bb, dijo a\u00a0<strong>Infobae<\/strong>\u00a0el polit\u00f3logo Umanzor L\u00f3pez Baltodano, que forma parte de la articulaci\u00f3n de movimientos sociales movilizados.<\/p>\n<div class=\"row\">\n<div class=\"col-xs-12 col-print-12\">\n<p class=\"element element-paragraph\"><strong>La chispa<\/strong><\/p>\n<\/div>\n<\/div>\n<div class=\"row\">\n<div class=\"col-xs-12 col-print-12\">\n<p class=\"element element-paragraph\">Como suele ocurrir cuando se contiene durante mucho tiempo,\u00a0<strong>la ira se expres\u00f3 en forma de estallido.<\/strong><\/p>\n<p class=\"element element-paragraph\">En pocos d\u00edas, una sociedad que estaba adormecida sali\u00f3 a la calle a conmover los cimientos de un r\u00e9gimen que parec\u00eda tener todo bajo control.<\/p>\n<\/div>\n<\/div>\n<div class=\"row\">\n<div class=\"col-xs-12 col-print-12\">\n<p class=\"element element-paragraph\">\u00ab<strong>Un factor ha sido el retiro del dinero f\u00e1cil de Venezuela,<\/strong>\u00a0que hab\u00eda servido para apaciguar resistencias y comprar voluntades.<\/p>\n<p class=\"element element-paragraph\">De pronto, el pa\u00eds tuvo que empezar a vivir de lo propio, lo cual estuvo acompa\u00f1ado por el rompimiento de la alianza que se hab\u00eda cultivado en a\u00f1os anteriores con la c\u00fapula empresarial (COSEP).<\/p>\n<p class=\"element element-paragraph\">Ortega perdi\u00f3 su espacio y su capacidad de negociaci\u00f3n por falta de recursos frente a la sociedad, y recurri\u00f3 a la violencia para reprimir las protestas\u00bb, dijo a\u00a0<strong>Infobae<\/strong>\u00a0G\u00fcnther Maihold, especialista en las transiciones democr\u00e1ticas de Am\u00e9rica Latina y el Caribe del Instituto Alem\u00e1n de Asuntos Internacionales y de Seguridad.<\/p>\n<div class=\"row\">\n<div class=\"col-xs-12 col-print-12\">\n<p class=\"element element-paragraph\">El disparador fue la reforma de la Ley de Seguridad Social, que\u00a0<strong>reduc\u00eda las pensiones un 5%, y aumentaba la contribuci\u00f3n de trabajadores y empresas<\/strong>. El mismo d\u00eda que entraba en vigencia, el 18 de abril, comenzaron las movilizaciones.<\/p>\n<\/div>\n<\/div>\n<div class=\"row\">\n<div class=\"col-xs-12 col-print-12\">\n<p class=\"element element-paragraph\">\u00abEs verdad que en el imaginario comenz\u00f3 con la reforma, pero seis d\u00edas antes se hab\u00eda producido una crisis en la Reserva Biol\u00f3gica Indio Ma\u00edz, que es una de las m\u00e1s importantes de Nicaragua \u2014dijo L\u00f3pez\u2014.<\/p>\n<p class=\"element element-paragraph\"><strong>Eso gener\u00f3 descontento entre los universitarios, que tienen una conciencia ecol\u00f3gica muy sensible<\/strong>, y salieron a la calle para reclamar contra el tratamiento gubernamental.<\/p>\n<p class=\"element element-paragraph\">El hecho de que ya hubieran probado la fuerza de su organizaci\u00f3n gener\u00f3 un efecto contagio cuando se presentaron los cambios en la seguridad social\u00bb.<\/p>\n<\/div>\n<\/div>\n<div class=\"row\">\n<div class=\"col-xs-12 col-print-12\">\n<p class=\"element element-paragraph\">En un primer momento, los manifestantes eran un grupo no demasiado numeroso, compuesto fundamentalmente por j\u00f3venes.<\/p>\n<p class=\"element element-paragraph\">Pero\u00a0<strong>la brutalidad con la que se reprimi\u00f3 despert\u00f3 una indignaci\u00f3n mayoritaria<\/strong>.<\/p>\n<p class=\"element element-paragraph\">Entonces s\u00ed las movilizaciones pasaron a ser masivas y heterog\u00e9neas.<\/p>\n<p class=\"element element-paragraph\">Ortega quiso descomprimir derogando los cambios el 23 de abril, pero ya era tarde.<\/p>\n<div class=\"row\">\n<div class=\"col-xs-12 col-print-12\">\n<p class=\"element element-paragraph\">\u00abLa chispa fue la reforma de la seguridad social, pero este r\u00e9gimen hab\u00eda acumulado agravios contra todos los sectores.\u00a0<strong>Agred\u00eda a los universitarios a trav\u00e9s del control mafioso de la Uni\u00f3n de Estudiantes, porque acceder a becas o a matr\u00edculas exig\u00eda pasar por sus dedos.<\/strong><\/p>\n<p class=\"element element-paragraph\">Lo mismo con los pobladores del campo y de la ciudad, que para ingresar a programas sociales deb\u00edan anotarse en el partido de gobierno.<\/p>\n<p class=\"element element-paragraph\">Y cualquier empresario, para realizar una gesti\u00f3n, ten\u00eda que someterse a las argollas del poder pol\u00edtico.<\/p>\n<p class=\"element element-paragraph\">Todo eso se termin\u00f3 encadenando en una gran demanda democr\u00e1tica\u00bb, dijo a\u00a0<strong>Infobae<\/strong>\u00a0el pol\u00edtico y acad\u00e9mico nicarag\u00fcense Edmundo Jarqu\u00edn, ex candidato opositor a la vicepresidencia.<\/p>\n<\/div>\n<\/div>\n<div class=\"row\">\n<div class=\"col-xs-12 col-print-12\">\n<p class=\"element element-paragraph\">La respuesta\u00a0oficial altern\u00f3 entre el uso desproporcionado de la fuerza y los llamados al di\u00e1logo.<\/p>\n<p class=\"element element-paragraph\"><strong>Ortega y Murillo participaron de la mesa que se desarroll\u00f3 a partir del 16 de mayo en el Seminario de Managua.<\/strong><\/p>\n<p class=\"element element-paragraph\">Dur\u00f3 apenas una semana. Ante la continuidad de la represi\u00f3n y la negativa de la pareja a convocar a elecciones libres y limpias, se cortaron las negociaciones.<\/p>\n<div class=\"row\">\n<div class=\"col-xs-12 col-print-12\">\n<p class=\"element element-paragraph\">\u00abLa escalada de violencia es notoria y se siente.\u00a0<strong>El nicarag\u00fcense de todas las clases sociales se encuentra siempre en sensaci\u00f3n de que algo le puede ocurrir<\/strong>. La Polic\u00eda y los grupos paramilitares que el r\u00e9gimen ha sacado a la calle pueden atacar en cualquier momento.<\/p>\n<p class=\"element element-paragraph\">Tienen una pol\u00edtica de terror y est\u00e1n en una cacer\u00eda de l\u00edderes espec\u00edficos, como Irlanda J\u00e9rez, referente de los comerciantes autoconvocados del Mercado Oriental, que fue secuestrada esta semana\u00bb, cont\u00f3 L\u00f3pez.<\/p>\n<\/div>\n<\/div>\n<div class=\"row\">\n<div class=\"col-xs-12 col-print-12\">\n<p class=\"element element-paragraph\">En algunos municipios, las comunidades empezaron a desafiar abiertamente el poder del Estado.<\/p>\n<p class=\"element element-paragraph\">El caso m\u00e1s emblem\u00e1tico es el de Masaya, una ciudad de 173 mil habitantes ubicada a 28 kil\u00f3metros de Managua, que el 18 de junio se declar\u00f3 \u00abterritorio libre del dictador\u00bb.<\/p>\n<\/div>\n<\/div>\n<div class=\"row\">\n<div class=\"col-xs-12 col-print-12\">\n<p class=\"element element-paragraph\"><strong>Pero el r\u00e9gimen redobl\u00f3 la presi\u00f3n en las \u00faltimas semanas. Paramilitares atacaron el 9 de julio la bas\u00edlica de San Sebasti\u00e1n<\/strong>\u00a0en la ciudad de Diriamba e hirieron a obispos que se encontraban all\u00ed.<\/p>\n<p class=\"element element-paragraph\">Luego desataron la \u00abOperaci\u00f3n Limpieza\u00bb para desalojar a Masaya y a otras cuatro ciudades tomadas por manifestantes.<\/p>\n<p class=\"element element-paragraph\">Despu\u00e9s vino el desalojo de la Universidad de Nicaragua, en el que dos estudiantes fueron asesinados.<\/p>\n<div class=\"row\">\n<div class=\"col-xs-12 col-print-12\">\n<p class=\"element element-paragraph\">Al cabo de estos tres meses ya murieron m\u00e1s de 350 personas.<strong>\u00a0<\/strong><\/p>\n<p class=\"element element-paragraph\"><strong>Las negociaciones est\u00e1n ca\u00eddas y el Gobierno parece confiado en que, a fuerza de terror, va a recuperar el control.<\/strong><\/p>\n<p class=\"element element-paragraph\">Los movilizados, en cambio, est\u00e1n convencido de que su triunfo es inevitable.<\/p>\n<p class=\"element element-paragraph\">El mi\u00e9rcoles sumaron el apoyo de la OEA, que conden\u00f3 a Ortega por las violaciones a los derechos humanos y le exigi\u00f3 adelantar las elecciones.<\/p>\n<\/div>\n<\/div>\n<div class=\"row\">\n<div class=\"col-xs-12 col-print-12\">\n<p class=\"element element-paragraph\">\u00abLa invisibilidad del r\u00e9gimen autoritario de Ortega ante la comunidad internacional se ha acabado \u2014dijo Jarqu\u00edn\u2014.<\/p>\n<p class=\"element element-paragraph\">No s\u00f3lo por la resoluci\u00f3n de la OEA, sino a nivel bilateral.<\/p>\n<p class=\"element element-paragraph\"><strong>Pr\u00e1cticamente toda Am\u00e9rica Latina ha expresado su condena, al igual que el Alto Comisionado de la ONU para los Derechos Humanos y la Uni\u00f3n Europea<\/strong>.<\/p>\n<p class=\"element element-paragraph\">Est\u00e1 perdiendo en las calles y en el exterior\u00bb.<\/p>\n<div class=\"row\">\n<div class=\"col-xs-12 col-print-12\">\n<p class=\"element element-paragraph\"><strong>Entre la ilusi\u00f3n y el espejo de Venezuela<\/strong><\/p>\n<\/div>\n<\/div>\n<div class=\"row\">\n<div class=\"col-xs-12 col-print-12\">\n<p class=\"element element-paragraph\">Cuando se desata una crisis pol\u00edtica como la que est\u00e1 viviendo Nicaragua suelen abrirse dos caminos.<\/p>\n<p class=\"element element-paragraph\">Si el r\u00e9gimen que es ostensiblemente repudiado por el grueso de la poblaci\u00f3n opta por ceder relativamente r\u00e1pido, para evitar que siga muriendo gente, hay muchas probabilidades de que haya una salida pac\u00edfica.<\/p>\n<p class=\"element element-paragraph\"><strong>Si, en cambio, se atrinchera y el conflicto comienza a prolongarse, puede ser muy peligroso.<\/strong>\u00a0Sobre todo, en un pa\u00eds que tiene una pesada historia de guerras civiles.<\/p>\n<\/div>\n<\/div>\n<div class=\"row\">\n<div class=\"col-xs-12 col-print-12\">\n<p class=\"element element-paragraph\">\u00ab<strong>Dentro de la estrategia del gobierno est\u00e1 que la gente responda con violencia, trata de provocar eso<\/strong>.<\/p>\n<p class=\"element element-paragraph\">En Nicaragua hay muchas armas y es com\u00fan que los ciudadanos est\u00e9n armados.<\/p>\n<p class=\"element element-paragraph\">No obstante, hay que reconocer que la gente ha sido muy madura y no hubo una respuesta generalizada con violencia.<\/p>\n<p class=\"element element-paragraph\">La lucha por el regreso de la democracia se mantiene como c\u00edvica y no violenta.<\/p>\n<p class=\"element element-paragraph\">Si bien fueron tres meses muy duros, de muchas muertes, el pueblo logr\u00f3 poner contra la pared al r\u00e9gimen Ortega \u2013 Murillo.<\/p>\n<p class=\"element element-paragraph\">Se consiguieron grandes \u00e9xitos y esperamos que sigan para no llegar a un escenario de guerra civil\u00bb, sostuvo L\u00f3pez.<\/p>\n<\/div>\n<\/div>\n<div class=\"row\">\n<div class=\"col-xs-12 col-print-12\">\n<p class=\"element element-paragraph\">La escalada represiva de las \u00faltimas semanas sugiere que el clan Ortega no est\u00e1 dispuesto a irse, lo cual hace presumir que las muertes van a continuar.<\/p>\n<p class=\"element element-paragraph\">El objetivo es ir asustando y debilitando a los manifestantes, para que sean cada vez menos.<\/p>\n<div class=\"row\">\n<div class=\"col-xs-12 col-print-12\">\n<p class=\"element element-paragraph\">\u00abCon las agresiones contra los obispos que trataron de facilitar el di\u00e1logo nacional y el rechazo de la intermediaci\u00f3n por parte de la OEA,<\/p>\n<p class=\"element element-paragraph\">Ortega ha dado una clara se\u00f1al de que no tiene intenciones de renunciar ni de facilitar una transici\u00f3n.<\/p>\n<p class=\"element element-paragraph\">Hay que considerar que la situaci\u00f3n de Nicol\u00e1s Maduro en Venezuela le muestra el sendero de c\u00f3mo es factible sobrevivir con la desactivaci\u00f3n de la sociedad civil.<\/p>\n<p class=\"element element-paragraph\">Este parece ser su plan\u00bb, afirm\u00f3 Maihold.<\/p>\n<\/div>\n<\/div>\n<div class=\"row\">\n<div class=\"col-xs-12 col-print-12\">\n<p class=\"element element-paragraph\"><strong>Hace poco m\u00e1s de un a\u00f1o, Venezuela estaba en una situaci\u00f3n muy parecida.<\/strong><\/p>\n<p class=\"element element-paragraph\">\u00a0El r\u00e9gimen hab\u00eda cerrado los canales de participaci\u00f3n democr\u00e1tica y se desat\u00f3 un estallido social.<\/p>\n<p class=\"element element-paragraph\">Fueron cuatro meses ininterrumpidos de protesta, en los que Maduro respondi\u00f3 con la fuerza de la Guardia Nacional y de los colectivos armados, responsables de m\u00e1s de 150 muertes.<\/p>\n<\/div>\n<\/div>\n<div class=\"row\">\n<div class=\"col-xs-12 col-print-12\">\n<p class=\"element element-paragraph\">Su ca\u00edda parec\u00eda inminente, pero,<strong>\u00a0gracias al apoyo del Ej\u00e9rcito y de un n\u00facleo duro muy cerrado, se sostuvo.<\/strong><\/p>\n<p class=\"element element-paragraph\"><strong>\u00a0<\/strong>En este momento, a pesar de que sumergi\u00f3 al pa\u00eds en la peor hiperinflaci\u00f3n de la historia latinoamericana, cuesta imaginar su salida del gobierno en el mediano plazo.<\/p>\n<p class=\"element element-paragraph\">Ortega observa lo ocurrido y se ilusiona.<\/p>\n<div class=\"row\">\n<div class=\"col-xs-12 col-print-12\">\n<p class=\"element element-paragraph\">\u00ab<strong>Venezuela puede ser el espejo en el cual se vea el futuro de Nicaragua<\/strong>\u00a0\u2014dijo Jarqu\u00edn\u2014. Sin embargo, las diferencias son sustanciales.<\/p>\n<p class=\"element element-paragraph\">En primer lugar, es un pa\u00eds bastante m\u00e1s vulnerable a las presiones internacionales que Venezuela.<\/p>\n<p class=\"element element-paragraph\">Basta considerar la interdependencia que tienen los pa\u00edses centroamericanos, y todos condenaron lo que est\u00e1 sucediendo.<\/p>\n<p class=\"element element-paragraph\">En segundo lugar,\u00a0<strong>hay que tener en cuenta la masividad y la heterogeneidad de las protestas.<\/strong><\/p>\n<p class=\"element element-paragraph\">Adem\u00e1s, hay que recordar que el sector privado nicarag\u00fcense tiene m\u00e1s peso que el venezolano, que hab\u00eda sido erosionado a lo largo de casi 20 a\u00f1os\u00bb.<\/p>\n<\/div>\n<\/div>\n<div class=\"row\">\n<div class=\"col-xs-12 col-print-12\">\n<p class=\"element element-paragraph\">Es cierto, son pa\u00edses muy diferentes.<\/p>\n<p class=\"element element-paragraph\"><strong>Pero tambi\u00e9n es real que absolutamente nadie pod\u00eda imaginar en abril de 2017 que Maduro iba a estar ahora en una posici\u00f3n tan consolidada<\/strong>\u00a0en t\u00e9rminos de su dominio sobre la pol\u00edtica venezolana.<\/p>\n<p class=\"element element-paragraph\">Ese caso deber\u00eda servir de ejemplo para no subestimar el poder de supervivencia de reg\u00edmenes compactos, que tienen un control amplio sobre el aparato represivo del Estado, y que enfrentan a sociedades civiles relativamente d\u00e9biles.<\/p>\n<\/div>\n<\/div>\n<div class=\"row\">\n<div class=\"col-xs-12 col-print-12\">\n<p class=\"element element-paragraph\">\u00ab\u00bfC\u00f3mo terminar\u00e1 todo esto? Es muy dif\u00edcil saberlo. La presi\u00f3n dom\u00e9stica y la internacional se entrelazan hoy creando m\u00faltiples escenarios posibles para el futuro de la pol\u00edtica nicarag\u00fcense.<\/p>\n<p class=\"element element-paragraph\"><strong>Lo que es claro es que habr\u00e1 que decidir entre la confrontaci\u00f3n pol\u00edtica civilizada o la continuaci\u00f3n de la barbarie en la que ha ca\u00eddo el pa\u00eds<\/strong>.<\/p>\n<p class=\"element element-paragraph\">En ambos casos, estamos hablando de un nueva Nicaragua, muy diferente a la que existi\u00f3 antes del fat\u00eddico Abril de 2018\u2033, concluy\u00f3 P\u00e9rez.<\/p>\n<div class=\"single-image\">\n<div class=\"shares\">\n<div class=\"share-button facebook\"><\/div>\n<\/div>\n<p><img decoding=\"async\" id=\"3XOLYDVIS5HKDMBQTNSOMZSZVQ\" class=\"image-lazy\" src=\"https:\/\/www.infobae.com\/new-resizer\/caEWeRmgaIf4vaMKKRuMH16Poe4=\/600x0\/filters:quality(100)\/s3.amazonaws.com\/arc-wordpress-client-uploads\/infobae-wp\/wp-content\/uploads\/2018\/05\/18034636\/2018-05-16T204120Z_1863772539_RC18DC51A380_RTRMADP_3_NICARAGUA-PROTEST.jpg\" alt=\"El presidente de Nicaragua, Daniel Ortega, y su esposa, la vicepresidente Rosario Murillo en la mesa del Di\u00e1logo Nacional (REUTERS\/Oswaldo Rivas)\" width=\"750\" height=\"489.21428571428567\" \/><\/div>\n<p><span class=\"credit\">El presidente de Nicaragua, Daniel Ortega, y su esposa, la vicepresidente Rosario Murillo en la mesa del Di\u00e1logo Nacional (REUTERS\/Oswaldo Rivas)<\/span><\/p>\n<div class=\"single-image\">\n<div class=\"shares\">\n<div class=\"share-button facebook\"><\/div>\n<\/div>\n<p><img decoding=\"async\" id=\"YZTJLWBWTBDY5PHGADC44KLEEE\" class=\"image-lazy\" src=\"https:\/\/www.infobae.com\/new-resizer\/NBLBbD3vKjBdRjVppbZwBSFzy54=\/600x0\/filters:quality(100)\/s3.amazonaws.com\/arc-wordpress-client-uploads\/infobae-wp\/wp-content\/uploads\/2018\/06\/30160558\/Marchadelasflores-Nicaragua-managua-3.jpg\" alt=\"Las marchas fueron cada vez m\u00e1s masivas durante el primer mes\" width=\"750\" height=\"421.875\" \/><\/div>\n<p><span class=\"credit\">Las marchas fueron cada vez m\u00e1s masivas durante el primer mes.<\/span><\/p>\n<div class=\"single-image\">\n<div class=\"shares\">\n<div class=\"share-button facebook\"><\/div>\n<\/div>\n<p><img decoding=\"async\" id=\"RUZFJEKYKBEUTCSMT6UZ3IZLHI\" class=\"image-lazy\" src=\"https:\/\/www.infobae.com\/new-resizer\/tAuV3RvBFximMYBggzDqNDebv8Y=\/600x0\/filters:quality(100)\/s3.amazonaws.com\/arc-wordpress-client-uploads\/infobae-wp\/wp-content\/uploads\/2016\/08\/25205117\/maduro-ortega-1920.jpg\" alt=\"Nicol\u00e1s Maduro y Daniel Ortega, dos aliados con mucho en com\u00fan (EFE)\" width=\"750\" height=\"421.875\" \/><\/div>\n<p><span class=\"credit\">Nicol\u00e1s Maduro y Daniel Ortega, dos aliados con mucho en com\u00fan (EFE)<\/span><\/p>\n<div class=\"single-image\">\n<div class=\"shares\">\n<div class=\"share-button facebook\"><\/div>\n<\/div>\n<p><img decoding=\"async\" id=\"6NNZZZ6IORADTASTKOLTZNQXHY\" class=\"image-lazy\" src=\"https:\/\/www.infobae.com\/new-resizer\/kLSxkUU8U8X9QZwTqknQygImAgM=\/600x0\/filters:quality(100)\/s3.amazonaws.com\/arc-wordpress-client-uploads\/infobae-wp\/wp-content\/uploads\/2018\/06\/19082534\/Masaya-Nicaragua-5.jpg\" alt=\"Algunos manifestantes usan armas caseras para enfrentarse a la Polic\u00eda (Reuters)\" width=\"750\" height=\"421.875\" \/><\/div>\n<p><span class=\"credit\">Algunos manifestantes usan armas caseras para enfrentarse a la Polic\u00eda (Reuters)<\/span><\/p>\n<p><iframe title=\"Nicaragua cumple tres meses de crisis con 351 muertos\" width=\"1200\" height=\"675\" src=\"https:\/\/www.youtube.com\/embed\/HAx59sTxLg8?feature=oembed\" frameborder=\"0\" allow=\"accelerometer; autoplay; clipboard-write; encrypted-media; gyroscope; picture-in-picture; web-share\" referrerpolicy=\"strict-origin-when-cross-origin\" allowfullscreen><\/iframe><\/p>\n<p>Fuente: infobae.com &#8211; youtube.com<\/p>\n<\/div>\n<\/div>\n<\/div>\n<\/div>\n<\/div>\n<\/div>\n<\/div>\n<\/div>\n<\/div>\n<\/div>\n<\/div>\n<\/div>\n<\/div>\n<\/div>\n<\/div>\n<\/div>\n<p>&nbsp;<\/p>\n<\/div>\n<\/div>\n<\/div>\n<\/div>\n<div class=\"gsp_post_data\" \r\n\t            data-post_type=\"post\" \r\n\t            data-cat=\"general,noticias-internacionales\" \r\n\t            data-modified=\"120\"\r\n\t            data-created=\"1532168607\"\r\n\t            data-title=\"Los tres meses que cambiaron a Nicaragua\" \r\n\t            data-home=\"https:\/\/www.evafm.net\/sitio\"><\/div>","protected":false},"excerpt":{"rendered":"<p>La pulverizaci\u00f3n de la democracia nicarag\u00fcense fue un proceso lento pero emprendido con mucha constancia por Daniel Ortega desde su regreso a la presidencia, en 2007, tras pasar 17 a\u00f1os en el llano. Poco a poco,\u00a0fue colonizando a la Justicia y a los principales organismos de control, y reduciendo el margen de acci\u00f3n de la&#8230;<\/p>\n","protected":false},"author":5,"featured_media":36475,"comment_status":"closed","ping_status":"open","sticky":false,"template":"","format":"standard","meta":{"_joinchat":[],"footnotes":""},"categories":[1720,1345],"tags":[],"class_list":["post-36474","post","type-post","status-publish","format-standard","has-post-thumbnail","hentry","category-general","category-noticias-internacionales","have-post-thumb"],"_links":{"self":[{"href":"https:\/\/www.evafm.net\/sitio\/wp-json\/wp\/v2\/posts\/36474","targetHints":{"allow":["GET"]}}],"collection":[{"href":"https:\/\/www.evafm.net\/sitio\/wp-json\/wp\/v2\/posts"}],"about":[{"href":"https:\/\/www.evafm.net\/sitio\/wp-json\/wp\/v2\/types\/post"}],"author":[{"embeddable":true,"href":"https:\/\/www.evafm.net\/sitio\/wp-json\/wp\/v2\/users\/5"}],"replies":[{"embeddable":true,"href":"https:\/\/www.evafm.net\/sitio\/wp-json\/wp\/v2\/comments?post=36474"}],"version-history":[{"count":1,"href":"https:\/\/www.evafm.net\/sitio\/wp-json\/wp\/v2\/posts\/36474\/revisions"}],"predecessor-version":[{"id":36477,"href":"https:\/\/www.evafm.net\/sitio\/wp-json\/wp\/v2\/posts\/36474\/revisions\/36477"}],"wp:featuredmedia":[{"embeddable":true,"href":"https:\/\/www.evafm.net\/sitio\/wp-json\/wp\/v2\/media\/36475"}],"wp:attachment":[{"href":"https:\/\/www.evafm.net\/sitio\/wp-json\/wp\/v2\/media?parent=36474"}],"wp:term":[{"taxonomy":"category","embeddable":true,"href":"https:\/\/www.evafm.net\/sitio\/wp-json\/wp\/v2\/categories?post=36474"},{"taxonomy":"post_tag","embeddable":true,"href":"https:\/\/www.evafm.net\/sitio\/wp-json\/wp\/v2\/tags?post=36474"}],"curies":[{"name":"wp","href":"https:\/\/api.w.org\/{rel}","templated":true}]}}