{"id":36508,"date":"2018-07-21T11:54:46","date_gmt":"2018-07-21T16:54:46","guid":{"rendered":"http:\/\/www.evafm.net\/sitio\/?p=36508"},"modified":"2018-07-21T11:54:46","modified_gmt":"2018-07-21T16:54:46","slug":"haria-don-day-un-dueto-con-tono-navarrete","status":"publish","type":"post","link":"https:\/\/www.evafm.net\/sitio\/haria-don-day-un-dueto-con-tono-navarrete\/","title":{"rendered":"\u00bfHar\u00eda Don Day un dueto con To\u00f1o Navarrete?"},"content":{"rendered":"<p>El conocido cantante ecuatoriano Don Day prefiri\u00f3 no hablar y evitar el tema sobre si har\u00eda un dueto musical con To\u00f1o Navarrete.<\/p>\n<p>En el otro lado de la moneda, To\u00f1o Navarrete se mostr\u00f3 abierto a realizar un d\u00fao musical con Don Day.<\/p>\n<p>Mira todo las declaraciones en el siguiente video.<\/p>\n<p><iframe title=\"\u00bfHar\u00eda Don Day un dueto con To\u00f1o Navarrete? - Jarabe de Pico\" width=\"1200\" height=\"900\" src=\"https:\/\/www.youtube.com\/embed\/ovWDpjelhSY?feature=oembed\" frameborder=\"0\" allow=\"accelerometer; autoplay; clipboard-write; encrypted-media; gyroscope; picture-in-picture; web-share\" referrerpolicy=\"strict-origin-when-cross-origin\" allowfullscreen><\/iframe><\/p>\n<p>Fuente: Teleamazonas &#8211; Programa: Jarabe de pico<\/p>\n<div class=\"gsp_post_data\" \r\n\t            data-post_type=\"post\" \r\n\t            data-cat=\"farandula-ecuatoriana,general\" \r\n\t            data-modified=\"120\"\r\n\t            data-created=\"1532174086\"\r\n\t            data-title=\"\u00bfHar\u00eda Don Day un dueto con To\u00f1o Navarrete?\" \r\n\t            data-home=\"https:\/\/www.evafm.net\/sitio\"><\/div>","protected":false},"excerpt":{"rendered":"<p>El conocido cantante ecuatoriano Don Day prefiri\u00f3 no hablar y evitar el tema sobre si har\u00eda un dueto musical con To\u00f1o Navarrete. En el otro lado de la moneda, To\u00f1o Navarrete se mostr\u00f3 abierto a realizar un d\u00fao musical con Don Day. Mira todo las declaraciones en el siguiente video. Fuente: Teleamazonas &#8211; Programa: Jarabe&#8230;<\/p>\n","protected":false},"author":5,"featured_media":36510,"comment_status":"closed","ping_status":"open","sticky":false,"template":"","format":"standard","meta":{"_joinchat":[],"footnotes":""},"categories":[1562,1720],"tags":[],"class_list":["post-36508","post","type-post","status-publish","format-standard","has-post-thumbnail","hentry","category-farandula-ecuatoriana","category-general","have-post-thumb"],"_links":{"self":[{"href":"https:\/\/www.evafm.net\/sitio\/wp-json\/wp\/v2\/posts\/36508","targetHints":{"allow":["GET"]}}],"collection":[{"href":"https:\/\/www.evafm.net\/sitio\/wp-json\/wp\/v2\/posts"}],"about":[{"href":"https:\/\/www.evafm.net\/sitio\/wp-json\/wp\/v2\/types\/post"}],"author":[{"embeddable":true,"href":"https:\/\/www.evafm.net\/sitio\/wp-json\/wp\/v2\/users\/5"}],"replies":[{"embeddable":true,"href":"https:\/\/www.evafm.net\/sitio\/wp-json\/wp\/v2\/comments?post=36508"}],"version-history":[{"count":1,"href":"https:\/\/www.evafm.net\/sitio\/wp-json\/wp\/v2\/posts\/36508\/revisions"}],"predecessor-version":[{"id":36511,"href":"https:\/\/www.evafm.net\/sitio\/wp-json\/wp\/v2\/posts\/36508\/revisions\/36511"}],"wp:featuredmedia":[{"embeddable":true,"href":"https:\/\/www.evafm.net\/sitio\/wp-json\/wp\/v2\/media\/36510"}],"wp:attachment":[{"href":"https:\/\/www.evafm.net\/sitio\/wp-json\/wp\/v2\/media?parent=36508"}],"wp:term":[{"taxonomy":"category","embeddable":true,"href":"https:\/\/www.evafm.net\/sitio\/wp-json\/wp\/v2\/categories?post=36508"},{"taxonomy":"post_tag","embeddable":true,"href":"https:\/\/www.evafm.net\/sitio\/wp-json\/wp\/v2\/tags?post=36508"}],"curies":[{"name":"wp","href":"https:\/\/api.w.org\/{rel}","templated":true}]}}