{"id":36528,"date":"2018-07-23T11:26:05","date_gmt":"2018-07-23T16:26:05","guid":{"rendered":"http:\/\/www.evafm.net\/sitio\/?p=36528"},"modified":"2018-07-23T11:26:05","modified_gmt":"2018-07-23T16:26:05","slug":"siete-abogados-son-parte-de-la-defensa-del-expresidente-rafael-correa","status":"publish","type":"post","link":"https:\/\/www.evafm.net\/sitio\/siete-abogados-son-parte-de-la-defensa-del-expresidente-rafael-correa\/","title":{"rendered":"Siete abogados son parte de la defensa del expresidente Rafael Correa"},"content":{"rendered":"<p>Desde que Rafael Correa asumi\u00f3 la Presidencia de la Rep\u00fablica, en el 2007, hasta que entreg\u00f3 el mandato, en el 2017, los procesos legales lo han acompa\u00f1ado en todo tiempo, y con ellos un grupo de abogados.<\/p>\n<p>Durante el\u00a0<strong>ejercicio de su mandato estuvieron Gutemberg y Alembert Vera (padre e hijo) y Caupolic\u00e1n Ochoa<\/strong>, entre otros pocos medi\u00e1ticos.<\/p>\n<p>De esa \u2018vieja guardia\u2019 de sus abogados,\u00a0<strong>actualmente solo Ochoa lo acompa\u00f1a<\/strong>. Alexis Mera, quien fue secretario jur\u00eddico en la Presidencia, pas\u00f3 a convertirse en otro de los abogados personales de Correa.<\/p>\n<p>Ochoa es el l\u00edder del equipo t\u00e9cnico que conforma la defensa jur\u00eddica del expresidente en el\u00a0caso del secuestro del activista pol\u00edtico Fernando Balda.<\/p>\n<p>Aparte de Mera, tambi\u00e9n lo integran Luis Fernando Molina y Fausto Jarr\u00edn.<\/p>\n<p>Molina sostiene que el equipo de juristas es multidisciplinario y que se ha distribuido de tal forma que pueda estar en todas las diligencias del proceso.<\/p>\n<p>\u201cEn la etapa de instrucci\u00f3n fiscal, la serie de diligencias hace que algunas coincidan con otras, entonces la defensa t\u00e9cnica se ha distribuido en aquello y se tiene una vocer\u00eda oficial en Guayaquil como el doctor Vanegas como un asesor legal externo dentro de la defensa del expresidente Rafael Correa\u201d, indica Molina.<\/p>\n<div class=\"panel-pane pane-views pane-datos-nota-ampliada pane-node-body\">\n<div class=\"pane-content\">\n<div class=\"view view-datos-nota-ampliada view-id-datos_nota_ampliada view-display-id-block_11 view-dom-id-32530348e0694d4eaefd3fd8e3490fef\">\n<div class=\"view-content\">\n<div class=\"views-row views-row-1 views-row-odd views-row-first views-row-last\">\n<div class=\"views-field views-field-body\">\n<div class=\"field-content\">\n<div class=\"field-name-body\">\n<p>Se refiere a\u00a0<strong>Alejandro Vanegas, quien act\u00faa como consultor legal<\/strong>\u00a0y como vocero las veces que Correa se lo solicita.<\/p>\n<p>No participa de las diligencias del caso Balda, pero sus opiniones y argumentos a favor del exmandatario son permanentes en redes sociales como Twitter.<\/p>\n<p>\u201cLo que hago es explicar mis opiniones, pero yo no estoy como abogado&#8230; Supongamos que la Corte Nacional resuelve ordenar la extradici\u00f3n del expresidente de la Rep\u00fablica\u2026 lo que yo hago, en m\u00e9rito de lo que estoy contratado como profesional, es explicar en qu\u00e9 consiste la extradici\u00f3n\u201d, dice Vanegas.<\/p>\n<p>A diferencia de Caupolic\u00e1n Ochoa y su equipo, Vanegas s\u00ed mantiene contacto con los abogados de Correa en el exterior.<\/p>\n<p><strong>En B\u00e9lgica, el expresidente es patrocinado por Christophe Marchand<\/strong>, uno de los abogados m\u00e1s reconocidos en ese pa\u00eds, form\u00f3 parte de la defensa del expresidente de Catalu\u00f1a (Espa\u00f1a), Carles Puigdemont.<\/p>\n<p>Recientemente apareci\u00f3 en escena otro defensor de Correa: el ecuatoriano\u00a0Oswaldo Ruiz Chiriboga, quien, al parecer, reside en Hungr\u00eda, y por pedido del expresidente acudir\u00e1 a la Comisi\u00f3n Interamericana de Derechos Humanos (CIDH)para solicitar medidas de protecci\u00f3n a su favor.<\/p>\n<p>\u201cEn mi caso s\u00ed conozco c\u00f3mo se est\u00e1n desarrollando los contenidos jur\u00eddicos\u2026\u201d, asegura Vanegas, quien se prepara para intervenir ante los medios luego de la audiencia del pr\u00f3ximo 31 de julio, en que se conocer\u00e1 el dictamen fiscal y si Correa ser\u00e1 llamado a juicio o no.<\/p>\n<p>Sobre\u00a0<strong>honorarios de los siete abogados no se conoce<\/strong>. Molina dice que eso es un asunto privado y \u201crespecto de eso no vamos a emitir criterios\u201d. (I)<\/p>\n<p><strong>Cambio de medida<\/strong><br \/>\nHoy ser\u00e1 la audiencia para resolver la apelaci\u00f3n que present\u00f3 Rafael Correa a la orden de prisi\u00f3n preventiva dictada en su contra el 3 de julio, tras no presentarse a la Corte Nacional como estableci\u00f3 la jueza Daniella Camacho al vincularlo al caso del secuestro de Fernando Balda, en 2012.<\/p>\n<p>Correa se present\u00f3 en la embajada de Ecuador en B\u00e9lgica, donde reside.<\/p>\n<p>Su principal argumento es que la orden de prisi\u00f3n preventiva es desproporcional.<\/p>\n<p>Su defensa dice que \u00e9l ha mostrado la predisposici\u00f3n de comparecer y aportar a la investigaci\u00f3n si no se vulneran sus derechos y en la medida en que su domicilio est\u00e1 en B\u00e9lgica.<\/p>\n<p>Solicitar\u00e1n medidas alternativas.<\/p>\n<p>Fuente: eluniverso.com<\/p>\n<\/div>\n<\/div>\n<\/div>\n<div class=\"views-field views-field-php\"><\/div>\n<\/div>\n<\/div>\n<\/div>\n<\/div>\n<\/div>\n<div class=\"panel-pane pane-views pane-datos-nota-ampliada element-hide-mobile tokens-nota\">\n<div class=\"pane-content\">\n<div class=\"view view-datos-nota-ampliada view-id-datos_nota_ampliada view-display-id-block_6 nota-tokens view-dom-id-621a4235cf6972ecf84c8194b7c33dc5\">\n<div class=\"view-content\">\n<div class=\"views-row views-row-1 views-row-odd views-row-first views-row-last\">\n<div class=\"views-field views-field-field-topicos\">\n<div class=\"field-content\"><\/div>\n<\/div>\n<div class=\"views-field views-field-field-keywords\">\n<div class=\"field-content\">\n<div class=\"item-list\"><\/div>\n<\/div>\n<\/div>\n<\/div>\n<\/div>\n<\/div>\n<\/div>\n<\/div>\n<div class=\"gsp_post_data\" \r\n\t            data-post_type=\"post\" \r\n\t            data-cat=\"general,noticias-ecuador\" \r\n\t            data-modified=\"120\"\r\n\t            data-created=\"1532345165\"\r\n\t            data-title=\"Siete abogados son parte de la defensa del expresidente Rafael Correa\" \r\n\t            data-home=\"https:\/\/www.evafm.net\/sitio\"><\/div>","protected":false},"excerpt":{"rendered":"<p>Desde que Rafael Correa asumi\u00f3 la Presidencia de la Rep\u00fablica, en el 2007, hasta que entreg\u00f3 el mandato, en el 2017, los procesos legales lo han acompa\u00f1ado en todo tiempo, y con ellos un grupo de abogados. Durante el\u00a0ejercicio de su mandato estuvieron Gutemberg y Alembert Vera (padre e hijo) y Caupolic\u00e1n Ochoa, entre otros&#8230;<\/p>\n","protected":false},"author":5,"featured_media":36529,"comment_status":"closed","ping_status":"open","sticky":false,"template":"","format":"standard","meta":{"_joinchat":[],"footnotes":""},"categories":[1720,1558],"tags":[],"class_list":["post-36528","post","type-post","status-publish","format-standard","has-post-thumbnail","hentry","category-general","category-noticias-ecuador","have-post-thumb"],"_links":{"self":[{"href":"https:\/\/www.evafm.net\/sitio\/wp-json\/wp\/v2\/posts\/36528","targetHints":{"allow":["GET"]}}],"collection":[{"href":"https:\/\/www.evafm.net\/sitio\/wp-json\/wp\/v2\/posts"}],"about":[{"href":"https:\/\/www.evafm.net\/sitio\/wp-json\/wp\/v2\/types\/post"}],"author":[{"embeddable":true,"href":"https:\/\/www.evafm.net\/sitio\/wp-json\/wp\/v2\/users\/5"}],"replies":[{"embeddable":true,"href":"https:\/\/www.evafm.net\/sitio\/wp-json\/wp\/v2\/comments?post=36528"}],"version-history":[{"count":1,"href":"https:\/\/www.evafm.net\/sitio\/wp-json\/wp\/v2\/posts\/36528\/revisions"}],"predecessor-version":[{"id":36530,"href":"https:\/\/www.evafm.net\/sitio\/wp-json\/wp\/v2\/posts\/36528\/revisions\/36530"}],"wp:featuredmedia":[{"embeddable":true,"href":"https:\/\/www.evafm.net\/sitio\/wp-json\/wp\/v2\/media\/36529"}],"wp:attachment":[{"href":"https:\/\/www.evafm.net\/sitio\/wp-json\/wp\/v2\/media?parent=36528"}],"wp:term":[{"taxonomy":"category","embeddable":true,"href":"https:\/\/www.evafm.net\/sitio\/wp-json\/wp\/v2\/categories?post=36528"},{"taxonomy":"post_tag","embeddable":true,"href":"https:\/\/www.evafm.net\/sitio\/wp-json\/wp\/v2\/tags?post=36528"}],"curies":[{"name":"wp","href":"https:\/\/api.w.org\/{rel}","templated":true}]}}