{"id":36531,"date":"2018-07-23T11:30:21","date_gmt":"2018-07-23T16:30:21","guid":{"rendered":"http:\/\/www.evafm.net\/sitio\/?p=36531"},"modified":"2018-07-23T11:31:10","modified_gmt":"2018-07-23T16:31:10","slug":"presidente-lenin-moreno-arriba-a-londres","status":"publish","type":"post","link":"https:\/\/www.evafm.net\/sitio\/presidente-lenin-moreno-arriba-a-londres\/","title":{"rendered":"Presidente Len\u00edn Moreno arriba a Londres"},"content":{"rendered":"<p><strong>Quito.-<\/strong>\u00a0El presidente de Ecuador, Len\u00edn Moreno, y su esposa Roc\u00edo Gonz\u00e1lez, presidenta del Comit\u00e9 Interinstitucional del Plan de Gobierno &#8216;Toda Una Vida&#8217;, arribaron este domingo a Londres, como parte de la gira que realizar\u00e1 y que comprende adem\u00e1s las ciudades de Edimburgo (Escocia) y Madrid (Espa\u00f1a).<\/p>\n<p>El Jefe de Estado sali\u00f3 el s\u00e1bado desde el aeropuerto internacional &#8216;Mariscal Sucre&#8217; con destino a la urbe inglesa, donde fue recibido por el embajador ecuatoriano, Carlos Abad, y otras autoridades inglesas, seg\u00fan report\u00f3 la Presidencia en su cuenta en Twitter.<\/p>\n<p>El mandatario ecuatoriano participar\u00e1 en la Cumbre Global de Discapacidades, donde ser\u00e1 uno de los oradores en reconocimiento a su trayectoria a favor de las personas de esta comunidad a nivel mundial, como son las Misiones desarrolladas en el pa\u00eds y tambi\u00e9n como Enviado Especial de la ONU para la Discapacidad y la Accesibilidad.<\/p>\n<p>Previamente, la Secretar\u00eda de Comunicaci\u00f3n (Secom) inform\u00f3 que \u00abcon esta gira, el Gobierno Nacional busca fortalecer las relaciones con Europa y alcanzar acuerdos importantes que le permitan viabilizar los programas de inter\u00e9s social para beneficio del pa\u00eds\u00bb.<\/p>\n<p>El lunes 23 de julio arranca la agenda del Jefe de Estado con su participaci\u00f3n en la recepci\u00f3n oficial de la I Cumbre Global sobre Discapacidades, en el Parque Ol\u00edmpico Reina Isabel.<\/p>\n<p>Un d\u00eda despu\u00e9s, a las 10h00 (hora local), est\u00e1 prevista la inauguraci\u00f3n de la I Cumbre Global sobre Discapacidades, donde el mandatario ecuatoriano pronunciar\u00e1 un discurso magistral, invitado como un referente mundial en la reivindicaci\u00f3n de los derechos de las personas con discapacidad.<\/p>\n<p>El presidente Moreno tambi\u00e9n sostendr\u00e1 una reuni\u00f3n bilateral con la vicepresidenta argentina, Gabriela Michetti, entre sus primeras actividades en Reino Unido.<\/p>\n<blockquote class=\"twitter-tweet\" data-width=\"550\" data-dnt=\"true\">\n<p lang=\"es\" dir=\"ltr\">Presidente <a href=\"https:\/\/twitter.com\/Lenin?ref_src=twsrc%5Etfw\">@Lenin<\/a> Moreno y su esposa <a href=\"https:\/\/twitter.com\/hashtag\/Roc%C3%ADodeMoreno?src=hash&amp;ref_src=twsrc%5Etfw\">#Roc\u00edodeMoreno<\/a>, arribaron a Londres como parte de la visita oficial <a href=\"https:\/\/twitter.com\/hashtag\/EcuadorGiraUE?src=hash&amp;ref_src=twsrc%5Etfw\">#EcuadorGiraUE<\/a>, donde fueron recibidos por el embajador ecuatoriano Carlos Abad y otras autoridades inglesas. <a href=\"https:\/\/t.co\/mX0q5egK1w\">pic.twitter.com\/mX0q5egK1w<\/a><\/p>\n<p>&mdash; Presidencia Ecuador \ud83c\uddea\ud83c\udde8 (@Presidencia_Ec) <a href=\"https:\/\/twitter.com\/Presidencia_Ec\/status\/1021019585737306118?ref_src=twsrc%5Etfw\">July 22, 2018<\/a><\/p><\/blockquote>\n<p><script async src=\"https:\/\/platform.twitter.com\/widgets.js\" charset=\"utf-8\"><\/script><\/p>\n<p>Fuente: eluniverso.com &#8211; twitter.com<\/p>\n<div class=\"gsp_post_data\" \r\n\t            data-post_type=\"post\" \r\n\t            data-cat=\"noticias-ecuador\" \r\n\t            data-modified=\"120\"\r\n\t            data-created=\"1532345421\"\r\n\t            data-title=\"Presidente Len\u00edn Moreno arriba a Londres\" \r\n\t            data-home=\"https:\/\/www.evafm.net\/sitio\"><\/div>","protected":false},"excerpt":{"rendered":"<p>Quito.-\u00a0El presidente de Ecuador, Len\u00edn Moreno, y su esposa Roc\u00edo Gonz\u00e1lez, presidenta del Comit\u00e9 Interinstitucional del Plan de Gobierno &#8216;Toda Una Vida&#8217;, arribaron este domingo a Londres, como parte de la gira que realizar\u00e1 y que comprende adem\u00e1s las ciudades de Edimburgo (Escocia) y Madrid (Espa\u00f1a). El Jefe de Estado sali\u00f3 el s\u00e1bado desde el&#8230;<\/p>\n","protected":false},"author":5,"featured_media":36533,"comment_status":"closed","ping_status":"open","sticky":false,"template":"","format":"standard","meta":{"_joinchat":[],"footnotes":""},"categories":[1558],"tags":[],"class_list":["post-36531","post","type-post","status-publish","format-standard","has-post-thumbnail","hentry","category-noticias-ecuador","have-post-thumb"],"_links":{"self":[{"href":"https:\/\/www.evafm.net\/sitio\/wp-json\/wp\/v2\/posts\/36531","targetHints":{"allow":["GET"]}}],"collection":[{"href":"https:\/\/www.evafm.net\/sitio\/wp-json\/wp\/v2\/posts"}],"about":[{"href":"https:\/\/www.evafm.net\/sitio\/wp-json\/wp\/v2\/types\/post"}],"author":[{"embeddable":true,"href":"https:\/\/www.evafm.net\/sitio\/wp-json\/wp\/v2\/users\/5"}],"replies":[{"embeddable":true,"href":"https:\/\/www.evafm.net\/sitio\/wp-json\/wp\/v2\/comments?post=36531"}],"version-history":[{"count":2,"href":"https:\/\/www.evafm.net\/sitio\/wp-json\/wp\/v2\/posts\/36531\/revisions"}],"predecessor-version":[{"id":36535,"href":"https:\/\/www.evafm.net\/sitio\/wp-json\/wp\/v2\/posts\/36531\/revisions\/36535"}],"wp:featuredmedia":[{"embeddable":true,"href":"https:\/\/www.evafm.net\/sitio\/wp-json\/wp\/v2\/media\/36533"}],"wp:attachment":[{"href":"https:\/\/www.evafm.net\/sitio\/wp-json\/wp\/v2\/media?parent=36531"}],"wp:term":[{"taxonomy":"category","embeddable":true,"href":"https:\/\/www.evafm.net\/sitio\/wp-json\/wp\/v2\/categories?post=36531"},{"taxonomy":"post_tag","embeddable":true,"href":"https:\/\/www.evafm.net\/sitio\/wp-json\/wp\/v2\/tags?post=36531"}],"curies":[{"name":"wp","href":"https:\/\/api.w.org\/{rel}","templated":true}]}}