{"id":36536,"date":"2018-07-23T11:39:10","date_gmt":"2018-07-23T16:39:10","guid":{"rendered":"http:\/\/www.evafm.net\/sitio\/?p=36536"},"modified":"2018-07-23T11:39:10","modified_gmt":"2018-07-23T16:39:10","slug":"el-regimen-irani-eleva-aun-mas-la-tension-con-eeuu","status":"publish","type":"post","link":"https:\/\/www.evafm.net\/sitio\/el-regimen-irani-eleva-aun-mas-la-tension-con-eeuu\/","title":{"rendered":"El r\u00e9gimen iran\u00ed eleva a\u00fan m\u00e1s la tensi\u00f3n con EEUU"},"content":{"rendered":"<div class=\"row\">\n<div class=\"col-xs-12 col-print-12\">\n<p class=\"element element-paragraph\">El r\u00e9gimen iran\u00ed asegur\u00f3\u00a0este lunes que los dirigentes de Estados Unidos y sus aliados regionales \u00absolo entienden el lenguaje de la fuerza\u00bb y que, por ello, \u00ab<strong>no hay otro camino que una amenaza decisiva<\/strong>\u00ab.<\/p>\n<\/div>\n<\/div>\n<div class=\"row\">\n<div class=\"col-xs-12 col-print-12\">\n<p class=\"element element-paragraph\">El titular de Defensa,\u00a0<strong>Amir Hatam\u00ed<\/strong>\u00a0respondi\u00f3 as\u00ed al presidente estadounidense, Donald Trump, quien el domingo\u00a0inst\u00f3\u00a0a Ir\u00e1n a que no vuelva a amenazar a EEUU\u00a0si no quiere \u00absufrir consecuencias\u00bb hist\u00f3ricas.<\/p>\n<\/div>\n<\/div>\n<div class=\"row\">\n<div class=\"col-xs-12 col-print-12\">\n<p class=\"element element-paragraph\">\u00ab<strong>Los enemigos creen que pueden privar al pueblo de Ir\u00e1n de sus recursos, pero resistiremos con toda nuestra capacidad ante sus intimidaciones<\/strong>\u00ab, subray\u00f3 el ministro de Defensa, citado por la agencia oficial IRNA.<\/p>\n<\/div>\n<\/div>\n<div class=\"row\">\n<div class=\"col-xs-12 col-print-12\">\n<p class=\"element element-paragraph\">Durante el acto de inauguraci\u00f3n de la l\u00ednea de producci\u00f3n del misil aire-aire de medio alcance \u00abFakur\u00bb,\u00a0<strong>Hatam\u00ed asever\u00f3 que \u00abel pueblo iran\u00ed ha demostrado que ante los codiciosos responde de forma decisiva\u00bb<\/strong>.<\/p>\n<div class=\"row\">\n<div class=\"col-xs-12 col-print-12\">\n<p class=\"element element-paragraph\">\u00ab<strong>No nos daremos por vencidos, sino que con toda nuestra capacidad defenderemos los intereses vitales de la Rep\u00fablica Isl\u00e1mica y el bienestar del pueblo de Ir\u00e1n<\/strong>\u00ab, advirti\u00f3 el general.<\/p>\n<\/div>\n<\/div>\n<div class=\"row\">\n<div class=\"col-xs-12 col-print-12\">\n<p class=\"element element-paragraph\">El cruce de acusaciones, y amenazas entre Ir\u00e1n y EEUU lo inicio el domingo el presidente iran\u00ed,\u00a0<strong>Hassan Rohani<\/strong>, quien\u00a0exigi\u00f3 a Washington \u00aba no jugar con fuego\u00bb\u00a0ya que empezar un conflicto con Teher\u00e1n supondr\u00eda \u00abla madre de todas las guerras\u00bb.<\/p>\n<\/div>\n<\/div>\n<div class=\"row\">\n<div class=\"col-xs-12 col-print-12\">\n<p class=\"element element-paragraph\">Horas despu\u00e9s, Trump escribi\u00f3 en Twitter: \u00abNUNCA M\u00c1S VUELVA A AMENAZAR A LOS ESTADOS UNIDOS O SUFRIR\u00c1 CONSECUENCIAS QUE POCOS HAN SUFRIDO EN LA HISTORIA ANTES. YA NO SOMOS UN PA\u00cdS QUE AGUANTAR\u00c1 SUS DEMENCIALES PALABRAS DE VIOLENCIA Y MUERTE\u00bb.<\/p>\n<div class=\"row\">\n<div class=\"col-xs-12 col-print-12\">\n<p class=\"element element-paragraph\">Trump retir\u00f3 el pasado mayo a EEUU del acuerdo nuclear de 2015 (G5+1 -formado adem\u00e1s por Francia el Reino Unido, China y Rusia, mas Alemania) con Ir\u00e1n y volvi\u00f3 a imponer sanciones a Teher\u00e1n, que entrar\u00e1n en vigor el pr\u00f3ximo agosto y amenazan con hundir la ya maltrecha econom\u00eda iran\u00ed.<\/p>\n<\/div>\n<\/div>\n<div class=\"row\">\n<div class=\"col-xs-12 col-print-12\">\n<p class=\"element element-paragraph\">El presidente estadounidense ha criticado el pacto previo y ha exigido uno m\u00e1s agresivo que limite el programa de misiles bal\u00edsticos iran\u00ed y su influencia en la regi\u00f3n.<\/p>\n<\/div>\n<\/div>\n<div class=\"row\">\n<div class=\"col-xs-12 col-print-12\">\n<p class=\"element element-paragraph\">\u00abIr\u00e1n est\u00e1 enojado porque Trump respondi\u00f3 al compromiso de Teher\u00e1n con la diplomacia retirando a Estados Unidos del acuerdo nuclear\u00bb, explic\u00f3 el legislador iran\u00ed Heshmatollah Falahatpisheh. La batalla dial\u00e9ctica entre los dos mandatarios era de esperar ya que las relaciones diplom\u00e1ticas entre las dos naciones estuvieron congeladas durante d\u00e9cadas, indic\u00f3.<\/p>\n<p class=\"element element-paragraph\">\u00ab<strong>Se expresan a trav\u00e9s de discursos ya que los canales diplom\u00e1ticos est\u00e1n cerrados<\/strong>\u00ab, agreg\u00f3 el congresista,\u00a0que dirige un influyente comit\u00e9 parlamentario sobre seguridad nacional y pol\u00edtica exterior.<\/p>\n<blockquote class=\"twitter-tweet\" data-width=\"550\" data-dnt=\"true\">\n<p lang=\"en\" dir=\"ltr\">To Iranian President Rouhani: NEVER, EVER THREATEN THE UNITED STATES AGAIN OR YOU WILL SUFFER CONSEQUENCES THE LIKES OF WHICH FEW THROUGHOUT HISTORY HAVE EVER SUFFERED BEFORE. WE ARE NO LONGER A COUNTRY THAT WILL STAND FOR YOUR DEMENTED WORDS OF VIOLENCE &amp; DEATH. BE CAUTIOUS!<\/p>\n<p>&mdash; Donald J. Trump (@realDonaldTrump) <a href=\"https:\/\/twitter.com\/realDonaldTrump\/status\/1021234525626609666?ref_src=twsrc%5Etfw\">July 23, 2018<\/a><\/p><\/blockquote>\n<p><script async src=\"https:\/\/platform.twitter.com\/widgets.js\" charset=\"utf-8\"><\/script><\/p>\n<div class=\"single-image\">\n<div class=\"shares\">\n<div class=\"share-button facebook\"><\/div>\n<\/div>\n<p><img decoding=\"async\" id=\"AH6HLSL2YJCZRBK3EMUK5KP4S4\" class=\"image-lazy\" src=\"https:\/\/www.infobae.com\/new-resizer\/U2sKPwnBKYndClIHbaNJThORDsM=\/600x0\/filters:quality(100)\/s3.amazonaws.com\/arc-wordpress-client-uploads\/infobae-wp\/wp-content\/uploads\/2017\/08\/22080347\/000_RL22V.jpg\" alt=\"Amir Hatami, ministro de Defensa (AFP)\" width=\"750\" height=\"1077.1388499298737\" \/><\/div>\n<p><span class=\"credit\">Amir Hatami, ministro de Defensa (AFP)<\/span><\/p>\n<\/div>\n<\/div>\n<div class=\"row\">\n<div class=\"col-xs-12 col-print-12\">\n<p class=\"element element-paragraph\"><em>(Con informaci\u00f3n de EFE y AP)<\/em><\/p>\n<p>Fuente: infobae.com<\/p>\n<p>&nbsp;<\/p>\n<\/div>\n<\/div>\n<\/div>\n<\/div>\n<\/div>\n<\/div>\n<div class=\"gsp_post_data\" \r\n\t            data-post_type=\"post\" \r\n\t            data-cat=\"general,noticias-internacionales\" \r\n\t            data-modified=\"120\"\r\n\t            data-created=\"1532345950\"\r\n\t            data-title=\"El r\u00e9gimen iran\u00ed eleva a\u00fan m\u00e1s la tensi\u00f3n con EEUU\" \r\n\t            data-home=\"https:\/\/www.evafm.net\/sitio\"><\/div>","protected":false},"excerpt":{"rendered":"<p>El r\u00e9gimen iran\u00ed asegur\u00f3\u00a0este lunes que los dirigentes de Estados Unidos y sus aliados regionales \u00absolo entienden el lenguaje de la fuerza\u00bb y que, por ello, \u00abno hay otro camino que una amenaza decisiva\u00ab. El titular de Defensa,\u00a0Amir Hatam\u00ed\u00a0respondi\u00f3 as\u00ed al presidente estadounidense, Donald Trump, quien el domingo\u00a0inst\u00f3\u00a0a Ir\u00e1n a que no vuelva a amenazar&#8230;<\/p>\n","protected":false},"author":5,"featured_media":36538,"comment_status":"closed","ping_status":"open","sticky":false,"template":"","format":"standard","meta":{"_joinchat":[],"footnotes":""},"categories":[1720,1345],"tags":[],"class_list":["post-36536","post","type-post","status-publish","format-standard","has-post-thumbnail","hentry","category-general","category-noticias-internacionales","have-post-thumb"],"_links":{"self":[{"href":"https:\/\/www.evafm.net\/sitio\/wp-json\/wp\/v2\/posts\/36536","targetHints":{"allow":["GET"]}}],"collection":[{"href":"https:\/\/www.evafm.net\/sitio\/wp-json\/wp\/v2\/posts"}],"about":[{"href":"https:\/\/www.evafm.net\/sitio\/wp-json\/wp\/v2\/types\/post"}],"author":[{"embeddable":true,"href":"https:\/\/www.evafm.net\/sitio\/wp-json\/wp\/v2\/users\/5"}],"replies":[{"embeddable":true,"href":"https:\/\/www.evafm.net\/sitio\/wp-json\/wp\/v2\/comments?post=36536"}],"version-history":[{"count":1,"href":"https:\/\/www.evafm.net\/sitio\/wp-json\/wp\/v2\/posts\/36536\/revisions"}],"predecessor-version":[{"id":36539,"href":"https:\/\/www.evafm.net\/sitio\/wp-json\/wp\/v2\/posts\/36536\/revisions\/36539"}],"wp:featuredmedia":[{"embeddable":true,"href":"https:\/\/www.evafm.net\/sitio\/wp-json\/wp\/v2\/media\/36538"}],"wp:attachment":[{"href":"https:\/\/www.evafm.net\/sitio\/wp-json\/wp\/v2\/media?parent=36536"}],"wp:term":[{"taxonomy":"category","embeddable":true,"href":"https:\/\/www.evafm.net\/sitio\/wp-json\/wp\/v2\/categories?post=36536"},{"taxonomy":"post_tag","embeddable":true,"href":"https:\/\/www.evafm.net\/sitio\/wp-json\/wp\/v2\/tags?post=36536"}],"curies":[{"name":"wp","href":"https:\/\/api.w.org\/{rel}","templated":true}]}}