{"id":36544,"date":"2018-07-23T11:49:02","date_gmt":"2018-07-23T16:49:02","guid":{"rendered":"http:\/\/www.evafm.net\/sitio\/?p=36544"},"modified":"2018-07-23T11:49:02","modified_gmt":"2018-07-23T16:49:02","slug":"traspaso-de-aryton-preciado-el-mas-alto-en-la-era-de-nassib-neme","status":"publish","type":"post","link":"https:\/\/www.evafm.net\/sitio\/traspaso-de-aryton-preciado-el-mas-alto-en-la-era-de-nassib-neme\/","title":{"rendered":"Traspaso de Aryton Preciado, el m\u00e1s alto en la era de Nassib Neme"},"content":{"rendered":"<p>Por \u201cun aproximado de $ 8 millones\u201d Ayrton Preciado dej\u00f3 de ser jugador de Emelec, al oficializarse su traspaso al Santos Laguna del f\u00fatbol mexicano, entorno al que el extremo esmeralde\u00f1o de 24 a\u00f1os llegar\u00e1 \u201cmaduro futbol\u00edsticamente\u201d.<\/p>\n<p>La cifra fue divulgada por la prensa mexicana y se enmarca dentro de la expectativa econ\u00f3mica que manejaba la dirigencia azul tanto por Preciado como por Brayan Angulo.<\/p>\n<p>\u201c\u00a1Bienvenido al equipo de los campeones!\u201d, public\u00f3 el club de M\u00e9xico en sus redes sociales, en la noche del s\u00e1bado, cuando, al un\u00edsono con el equipo guayaquile\u00f1o, se hizo p\u00fablico el traspaso del futbolista.<\/p>\n<p>El mismo Preciado, al final del juego contra T\u00e9cnico Universitario (aport\u00f3 con un gol en el 3-0), dijo que estaba \u201ccasi cerrada\u201d la negociaci\u00f3n con Santos.<\/p>\n<p>\u201cFue una buena propuesta. Me gust\u00f3 el f\u00fatbol mexicano, es muy importante para m\u00ed, para dar el salto, ya que mi aspiraci\u00f3n es jugar en Europa\u201d.<\/p>\n<p>Preciado se reconoci\u00f3 \u201ccontento por la oportunidad\u201d que se le presenta; sin embargo, dijo que se sent\u00eda \u201ctriste\u201d por abandonar el club con el que fue campe\u00f3n nacional en el 2017.<\/p>\n<p>\u201cEmelec me abri\u00f3 las puertas y me hizo madurar futbol\u00edsticamente. Mis compa\u00f1eros me apoyaron. El respaldo de ellos fue fundamental e influy\u00f3 mucho en m\u00ed. Los extra\u00f1ar\u00e9 mucho. Espero alg\u00fan d\u00eda volver a vestir esta camiseta\u201d, se\u00f1al\u00f3.<\/p>\n<p>El exjugador de Deportivo Quito y Aucas revel\u00f3 que tambi\u00e9n tuvo ofertas de Oriente Medio y la MLS. \u201cPero a nivel futbol\u00edstico no era lo mejor para m\u00ed. Me considero un jugador joven con un futuro por delante y al ir a una liga competitiva como la azteca, eso har\u00e1 que los ojos est\u00e9n puestos en m\u00ed. Deseo llegar al f\u00fatbol europeo\u201d.<\/p>\n<p>El jugador destac\u00f3 su etapa en Emelec, al que arrib\u00f3 el a\u00f1o pasado, procedente de Aucas. \u201cEs lo m\u00e1s lindo que he vivido. Ven\u00eda del descenso y el club (azul) me abri\u00f3 las puertas. Fui campe\u00f3n y goleador\u201d.<\/p>\n<p>El traspaso de Preciado se suma a las exitosas transferencias realizadas en los \u00faltimos a\u00f1os por Nassib Neme, desde 2009, cuando volvi\u00f3 a vincularse a la dirigencia del club el\u00e9ctrico. (D)<\/p>\n<p><strong>Selecci\u00f3n<br \/>\naporte tricolor<\/strong><\/p>\n<p><strong>\u201cEs mi objetivo\u201d<\/strong><br \/>\nAyrton Preciado apunta a ser un seleccionado fijo en la Tricolor. \u201cEs uno de los objetivos que tengo\u201d, asegur\u00f3.<\/p>\n<p><strong>Apunta a Copa Am\u00e9rica<\/strong><br \/>\n\u201cLa Copa Am\u00e9rica (Brasil 2019) es una linda oportunidad de mostrarme a nivel de selecci\u00f3n. Soy m\u00e1s maduro ahora. Hay grandes jugadores ac\u00e1 y se puede hacer un mejor papel\u201d, agreg\u00f3 Preciado tras oficializarse su traspaso a M\u00e9xico. (D)<\/p>\n<p><strong>27<\/strong><br \/>\n<strong>Goles con Emelec<\/strong><br \/>\nEse es el registro de Preciado en todos los torneos que disput\u00f3 (nacional y Copa Libertadores) entre 2017 y este a\u00f1o. En total, jug\u00f3 70 partidos con la camiseta millonaria.<\/p>\n<p>Fuente: eluniverso.com<\/p>\n<div class=\"gsp_post_data\" \r\n\t            data-post_type=\"post\" \r\n\t            data-cat=\"deportes-ecuador,general\" \r\n\t            data-modified=\"120\"\r\n\t            data-created=\"1532346542\"\r\n\t            data-title=\"Traspaso de Aryton Preciado, el m\u00e1s alto en la era de Nassib Neme\" \r\n\t            data-home=\"https:\/\/www.evafm.net\/sitio\"><\/div>","protected":false},"excerpt":{"rendered":"<p>Por \u201cun aproximado de $ 8 millones\u201d Ayrton Preciado dej\u00f3 de ser jugador de Emelec, al oficializarse su traspaso al Santos Laguna del f\u00fatbol mexicano, entorno al que el extremo esmeralde\u00f1o de 24 a\u00f1os llegar\u00e1 \u201cmaduro futbol\u00edsticamente\u201d. La cifra fue divulgada por la prensa mexicana y se enmarca dentro de la expectativa econ\u00f3mica que manejaba&#8230;<\/p>\n","protected":false},"author":5,"featured_media":36545,"comment_status":"closed","ping_status":"open","sticky":false,"template":"","format":"standard","meta":{"_joinchat":[],"footnotes":""},"categories":[1557,1720],"tags":[],"class_list":["post-36544","post","type-post","status-publish","format-standard","has-post-thumbnail","hentry","category-deportes-ecuador","category-general","have-post-thumb"],"_links":{"self":[{"href":"https:\/\/www.evafm.net\/sitio\/wp-json\/wp\/v2\/posts\/36544","targetHints":{"allow":["GET"]}}],"collection":[{"href":"https:\/\/www.evafm.net\/sitio\/wp-json\/wp\/v2\/posts"}],"about":[{"href":"https:\/\/www.evafm.net\/sitio\/wp-json\/wp\/v2\/types\/post"}],"author":[{"embeddable":true,"href":"https:\/\/www.evafm.net\/sitio\/wp-json\/wp\/v2\/users\/5"}],"replies":[{"embeddable":true,"href":"https:\/\/www.evafm.net\/sitio\/wp-json\/wp\/v2\/comments?post=36544"}],"version-history":[{"count":1,"href":"https:\/\/www.evafm.net\/sitio\/wp-json\/wp\/v2\/posts\/36544\/revisions"}],"predecessor-version":[{"id":36546,"href":"https:\/\/www.evafm.net\/sitio\/wp-json\/wp\/v2\/posts\/36544\/revisions\/36546"}],"wp:featuredmedia":[{"embeddable":true,"href":"https:\/\/www.evafm.net\/sitio\/wp-json\/wp\/v2\/media\/36545"}],"wp:attachment":[{"href":"https:\/\/www.evafm.net\/sitio\/wp-json\/wp\/v2\/media?parent=36544"}],"wp:term":[{"taxonomy":"category","embeddable":true,"href":"https:\/\/www.evafm.net\/sitio\/wp-json\/wp\/v2\/categories?post=36544"},{"taxonomy":"post_tag","embeddable":true,"href":"https:\/\/www.evafm.net\/sitio\/wp-json\/wp\/v2\/tags?post=36544"}],"curies":[{"name":"wp","href":"https:\/\/api.w.org\/{rel}","templated":true}]}}