{"id":36564,"date":"2018-07-23T12:30:53","date_gmt":"2018-07-23T17:30:53","guid":{"rendered":"http:\/\/www.evafm.net\/sitio\/?p=36564"},"modified":"2018-07-23T12:30:53","modified_gmt":"2018-07-23T17:30:53","slug":"primer-trailer-de-aquaman","status":"publish","type":"post","link":"https:\/\/www.evafm.net\/sitio\/primer-trailer-de-aquaman\/","title":{"rendered":"Primer tr\u00e1iler de \u00abAquaman\u00bb"},"content":{"rendered":"<p>\u00ab<strong>Aquaman<\/strong>\u00ab, protagonizada por\u00a0<strong>Jason Momoa<\/strong>\u00a0y dirigida por James Wan,<strong>sigue la historia de origen de Arthur Curry<\/strong>, mitad humano y mitad atlante, y lo lleva al viaje de su vida, uno que no solo lo forzar\u00e1 a enfrentar qui\u00e9n es en realidad, sino a descubrir si es digno de ser quien es, pues naci\u00f3 para ser &#8230; un rey.<\/p>\n<p>La pel\u00edcula tambi\u00e9n est\u00e1 protagonizada por\u00a0<strong>Amber Heard<\/strong>\u00a0como Mera, una guerrera feroz y aliada de Aquaman a lo largo de su viaje; el nominado al \u00d3scar\u00a0<strong>Willem Dafoe<\/strong>\u00a0como Vulko, consejero del trono Atlante;\u00a0<strong>Patrick Wilson<\/strong>\u00a0como Orm \/ Ocean Master, el actual Rey de la Atl\u00e1ntida;<strong>\u00a0Dolph Lundgren<\/strong>\u00a0como Nereus, rey de la tribu Atlante Xebel; Yahya Abdul-Mateen II como la vengativa Black Manta; y la ganadora del \u00d3scar\u00a0<strong>Nicole Kidman<\/strong>\u00a0como la madre de Arthur, Atlanna.<\/p>\n<p>El elenco lo completan\u00a0<strong>Ludi Lin<\/strong>\u00a0como el Capit\u00e1n Murk, Comando Atlante; y\u00a0<strong>Temuera Morrison<\/strong>\u00a0como el padre de Arthur, Tom Curry.<\/p>\n<p>\u00ab<strong>Aquaman<\/strong>\u00bb est\u00e1 dirigida por\u00a0<strong>James Wan<\/strong>, quien colabora con su equipo frecuente, conformado por el director de fotograf\u00eda nominado al Oscar Don Burgess (\u00abEl Conjuro 2\u00bb, \u00abForrest Gump\u00bb), su cinco veces editor Kirk Morri (\u00abSaga El Conjuro\u00bb, \u00abR\u00e1pidos y Furiosos 7\u00bb, las pel\u00edculas \u00abLa Noche Del Demonio\u00bb) y el dise\u00f1ador de producci\u00f3n Bill Brzeski (\u00abR\u00e1pidos y Furiosos 7\u00bb).<\/p>\n<p>En\u00a0<strong>Colombia<\/strong>\u00a0 \u00ab<strong>Aquaman<\/strong>\u00bb\u00a0 se estrena el\u00a0<strong>27 de diciembre de 2018<\/strong>.<\/p>\n<p>&nbsp;<\/p>\n<p>https:\/\/youtu.be\/Fhw0N_qVg14<\/p>\n<p>Fuente: elespectador.com<\/p>\n<div class=\"gsp_post_data\" \r\n\t            data-post_type=\"post\" \r\n\t            data-cat=\"espectaculos,general\" \r\n\t            data-modified=\"120\"\r\n\t            data-created=\"1532349053\"\r\n\t            data-title=\"Primer tr\u00e1iler de \u00abAquaman\u00bb\" \r\n\t            data-home=\"https:\/\/www.evafm.net\/sitio\"><\/div>","protected":false},"excerpt":{"rendered":"<p>\u00abAquaman\u00ab, protagonizada por\u00a0Jason Momoa\u00a0y dirigida por James Wan,sigue la historia de origen de Arthur Curry, mitad humano y mitad atlante, y lo lleva al viaje de su vida, uno que no solo lo forzar\u00e1 a enfrentar qui\u00e9n es en realidad, sino a descubrir si es digno de ser quien es, pues naci\u00f3 para ser &#8230;&#8230;<\/p>\n","protected":false},"author":5,"featured_media":36566,"comment_status":"closed","ping_status":"open","sticky":false,"template":"","format":"standard","meta":{"_joinchat":[],"footnotes":""},"categories":[4,1720],"tags":[],"class_list":["post-36564","post","type-post","status-publish","format-standard","has-post-thumbnail","hentry","category-espectaculos","category-general","have-post-thumb"],"_links":{"self":[{"href":"https:\/\/www.evafm.net\/sitio\/wp-json\/wp\/v2\/posts\/36564","targetHints":{"allow":["GET"]}}],"collection":[{"href":"https:\/\/www.evafm.net\/sitio\/wp-json\/wp\/v2\/posts"}],"about":[{"href":"https:\/\/www.evafm.net\/sitio\/wp-json\/wp\/v2\/types\/post"}],"author":[{"embeddable":true,"href":"https:\/\/www.evafm.net\/sitio\/wp-json\/wp\/v2\/users\/5"}],"replies":[{"embeddable":true,"href":"https:\/\/www.evafm.net\/sitio\/wp-json\/wp\/v2\/comments?post=36564"}],"version-history":[{"count":1,"href":"https:\/\/www.evafm.net\/sitio\/wp-json\/wp\/v2\/posts\/36564\/revisions"}],"predecessor-version":[{"id":36567,"href":"https:\/\/www.evafm.net\/sitio\/wp-json\/wp\/v2\/posts\/36564\/revisions\/36567"}],"wp:featuredmedia":[{"embeddable":true,"href":"https:\/\/www.evafm.net\/sitio\/wp-json\/wp\/v2\/media\/36566"}],"wp:attachment":[{"href":"https:\/\/www.evafm.net\/sitio\/wp-json\/wp\/v2\/media?parent=36564"}],"wp:term":[{"taxonomy":"category","embeddable":true,"href":"https:\/\/www.evafm.net\/sitio\/wp-json\/wp\/v2\/categories?post=36564"},{"taxonomy":"post_tag","embeddable":true,"href":"https:\/\/www.evafm.net\/sitio\/wp-json\/wp\/v2\/tags?post=36564"}],"curies":[{"name":"wp","href":"https:\/\/api.w.org\/{rel}","templated":true}]}}