{"id":36568,"date":"2018-07-23T13:10:12","date_gmt":"2018-07-23T18:10:12","guid":{"rendered":"http:\/\/www.evafm.net\/sitio\/?p=36568"},"modified":"2018-07-23T13:10:12","modified_gmt":"2018-07-23T18:10:12","slug":"mejores-momentos-de-los-premios-juventud-2018","status":"publish","type":"post","link":"https:\/\/www.evafm.net\/sitio\/mejores-momentos-de-los-premios-juventud-2018\/","title":{"rendered":"Mejores momentos de los Premios Juventud 2018"},"content":{"rendered":"<div class=\"row\">\n<div class=\"col-xs-12 col-print-12\">\n<p class=\"element element-paragraph\">Con un espect\u00e1culo que defendi\u00f3 la m\u00fasica hecha por y para los j\u00f3venes, la\u00a0<strong>gala de\u00a0Premios Juventud de este a\u00f1o<\/strong>\u00a0no homenaje\u00f3 a artistas espec\u00edficos sino que dedic\u00f3\u00a0la noche a\u00a0<strong>reconocer\u00a0las voces de l\u00edderes emprendedores que promueven cambios sociales en la comunidad<\/strong>, al tiempo que convoc\u00f3 a las figuras m\u00e1s populares de la m\u00fasica joven.<\/p>\n<\/div>\n<\/div>\n<div class=\"row\">\n<div class=\"col-xs-12 col-print-12\">\n<p class=\"element element-paragraph\">La ceremonia celebrada en Miami y transmitida en vivo por la\u00a0<strong>cadena televisiva\u00a0<em>Univisi\u00f3n<\/em><\/strong>, cont\u00f3 con la conducci\u00f3n de dos j\u00f3venes de gran popularidad en las redes sociales:\u00a0<strong>Manolo Gonz\u00e1lez<\/strong>, el hijo de la colombiana Sof\u00eda Vergara, y\u00a0<strong>Marielena D\u00e1vila<\/strong>, la hija de la actriz venezolana Chiquinquir\u00e1 Delgado.<\/p>\n<div class=\"row\">\n<div class=\"col-xs-12 col-print-12\">\n<p class=\"element element-paragraph\"><strong>Ozuna y Bad Bunny<\/strong>\u00a0iniciaron los Premios con el \u00e9xito &#8216;Te bot\u00e9&#8217;. A la fiesta joven llegaron adem\u00e1s\u00a0<strong>Sof\u00eda Reyes, Jason Derulo\u00a0<\/strong>y<strong>\u00a0De La Ghetto<\/strong>\u00a0quienes interpretaron por\u00a0<strong>primera vez en los Estados Unidos\u00a0<\/strong>la canci\u00f3n\u00a0<strong>\u00ab1, 2, 3\u00bb\u00a0<\/strong>que ha resultado todo un hit en las listas de reproducciones.<\/p>\n<\/div>\n<\/div>\n<div class=\"row\">\n<div id=\"\" class=\"wrapper clearfix pb-feature pb-layout-item pb-f-ads-dfp left-align\">En esta edici\u00f3n,\u00a0se reconoci\u00f3 a l\u00edderes j\u00f3venes que\u00a0destacan en la\u00a0comunidad por\u00a0<strong>defender proyectos que empoderan a los latinos<\/strong>.<\/div>\n<div><\/div>\n<div>Entre los j\u00f3venes que fueron vistos como\u00a0<strong>\u00abAgentes de Cambio\u00bb<\/strong>\u00a0estuvo presente\u00a0<strong>Mia Zaa<\/strong>, de 16 a\u00f1os, sobreviviente de la\u00a0<strong>matanza en la escuela secundaria Marjory Stoneman Douglas de Parkland, Florida<\/strong>. \u00abNunca m\u00e1s nos quedaremos cruzados de brazos\u00bb, dijo, al tiempo que afirm\u00f3 que las nuevas generaciones trabajan para que sucesos como esos no se repitan. Resalt\u00f3 el hastag\u00a0<strong>#NeverAgain<\/strong>\u00a0como s\u00edmbolo de compromiso.<\/div>\n<\/div>\n<\/div>\n<\/div>\n<div>\n<div class=\"row\">\n<div class=\"col-xs-12 col-print-12\">\n<p class=\"element element-paragraph\">El evento que promovi\u00f3 las producciones de los artistas m\u00e1s j\u00f3venes e irreverentes del momento. El p\u00fablico asistente a la gala se deleit\u00f3 bailando temas como\u00a0<strong>\u00abSin Pijama\u00bb, con las populares cantantes Becky G y Natti Natasha.<\/strong><\/p>\n<\/div>\n<\/div>\n<div class=\"row\">\n<div class=\"col-xs-12 col-print-12\">\n<p class=\"element element-paragraph\">Un momento especial en la noche fue cuando\u00a0<strong>por primera vez se dedic\u00f3 un\u00a0espacio a la m\u00fasica urbana de Cuba.\u00a0<\/strong><\/p>\n<p class=\"element element-paragraph\">Una decena de artistas de la isla defendieron el\u00a0<strong>cubat\u00f3n<\/strong>,\u00a0un\u00a0g\u00e9nero\u00a0que crece en\u00a0<strong>popularidad en el Caribe y traspasa las fronteras\u00a0<\/strong>y se forma de\u00a0la suma de ritmos caribe\u00f1os, como la salsa, que se han unido a g\u00e9neros urbanos como el reguet\u00f3n, para formar un\u00a0movimiento musical que se expande en seguidores en los EEUU y el mundo.<\/p>\n<p>En una noche de voces j\u00f3venes, se\u00a0hizo un homenaje a\u00a0<strong>KC and The Sunshine Band<\/strong>, el conjunto formado en 1973 en Miami, Florida. Sus integrantes subieron al escenario con un popurrit de sus principales<strong>\u00a0\u00e9xitos como \u00abThat&#8217;s the way (I like it)\u00bb, \u00abGet Down Tonight\u00bb, \u00abKeep It Comin&#8217; Love\u00bby \u00abGive It Up\u00bb<\/strong>.<\/p>\n<\/div>\n<\/div>\n<\/div>\n<p>https:\/\/youtu.be\/477JblaE21I<\/p>\n<p>https:\/\/youtu.be\/cykp8VDi5X8<\/p>\n<p>https:\/\/youtu.be\/P_a_1rsVMf4<\/p>\n<p>https:\/\/youtu.be\/B0i0CZb3ujw<\/p>\n<p><iframe title=\"Charlie Zaa recuerda al profesor que muri\u00f3 por salvar a su hija en la masacre de Parkland\" width=\"1200\" height=\"675\" src=\"https:\/\/www.youtube.com\/embed\/wPg2-ZxEYaE?feature=oembed\" frameborder=\"0\" allow=\"accelerometer; autoplay; clipboard-write; encrypted-media; gyroscope; picture-in-picture; web-share\" referrerpolicy=\"strict-origin-when-cross-origin\" allowfullscreen><\/iframe><\/p>\n<p>Fuente: infobae.com &#8211; youtube.com<\/p>\n<div class=\"gsp_post_data\" \r\n\t            data-post_type=\"post\" \r\n\t            data-cat=\"general,musica-internacional\" \r\n\t            data-modified=\"120\"\r\n\t            data-created=\"1532351412\"\r\n\t            data-title=\"Mejores momentos de los Premios Juventud 2018\" \r\n\t            data-home=\"https:\/\/www.evafm.net\/sitio\"><\/div>","protected":false},"excerpt":{"rendered":"<p>Con un espect\u00e1culo que defendi\u00f3 la m\u00fasica hecha por y para los j\u00f3venes, la\u00a0gala de\u00a0Premios Juventud de este a\u00f1o\u00a0no homenaje\u00f3 a artistas espec\u00edficos sino que dedic\u00f3\u00a0la noche a\u00a0reconocer\u00a0las voces de l\u00edderes emprendedores que promueven cambios sociales en la comunidad, al tiempo que convoc\u00f3 a las figuras m\u00e1s populares de la m\u00fasica joven. La ceremonia celebrada&#8230;<\/p>\n","protected":false},"author":5,"featured_media":36574,"comment_status":"closed","ping_status":"open","sticky":false,"template":"","format":"standard","meta":{"_joinchat":[],"footnotes":""},"categories":[1720,2],"tags":[],"class_list":["post-36568","post","type-post","status-publish","format-standard","has-post-thumbnail","hentry","category-general","category-musica-internacional","have-post-thumb"],"_links":{"self":[{"href":"https:\/\/www.evafm.net\/sitio\/wp-json\/wp\/v2\/posts\/36568","targetHints":{"allow":["GET"]}}],"collection":[{"href":"https:\/\/www.evafm.net\/sitio\/wp-json\/wp\/v2\/posts"}],"about":[{"href":"https:\/\/www.evafm.net\/sitio\/wp-json\/wp\/v2\/types\/post"}],"author":[{"embeddable":true,"href":"https:\/\/www.evafm.net\/sitio\/wp-json\/wp\/v2\/users\/5"}],"replies":[{"embeddable":true,"href":"https:\/\/www.evafm.net\/sitio\/wp-json\/wp\/v2\/comments?post=36568"}],"version-history":[{"count":1,"href":"https:\/\/www.evafm.net\/sitio\/wp-json\/wp\/v2\/posts\/36568\/revisions"}],"predecessor-version":[{"id":36575,"href":"https:\/\/www.evafm.net\/sitio\/wp-json\/wp\/v2\/posts\/36568\/revisions\/36575"}],"wp:featuredmedia":[{"embeddable":true,"href":"https:\/\/www.evafm.net\/sitio\/wp-json\/wp\/v2\/media\/36574"}],"wp:attachment":[{"href":"https:\/\/www.evafm.net\/sitio\/wp-json\/wp\/v2\/media?parent=36568"}],"wp:term":[{"taxonomy":"category","embeddable":true,"href":"https:\/\/www.evafm.net\/sitio\/wp-json\/wp\/v2\/categories?post=36568"},{"taxonomy":"post_tag","embeddable":true,"href":"https:\/\/www.evafm.net\/sitio\/wp-json\/wp\/v2\/tags?post=36568"}],"curies":[{"name":"wp","href":"https:\/\/api.w.org\/{rel}","templated":true}]}}