{"id":36579,"date":"2018-07-23T13:32:44","date_gmt":"2018-07-23T18:32:44","guid":{"rendered":"http:\/\/www.evafm.net\/sitio\/?p=36579"},"modified":"2018-07-23T13:32:44","modified_gmt":"2018-07-23T18:32:44","slug":"una-modelo-acusa-a-madonna-de-acoso-sexual","status":"publish","type":"post","link":"https:\/\/www.evafm.net\/sitio\/una-modelo-acusa-a-madonna-de-acoso-sexual\/","title":{"rendered":"Una modelo acusa a Madonna de acoso sexual"},"content":{"rendered":"<p>Se conocieron en la filmaci\u00f3n del v\u00eddeo\u00a0<strong>\u00abJustify my love\u00bb<\/strong>, donde ambas se besaron apasionadamente frente a la c\u00e1mara y tras eso,\u00a0<strong>Madonna<\/strong>\u00a0<strong>comenz\u00f3 a perseguir a su coprotagonista con una serie de cartas y mensajes amorosos durante dos a\u00f1os<\/strong>.<\/p>\n<p>As\u00ed lo revel\u00f3 a\u00a0<strong>The Sun<\/strong>\u00a0<strong>Amanda Cazalet<\/strong>, modelo brit\u00e1nica que en 1990 particip\u00f3 en el controvertido videoclip.<\/p>\n<p>\u00ab<strong>Se obsesion\u00f3 conmigo<\/strong>\u00ab,\u00a0relat\u00f3 la mujer que hoy d\u00eda tiene 53 a\u00f1os, est\u00e1 casada y es madre de dos ni\u00f1os.<\/p>\n<p>\u00ab<strong>En ese momento no me ofendieron (las insinuaciones y las cartas), pero mirando hacia atr\u00e1s, me di cuenta de que alguien que, en ese momento era mi jefe, se aprovech\u00f3 de m\u00ed<\/strong>\u00ab.<\/p>\n<p>Madonna ten\u00eda 32 a\u00f1os y Amanda 25 cuando esta \u00faltima trabajaba para el dise\u00f1ador franc\u00e9s Jean-Paul Gaultier, de quien era su musa.<\/p>\n<p>La \u00abReina del Pop\u00bb fue a un desfile del modisto donde Cazalet desfilaba. Ah\u00ed fue cuando la cantante la reclut\u00f3 para grabar.<\/p>\n<p>\u00ab<strong>Fue un trabajo extra\u00f1o. Hab\u00eda estado modelando durante seis a\u00f1os para entonces, pero era la primera vez que hab\u00eda estado en un escenario as\u00ed<\/strong>\u00ab,\u00a0cont\u00f3 la modelo.<\/p>\n<p>En el v\u00eddeo, la int\u00e9rprete caminaba por un pasillo de Hotel Royal Monceau, de Paris, donde se ve\u00eda angustiada y cansada.<\/p>\n<p>Luego, en la habitaci\u00f3n, era seducida para tener relaciones sexuales con un hombre y una mujer, interpretados por\u00a0<strong>Amanda<\/strong>.<\/p>\n<p>\u00abEntr\u00e9 a la habitaci\u00f3n donde estaba siendo filmada y me dijeron que comenzara a besarla en una cama.<\/p>\n<p>Madonna y yo est\u00e1bamos muy cerca, nuestras manos estaban una sobre la otra\u00bb, record\u00f3 Cazalet.<\/p>\n<p>\u00ab<strong>No me ofend\u00ed, en ese entonces yo era bisexual y actuaba, me pagaban por hacer un trabajo. <\/strong><\/p>\n<p><strong>No tuve problemas con mi sexualidad<\/strong>\u00ab, sum\u00f3.<\/p>\n<p>\u00abPero comenzamos a besarnos y Madonna repentinamente meti\u00f3 su lengua en mi boca.<\/p>\n<p>Segu\u00ed, estaba siendo profesional y ella era mi jefe.<\/p>\n<p>Sin embargo, no era parte de la descripci\u00f3n del trabajo, y me pusieron en una posici\u00f3n en la que no pod\u00eda hacer nada al respecto\u00bb, confes\u00f3.<\/p>\n<p>Por ese entonces,\u00a0<strong>Madonna hab\u00eda se\u00f1alado ser bisexual y el video promocional de \u00abJustify my love\u00bb caus\u00f3 controversia alrededor del mundo<\/strong>,\u00a0siendo censurado en varios pa\u00edses por sus representaciones de sadomasoquismo y bisexualidad. Incluso\u00a0<strong>MTV\u00a0<\/strong>evit\u00f3 pasar el video en su programaci\u00f3n.<\/p>\n<p>Amanda Cazalet se dio cuenta que Madonna estaba enamorada de ella seis meses despu\u00e9s del rodaje cuando la artista regres\u00f3 a la capital francesa.<\/p>\n<p>En una visita que hizo Cazalet a las oficinas de Jean-Paul Gaultier le entregaron un importante n\u00famero de faxes enviados por la cantante estadounidense.<\/p>\n<p>\u00ab<strong>Te encuentro atractiva, fantaseo con besarte otra vez\u00bb, dec\u00eda una de las misivas.<\/strong><\/p>\n<p><strong>\u00a0\u00abElla dijo que quer\u00eda conocerme. Y all\u00ed estaba su propio n\u00famero y direcci\u00f3n<\/strong>\u00ab,cont\u00f3 Amanda.<\/p>\n<p>Pese a que los mensajes iban dirigidos hacia ella, el dise\u00f1ador no le permiti\u00f3 qued\u00e1rselos. \u00abSolo me los mostr\u00f3\u00bb, aclar\u00f3.<\/p>\n<p>\u00abLa pr\u00f3xima vez que fui a ver a Jean-Paul unos meses m\u00e1s tarde hubo m\u00e1s faxes.<\/p>\n<p>Hab\u00eda alrededor de seis en total. Me sorprendi\u00f3 que siguiera adelante cuando no respond\u00ed\u00bb.<\/p>\n<p><strong>Madonna<\/strong>\u00a0sigui\u00f3 insistiendo y en una oportunidad se las arregl\u00f3 para que uno de sus escritos llegara directamente a las manos de Amanda.<\/p>\n<p>Esta nota, que data de 1991 es, precisamente, la que ahora est\u00e1 en subasta y se espera que se venda por al menos $21,000\u00a0.<\/p>\n<p>En ella, la diva bromea sobre lo dif\u00edcil que fue ubicar a Amanda.<\/p>\n<p>\u00ab<strong>Amanda, \u00bfc\u00f3mo est\u00e1s? \u00bfD\u00f3nde est\u00e1s? \u00bfPor qu\u00e9 no me llamas? \u00a1Ponerse en contacto contigo es como tratar de seducir al Papa!<\/strong>\u00ab, dice en sus l\u00edneas.<\/p>\n<p>Y luego agrega: \u00abTienes que enviarme fotos, muchas de ellas.<\/p>\n<p>Creo que eres la mujer m\u00e1s bella del mundo.<\/p>\n<p>Me muero por besarte de nuevo. Fantaseo contigo todo el tiempo\u00bb.<\/p>\n<blockquote class=\"twitter-tweet\" data-width=\"550\" data-dnt=\"true\">\n<p lang=\"en\" dir=\"ltr\">EXCLUSIVE: Supermodel reveals how she was &#39;stalked&#39; by Madonna <a href=\"https:\/\/t.co\/rFJTcxpagw\">https:\/\/t.co\/rFJTcxpagw<\/a> <a href=\"https:\/\/t.co\/KnYMHbZdjN\">pic.twitter.com\/KnYMHbZdjN<\/a><\/p>\n<p>&mdash; The Sun (@TheSun) <a href=\"https:\/\/twitter.com\/TheSun\/status\/1021150898851106818?ref_src=twsrc%5Etfw\">July 22, 2018<\/a><\/p><\/blockquote>\n<p><script async src=\"https:\/\/platform.twitter.com\/widgets.js\" charset=\"utf-8\"><\/script><\/p>\n<p>Fuente: infobae.com<\/p>\n<div class=\"gsp_post_data\" \r\n\t            data-post_type=\"post\" \r\n\t            data-cat=\"farandula-internacional\" \r\n\t            data-modified=\"120\"\r\n\t            data-created=\"1532352764\"\r\n\t            data-title=\"Una modelo acusa a Madonna de acoso sexual\" \r\n\t            data-home=\"https:\/\/www.evafm.net\/sitio\"><\/div>","protected":false},"excerpt":{"rendered":"<p>Se conocieron en la filmaci\u00f3n del v\u00eddeo\u00a0\u00abJustify my love\u00bb, donde ambas se besaron apasionadamente frente a la c\u00e1mara y tras eso,\u00a0Madonna\u00a0comenz\u00f3 a perseguir a su coprotagonista con una serie de cartas y mensajes amorosos durante dos a\u00f1os. As\u00ed lo revel\u00f3 a\u00a0The Sun\u00a0Amanda Cazalet, modelo brit\u00e1nica que en 1990 particip\u00f3 en el controvertido videoclip. \u00abSe obsesion\u00f3&#8230;<\/p>\n","protected":false},"author":5,"featured_media":36581,"comment_status":"closed","ping_status":"open","sticky":false,"template":"","format":"standard","meta":{"_joinchat":[],"footnotes":""},"categories":[1346],"tags":[],"class_list":["post-36579","post","type-post","status-publish","format-standard","has-post-thumbnail","hentry","category-farandula-internacional","have-post-thumb"],"_links":{"self":[{"href":"https:\/\/www.evafm.net\/sitio\/wp-json\/wp\/v2\/posts\/36579","targetHints":{"allow":["GET"]}}],"collection":[{"href":"https:\/\/www.evafm.net\/sitio\/wp-json\/wp\/v2\/posts"}],"about":[{"href":"https:\/\/www.evafm.net\/sitio\/wp-json\/wp\/v2\/types\/post"}],"author":[{"embeddable":true,"href":"https:\/\/www.evafm.net\/sitio\/wp-json\/wp\/v2\/users\/5"}],"replies":[{"embeddable":true,"href":"https:\/\/www.evafm.net\/sitio\/wp-json\/wp\/v2\/comments?post=36579"}],"version-history":[{"count":1,"href":"https:\/\/www.evafm.net\/sitio\/wp-json\/wp\/v2\/posts\/36579\/revisions"}],"predecessor-version":[{"id":36582,"href":"https:\/\/www.evafm.net\/sitio\/wp-json\/wp\/v2\/posts\/36579\/revisions\/36582"}],"wp:featuredmedia":[{"embeddable":true,"href":"https:\/\/www.evafm.net\/sitio\/wp-json\/wp\/v2\/media\/36581"}],"wp:attachment":[{"href":"https:\/\/www.evafm.net\/sitio\/wp-json\/wp\/v2\/media?parent=36579"}],"wp:term":[{"taxonomy":"category","embeddable":true,"href":"https:\/\/www.evafm.net\/sitio\/wp-json\/wp\/v2\/categories?post=36579"},{"taxonomy":"post_tag","embeddable":true,"href":"https:\/\/www.evafm.net\/sitio\/wp-json\/wp\/v2\/tags?post=36579"}],"curies":[{"name":"wp","href":"https:\/\/api.w.org\/{rel}","templated":true}]}}