{"id":36593,"date":"2018-07-25T13:12:17","date_gmt":"2018-07-25T18:12:17","guid":{"rendered":"http:\/\/www.evafm.net\/sitio\/?p=36593"},"modified":"2018-07-25T13:12:17","modified_gmt":"2018-07-25T18:12:17","slug":"maduro-quiere-la-cooperacion-militar-de-paises-aliados","status":"publish","type":"post","link":"https:\/\/www.evafm.net\/sitio\/maduro-quiere-la-cooperacion-militar-de-paises-aliados\/","title":{"rendered":"Maduro quiere la cooperaci\u00f3n militar de paises aliados"},"content":{"rendered":"<div class=\"row\">\n<div class=\"col-xs-12 col-print-12\">\n<p class=\"element element-paragraph\">El r\u00e9gimen de Nicol\u00e1s Maduro ratific\u00f3, durante los actos conmemorativos por los 235 a\u00f1os del natalicio del Libertador Sim\u00f3n Bol\u00edvar,\u00a0<strong>su soberan\u00eda<\/strong>, al tiempo que plante\u00f3 retomar la cooperaci\u00f3n militar con \u00ab<strong>pa\u00edses amigos<\/strong>\u00bb de Venezuela como Rusia, China, Turqu\u00eda e Ir\u00e1n.<\/p>\n<\/div>\n<\/div>\n<div class=\"row\">\n<div class=\"col-xs-12 col-print-12\">\n<p class=\"element element-paragraph\">En el desfile por la celebraci\u00f3n del nacimiento del libertador de Venezuela y del d\u00eda de la Armada Bolivariana, el presidente Maduro defendi\u00f3 que el pa\u00eds caribe\u00f1o siempre ser\u00e1 libre e independiente frente a lo que catalog\u00f3 como \u00ab<strong>agresiones imperiales<\/strong>\u00ab.<\/p>\n<\/div>\n<\/div>\n<div class=\"row\">\n<div class=\"col-xs-12 col-print-12\">\n<p class=\"element element-paragraph\">\u00ab<strong>Las agresiones nos hacen m\u00e1s fuertes, las amenazas nos hacen m\u00e1s fuertes<\/strong>, porque hacen m\u00e1s fuerte nuestra determinaci\u00f3n de no someternos al yugo de ning\u00fan imperio por poderoso que sea\u00bb, indic\u00f3; y se\u00f1al\u00f3 que la Armada venezolana est\u00e1 trabajando en un sistema para defender sus mares de las \u00ab<strong>fuerzas extranjeras<\/strong>\u00ab.<\/p>\n<\/div>\n<\/div>\n<div class=\"row\">\n<div class=\"col-xs-12 col-print-12\">\n<p class=\"element element-paragraph\">Asimismo, dijo que se ha de \u00ab<strong>retomar con mucha fuerza la cooperaci\u00f3n militar<\/strong>\u00bb con pa\u00edses que Venezuela considera aliados como\u00a0<strong>Rusia, China, Turqu\u00eda e Ir\u00e1n<\/strong>\u00a0para \u00ab<strong>completar la defensa marina submarina y misil\u00edstica integral de los mares<\/strong>\u00bb de la naci\u00f3n caribe\u00f1a.<\/p>\n<div class=\"row\">\n<div class=\"col-xs-12 col-print-12\">\n<p class=\"element element-paragraph\">El jefe de Estado, que alab\u00f3 a los oficiales de la Armada al se\u00f1alar que son un ejemplo de c\u00f3mo se puede combinar \u00ablos principios\u00bb y la \u00abmoral combativa\u00bb para \u00abenfrentar\u00bb las \u00abagresiones pol\u00edticas, diplom\u00e1ticas\u00bb y \u00abfinancieras del imperio y la oligarqu\u00eda\u00bb,\u00a0<strong>pidi\u00f3 a los soldados \u00abresistir\u00bb en la fe de la patria<\/strong>.<\/p>\n<\/div>\n<\/div>\n<div class=\"row\">\n<div class=\"col-xs-12 col-print-12\">\n<p class=\"element element-paragraph\">\u00ab<strong>Resistir de pie, siempre en la fe de la patria y avanzar siempre en ofensiva<\/strong>. Se\u00f1ores oficiales, hombres y mujeres del pueblo (\u2026) avanzar todo lo que debamos, todo lo que podamos, todo lo que necesitemos avanzar en la estabilidad pol\u00edtica, en la recuperaci\u00f3n econ\u00f3mica\u00bb, agreg\u00f3.<\/p>\n<\/div>\n<\/div>\n<div class=\"row\">\n<div class=\"col-xs-12 col-print-12\">\n<p class=\"element element-paragraph\">En el acto en el que se encontraba la primera dama, Cilia Flores; y su vicepresidente Delcy Rodr\u00edguez, Maduro dijo tambi\u00e9n a los miembros de la Armada que deben sentirse orgullosos de ser \u00ab<strong>antiimperialistas<\/strong>\u00bb y \u00ab<strong>anticolonialistas<\/strong>\u00ab.<\/p>\n<\/div>\n<\/div>\n<div class=\"row\">\n<div class=\"col-xs-12 col-print-12\">\n<p class=\"element element-paragraph\">Las declaraciones de Maduro se producen en un contexto en el cual su Gobierno\u00a0<strong>ha hecho continuas peticiones a los militares a estar alerta<\/strong>\u00a0ante supuestas versiones de intervenci\u00f3n del territorio venezolano por parte de pa\u00edses como Estados Unidos.<\/p>\n<p>Fuente: infobae.com<\/p>\n<\/div>\n<\/div>\n<\/div>\n<\/div>\n<div class=\"gsp_post_data\" \r\n\t            data-post_type=\"post\" \r\n\t            data-cat=\"general,noticias-internacionales\" \r\n\t            data-modified=\"120\"\r\n\t            data-created=\"1532524337\"\r\n\t            data-title=\"Maduro quiere la cooperaci\u00f3n militar de paises aliados\" \r\n\t            data-home=\"https:\/\/www.evafm.net\/sitio\"><\/div>","protected":false},"excerpt":{"rendered":"<p>El r\u00e9gimen de Nicol\u00e1s Maduro ratific\u00f3, durante los actos conmemorativos por los 235 a\u00f1os del natalicio del Libertador Sim\u00f3n Bol\u00edvar,\u00a0su soberan\u00eda, al tiempo que plante\u00f3 retomar la cooperaci\u00f3n militar con \u00abpa\u00edses amigos\u00bb de Venezuela como Rusia, China, Turqu\u00eda e Ir\u00e1n. En el desfile por la celebraci\u00f3n del nacimiento del libertador de Venezuela y del d\u00eda&#8230;<\/p>\n","protected":false},"author":5,"featured_media":36594,"comment_status":"closed","ping_status":"open","sticky":false,"template":"","format":"standard","meta":{"_joinchat":[],"footnotes":""},"categories":[1720,1345],"tags":[],"class_list":["post-36593","post","type-post","status-publish","format-standard","has-post-thumbnail","hentry","category-general","category-noticias-internacionales","have-post-thumb"],"_links":{"self":[{"href":"https:\/\/www.evafm.net\/sitio\/wp-json\/wp\/v2\/posts\/36593","targetHints":{"allow":["GET"]}}],"collection":[{"href":"https:\/\/www.evafm.net\/sitio\/wp-json\/wp\/v2\/posts"}],"about":[{"href":"https:\/\/www.evafm.net\/sitio\/wp-json\/wp\/v2\/types\/post"}],"author":[{"embeddable":true,"href":"https:\/\/www.evafm.net\/sitio\/wp-json\/wp\/v2\/users\/5"}],"replies":[{"embeddable":true,"href":"https:\/\/www.evafm.net\/sitio\/wp-json\/wp\/v2\/comments?post=36593"}],"version-history":[{"count":1,"href":"https:\/\/www.evafm.net\/sitio\/wp-json\/wp\/v2\/posts\/36593\/revisions"}],"predecessor-version":[{"id":36595,"href":"https:\/\/www.evafm.net\/sitio\/wp-json\/wp\/v2\/posts\/36593\/revisions\/36595"}],"wp:featuredmedia":[{"embeddable":true,"href":"https:\/\/www.evafm.net\/sitio\/wp-json\/wp\/v2\/media\/36594"}],"wp:attachment":[{"href":"https:\/\/www.evafm.net\/sitio\/wp-json\/wp\/v2\/media?parent=36593"}],"wp:term":[{"taxonomy":"category","embeddable":true,"href":"https:\/\/www.evafm.net\/sitio\/wp-json\/wp\/v2\/categories?post=36593"},{"taxonomy":"post_tag","embeddable":true,"href":"https:\/\/www.evafm.net\/sitio\/wp-json\/wp\/v2\/tags?post=36593"}],"curies":[{"name":"wp","href":"https:\/\/api.w.org\/{rel}","templated":true}]}}