{"id":36602,"date":"2018-07-25T13:24:32","date_gmt":"2018-07-25T18:24:32","guid":{"rendered":"http:\/\/www.evafm.net\/sitio\/?p=36602"},"modified":"2018-07-25T13:24:32","modified_gmt":"2018-07-25T18:24:32","slug":"derechos-de-tv-causa-de-ruptura-entre-clubes-y-fef","status":"publish","type":"post","link":"https:\/\/www.evafm.net\/sitio\/derechos-de-tv-causa-de-ruptura-entre-clubes-y-fef\/","title":{"rendered":"Derechos de TV, causa de ruptura entre clubes y FEF"},"content":{"rendered":"<p>En enero la relaci\u00f3n era id\u00edlica. Corr\u00edan cuatro d\u00edas del nuevo a\u00f1o y la Federaci\u00f3n Ecuatoriana de F\u00fatbol (FEF) presum\u00eda una carta con el respaldo que los 24 clubes de las series A y B le daban ante el l\u00edo judicial que se arm\u00f3 por los derechos de televisi\u00f3n del Campeonato Nacional adjudicados a GolTV.<\/p>\n<p>Hoy, seis meses despu\u00e9s, la relaci\u00f3n se ha roto, aunque no lo admitan, los hechos lo dicen.<\/p>\n<p>Ahora hay desacuerdos, incomodidad, advertencias, falta de comunicaci\u00f3n, se quejan los clubes. Aquellos que hace seis meses respaldaron a Carlos Villac\u00eds y el contrato que \u00e9l firm\u00f3 por 10 a\u00f1os \u2013prorrogable a 20\u2013 con la empresa del uruguayo Paco Casal, a pesar de que solo le quedaba un a\u00f1o en funciones, hoy le cuestionan que pretenda negociar a larga data, si es que no lo ha hecho ya, otros derechos de transmisi\u00f3n, los de la Selecci\u00f3n y los de la futura Copa Ecuador que la FEF pretende organizar.<\/p>\n<p>A diferencia de hace solo seis meses, hoy a los representantes de los clubes les parece que \u201cno est\u00e1 bien\u201d que la FEF firme cualquier pacto extenso porque Villac\u00eds y los suyos est\u00e1n por irse de la Ecuaf\u00fatbol.<\/p>\n<p>En enero habr\u00e1 una nueva directiva en la Federaci\u00f3n, dicen con seguridad absoluta. De la naciente Liga Profesional a la que Villac\u00eds, agobiado por la justicia, le transfiri\u00f3 los poderes para hacerse cargo del campeonato a partir del 2019 y que ahora mismo manejan los horarios del actual torneo, saldr\u00e1 una lista de consenso para asumir el mando de la FEF.<\/p>\n<p>Ya planifican su conformaci\u00f3n, lo admiten abiertamente, pero a\u00fan no forma parte de sus resoluciones oficiales. Al menos no la de ayer.<\/p>\n<p>\u201cSe han tomado decisiones (en la FEF) que no apoyamos, lo ideal es que de la Liga tengamos a un representante para las elecciones\u201d, dijo Santiago Morales, dirigente de Independiente del Valle, antes de la reuni\u00f3n del Consejo de Presidentes de la LigaPro.<\/p>\n<p>\u201cLa idea de una renovaci\u00f3n total en la FEF se impone entre nosotros\u201d, declar\u00f3 Jaime Estrada, de la Comisi\u00f3n de F\u00fatbol del Manta al concluir la cita, que fue a puerta cerrada en un edificio en el norte de Guayaquil.<\/p>\n<p>Al final del encuentro, el presidente de la Liga Profesional, Miguel \u00c1ngel Loor, anunci\u00f3 una resoluci\u00f3n de tres puntos: \u201cManifestar su intenci\u00f3n de no participar en la Copa Ecuador\u201d que pretende organizar la FEF porque no saben nada sobre \u201cel calendario ni la participaci\u00f3n en derechos audiovisuales\u201d.<\/p>\n<p>Solicitar a la FEF \u201ctodos los valores por los derechos de TV del Campeonato\u201d que le haya entregado GolTV. Y pedirle a Carlos Villac\u00eds \u201cque se abstenga de firmar contratos de larga duraci\u00f3n\u201d porque ya se acaba su periodo y eso \u201cpodr\u00eda comprometer a una nueva directiva\u201d.<\/p>\n<p>Los clubes que hace seis meses respaldaban a Villac\u00eds hoy tienen 48 votos de 70 para reemplazarlo en enero. (D)<\/p>\n<p><strong>70 votos<\/strong><br \/>\nEs el universo para la elecci\u00f3n en enero en la FEF. Los 24 clubes tienen voto doble (48). 18 Asociaciones Provinciales tienen 1 voto cada una. Guayas y Pichincha cuentan con 2.<\/p>\n<p><iframe title=\"Derechos de TV, causa de ruptura entre clubes y FEF\" width=\"1200\" height=\"675\" src=\"https:\/\/www.youtube.com\/embed\/oHVYZEKr3BM?feature=oembed\" frameborder=\"0\" allow=\"accelerometer; autoplay; clipboard-write; encrypted-media; gyroscope; picture-in-picture; web-share\" referrerpolicy=\"strict-origin-when-cross-origin\" allowfullscreen><\/iframe><\/p>\n<p>Fuente: eluniverso.com<\/p>\n<div class=\"gsp_post_data\" \r\n\t            data-post_type=\"post\" \r\n\t            data-cat=\"deportes-ecuador,general\" \r\n\t            data-modified=\"120\"\r\n\t            data-created=\"1532525072\"\r\n\t            data-title=\"Derechos de TV, causa de ruptura entre clubes y FEF\" \r\n\t            data-home=\"https:\/\/www.evafm.net\/sitio\"><\/div>","protected":false},"excerpt":{"rendered":"<p>En enero la relaci\u00f3n era id\u00edlica. Corr\u00edan cuatro d\u00edas del nuevo a\u00f1o y la Federaci\u00f3n Ecuatoriana de F\u00fatbol (FEF) presum\u00eda una carta con el respaldo que los 24 clubes de las series A y B le daban ante el l\u00edo judicial que se arm\u00f3 por los derechos de televisi\u00f3n del Campeonato Nacional adjudicados a GolTV&#8230;.<\/p>\n","protected":false},"author":5,"featured_media":36603,"comment_status":"closed","ping_status":"open","sticky":false,"template":"","format":"standard","meta":{"_joinchat":[],"footnotes":""},"categories":[1557,1720],"tags":[],"class_list":["post-36602","post","type-post","status-publish","format-standard","has-post-thumbnail","hentry","category-deportes-ecuador","category-general","have-post-thumb"],"_links":{"self":[{"href":"https:\/\/www.evafm.net\/sitio\/wp-json\/wp\/v2\/posts\/36602","targetHints":{"allow":["GET"]}}],"collection":[{"href":"https:\/\/www.evafm.net\/sitio\/wp-json\/wp\/v2\/posts"}],"about":[{"href":"https:\/\/www.evafm.net\/sitio\/wp-json\/wp\/v2\/types\/post"}],"author":[{"embeddable":true,"href":"https:\/\/www.evafm.net\/sitio\/wp-json\/wp\/v2\/users\/5"}],"replies":[{"embeddable":true,"href":"https:\/\/www.evafm.net\/sitio\/wp-json\/wp\/v2\/comments?post=36602"}],"version-history":[{"count":1,"href":"https:\/\/www.evafm.net\/sitio\/wp-json\/wp\/v2\/posts\/36602\/revisions"}],"predecessor-version":[{"id":36605,"href":"https:\/\/www.evafm.net\/sitio\/wp-json\/wp\/v2\/posts\/36602\/revisions\/36605"}],"wp:featuredmedia":[{"embeddable":true,"href":"https:\/\/www.evafm.net\/sitio\/wp-json\/wp\/v2\/media\/36603"}],"wp:attachment":[{"href":"https:\/\/www.evafm.net\/sitio\/wp-json\/wp\/v2\/media?parent=36602"}],"wp:term":[{"taxonomy":"category","embeddable":true,"href":"https:\/\/www.evafm.net\/sitio\/wp-json\/wp\/v2\/categories?post=36602"},{"taxonomy":"post_tag","embeddable":true,"href":"https:\/\/www.evafm.net\/sitio\/wp-json\/wp\/v2\/tags?post=36602"}],"curies":[{"name":"wp","href":"https:\/\/api.w.org\/{rel}","templated":true}]}}