{"id":36606,"date":"2018-07-25T13:30:29","date_gmt":"2018-07-25T18:30:29","guid":{"rendered":"http:\/\/www.evafm.net\/sitio\/?p=36606"},"modified":"2018-07-25T13:30:29","modified_gmt":"2018-07-25T18:30:29","slug":"ldu-vs-vasco-da-gama-copa-sudamericana","status":"publish","type":"post","link":"https:\/\/www.evafm.net\/sitio\/ldu-vs-vasco-da-gama-copa-sudamericana\/","title":{"rendered":"LDU vs. Vasco da Gama &#8211; Copa Sudamericana"},"content":{"rendered":"<p id=\"p539391-m1783-2-1784\" class=\"parrafo first-parrafo\">Golpeado en su defensa y sin su goleador,<b>\u00a0Liga de Quito<\/b>\u00a0recibir\u00e1 este mi\u00e9rcoles en la capital ecuatoriana al\u00a0<b>Vasco Da Gama<\/b>\u00a0en partido de ida de la segunda fase de la\u00a0<b>Copa Sudamericana-2018<\/b>.<\/p>\n<p id=\"p539391-m1788-3-1789\" class=\"parrafo first-parrafo\">Con el deseo de demostrar que la partida del delantero argentino Hern\u00e1n Barcos, quien decidi\u00f3 irse al Cruzeiro de Brasil, es un caso cerrado, los albos se medir\u00e1n con\u00a0<b>Vasco\u00a0<\/b>en el estadio Casa Blanca, en la capital ecuatoriana.<\/p>\n<p id=\"p539391-m1793-4-1794\" class=\"parrafo first-parrafo\">La partida de Barcos, que marc\u00f3 nueve goles en el torneo local, es el menor de los males que aqueja en esta segunda etapa a\u00a0<b>Liga de Quito<\/b>, que en 2009 se coron\u00f3 campe\u00f3n de la\u00a0<b>Sudamericana<\/b>.<\/p>\n<p id=\"p539391-m1798-5-1799\" class=\"parrafo first-parrafo\">La defensa resiente las ausencias de Anderson Ord\u00f3\u00f1ez y Cristian Cruz por lesi\u00f3n. En su lugar, el estratega uruguayo Pablo Repetto planea incluir a su compatriota Horacio Salaberry y al ecuatoriano An\u00edbal Chal\u00e1.<\/p>\n<p id=\"p539391-m1803-6-1804\" class=\"parrafo first-parrafo\"><b>Liga de Quito<\/b>, que se clasific\u00f3 a la final del campeonato ecuatoriano de 2018 al ganar anticipadamente la primera fase del certamen, no ha tenido una buena actuaci\u00f3n en sus dos \u00faltimos partidos.<\/p>\n<p id=\"p539391-m1808-7-1809\" class=\"parrafo first-parrafo\">Cay\u00f3 2-0 con un equipo suplente frente a Deportivo Cuenca en el cierre de la primera fase y en el inicio de la segunda etapa perdi\u00f3 2-0 contra Delf\u00edn.<\/p>\n<p id=\"p539391-m1813-8-1814\" class=\"parrafo first-parrafo\">A diferencia de<b>\u00a0Liga de Quito<\/b>,\u00a0<b>Vasco Da Gama<\/b>\u00a0llega a la capital ecuatoriana motivado por su reciente triunfo 1-0 ante Gremio en el torneo local.<\/p>\n<p id=\"p539391-m1818-9-1819\" class=\"parrafo first-parrafo\">Los brasile\u00f1os conf\u00edan en que podr\u00e1n superar los 2.800 metros de altura de Quito y el esquema de\u00a0<b>Liga<\/b>\u00a0para poner un pie en los octavos de final.<br \/>\n<i><br \/>\nAFP<\/i><\/p>\n<p id=\"p539391-m1823-10-1824\" class=\"parrafo first-parrafo\"><b>Liga de Quito vs. Vasco da Gama: posibles alineaciones<\/b><\/p>\n<p id=\"p539391-m1828-11-1829\" class=\"parrafo first-parrafo\"><b>Liga de Quito<\/b>: Adri\u00e1n Gabbarini &#8211; Jos\u00e9 Quinteros, Franklin Guerra, Horacio Salaberry, An\u00edbal Chal\u00e1 &#8211; Edison Vega, Jefferson Orejuela, Anderson Julio, Fernando Guerrero &#8211; Jhojan Julio y Juan Anangon\u00f3.<\/p>\n<p><b>Vasco Da Gama<\/b>: Martin Silva &#8211; Luiz Gustavo, Ricardo Gra\u00e7a, Oswaldo Henr\u00edquez, Henrique &#8211; Andrey, Ra\u00fal, Wagner, Giovanni Augusto &#8211; Kelvin y Andr\u00e9s R\u00edos.<\/p>\n<p>Fuente: elcomercio.pe<\/p>\n<div class=\"gsp_post_data\" \r\n\t            data-post_type=\"post\" \r\n\t            data-cat=\"deportes-internacionales,general\" \r\n\t            data-modified=\"120\"\r\n\t            data-created=\"1532525429\"\r\n\t            data-title=\"LDU vs. Vasco da Gama &#8211; Copa Sudamericana\" \r\n\t            data-home=\"https:\/\/www.evafm.net\/sitio\"><\/div>","protected":false},"excerpt":{"rendered":"<p>Golpeado en su defensa y sin su goleador,\u00a0Liga de Quito\u00a0recibir\u00e1 este mi\u00e9rcoles en la capital ecuatoriana al\u00a0Vasco Da Gama\u00a0en partido de ida de la segunda fase de la\u00a0Copa Sudamericana-2018. Con el deseo de demostrar que la partida del delantero argentino Hern\u00e1n Barcos, quien decidi\u00f3 irse al Cruzeiro de Brasil, es un caso cerrado, los albos&#8230;<\/p>\n","protected":false},"author":5,"featured_media":36607,"comment_status":"closed","ping_status":"open","sticky":false,"template":"","format":"standard","meta":{"_joinchat":[],"footnotes":""},"categories":[1342,1720],"tags":[],"class_list":["post-36606","post","type-post","status-publish","format-standard","has-post-thumbnail","hentry","category-deportes-internacionales","category-general","have-post-thumb"],"_links":{"self":[{"href":"https:\/\/www.evafm.net\/sitio\/wp-json\/wp\/v2\/posts\/36606","targetHints":{"allow":["GET"]}}],"collection":[{"href":"https:\/\/www.evafm.net\/sitio\/wp-json\/wp\/v2\/posts"}],"about":[{"href":"https:\/\/www.evafm.net\/sitio\/wp-json\/wp\/v2\/types\/post"}],"author":[{"embeddable":true,"href":"https:\/\/www.evafm.net\/sitio\/wp-json\/wp\/v2\/users\/5"}],"replies":[{"embeddable":true,"href":"https:\/\/www.evafm.net\/sitio\/wp-json\/wp\/v2\/comments?post=36606"}],"version-history":[{"count":1,"href":"https:\/\/www.evafm.net\/sitio\/wp-json\/wp\/v2\/posts\/36606\/revisions"}],"predecessor-version":[{"id":36608,"href":"https:\/\/www.evafm.net\/sitio\/wp-json\/wp\/v2\/posts\/36606\/revisions\/36608"}],"wp:featuredmedia":[{"embeddable":true,"href":"https:\/\/www.evafm.net\/sitio\/wp-json\/wp\/v2\/media\/36607"}],"wp:attachment":[{"href":"https:\/\/www.evafm.net\/sitio\/wp-json\/wp\/v2\/media?parent=36606"}],"wp:term":[{"taxonomy":"category","embeddable":true,"href":"https:\/\/www.evafm.net\/sitio\/wp-json\/wp\/v2\/categories?post=36606"},{"taxonomy":"post_tag","embeddable":true,"href":"https:\/\/www.evafm.net\/sitio\/wp-json\/wp\/v2\/tags?post=36606"}],"curies":[{"name":"wp","href":"https:\/\/api.w.org\/{rel}","templated":true}]}}