{"id":36609,"date":"2018-07-25T19:50:31","date_gmt":"2018-07-26T00:50:31","guid":{"rendered":"http:\/\/www.evafm.net\/sitio\/?p=36609"},"modified":"2018-07-25T19:50:31","modified_gmt":"2018-07-26T00:50:31","slug":"actriz-vanessa-redgrave-recibira-el-leon-de-oro-del-festival-de-cine-de-venecia-2018","status":"publish","type":"post","link":"https:\/\/www.evafm.net\/sitio\/actriz-vanessa-redgrave-recibira-el-leon-de-oro-del-festival-de-cine-de-venecia-2018\/","title":{"rendered":"Actriz Vanessa Redgrave recibir\u00e1 el Le\u00f3n de Oro del Festival de Cine de Venecia 2018"},"content":{"rendered":"<p>La\u00a0<strong>actriz brit\u00e1nica Vanessa Redgrave<\/strong>, conocida tambi\u00e9n por sus convicciones pol\u00edticas de izquierda,\u00a0<strong>ser\u00e1 premiada en Venecia con el Le\u00f3n de Oro\u00a0<\/strong>por su trayectoria en la\u00a0<strong>75\u00aa edici\u00f3n de la Muestra del Cine<\/strong>, informaron este martes los organizadores.<\/p>\n<p>Considerada una de las actrices m\u00e1s talentosas de su generaci\u00f3n, Redgrave, de 81 a\u00f1os,\u00a0<strong>ha trabajado en teatro, cine y televisi\u00f3n y recibido numerosos y prestigiosos premios<\/strong>, entre ellos el<strong>\u00a0\u00d3scar\u00a0<\/strong>por su papel rol secundario en\u00a0<strong>\u00abJulia\u00bb de 1977<\/strong>.<\/p>\n<p>\u00ab<em>Un\u00e1nimemente considerada entre las mejores int\u00e9rpretes femeninas del cine moderno, Redgrave es una actriz sensible y capaz de infinitos matices y por ende la int\u00e9rprete ideal de personajes complejos y a menudo controvertidos<\/em>\u00ab, escribi\u00f3 en una nota el director del certamen, el cr\u00edtico italiano Alberto Barbera.<\/p>\n<p>\u00ab<strong>Dotada de una elegancia natural y una innata fuerza de seducci\u00f3n as\u00ed como de un extraordinario talento<\/strong>, ha podido pasar en forma desenvuelta del cine de autor europeo a las fastuosas producciones de Hollywood, de los palcos teatrales a las producciones televisivas, con resultados en todos los campos absolutamente excelentes\u00bb, agreg\u00f3.<\/p>\n<p>El director del certamen veneciano, que se llevar\u00e1 a cabo desde del\u00a0<strong>29 de agosto al 8 de septiembre<\/strong>, premiar\u00e1 tambi\u00e9n con el Le\u00f3n de Oro por su trayectoria al director de cine canadiense David Cronenberg.<\/p>\n<p>\u00ab<strong>Estoy sorprendida y extraordinariamente feliz de saber que me premiar\u00e1n con el Le\u00f3n de Oro. <\/strong><\/p>\n<p><strong>El pasado verano estaba grabando en Venecia \u00abThe Aspern Papers<\/strong>\u00bb y hace muchos a\u00f1os tambi\u00e9n \u00abLa vacanza\u00bb (1972) en los pantanos de la regi\u00f3n V\u00e9neto, donde mi personaje hablaba solo dialecto veneciano\u00bb, coment\u00f3 Redgrave tras ser informada del galard\u00f3n, precis\u00f3 en una nota de los organizadores.<\/p>\n<p>Fuente: espectador.com<\/p>\n<div class=\"gsp_post_data\" \r\n\t            data-post_type=\"post\" \r\n\t            data-cat=\"espectaculos,general\" \r\n\t            data-modified=\"120\"\r\n\t            data-created=\"1532548231\"\r\n\t            data-title=\"Actriz Vanessa Redgrave recibir\u00e1 el Le\u00f3n de Oro del Festival de Cine de Venecia 2018\" \r\n\t            data-home=\"https:\/\/www.evafm.net\/sitio\"><\/div>","protected":false},"excerpt":{"rendered":"<p>La\u00a0actriz brit\u00e1nica Vanessa Redgrave, conocida tambi\u00e9n por sus convicciones pol\u00edticas de izquierda,\u00a0ser\u00e1 premiada en Venecia con el Le\u00f3n de Oro\u00a0por su trayectoria en la\u00a075\u00aa edici\u00f3n de la Muestra del Cine, informaron este martes los organizadores. Considerada una de las actrices m\u00e1s talentosas de su generaci\u00f3n, Redgrave, de 81 a\u00f1os,\u00a0ha trabajado en teatro, cine y televisi\u00f3n&#8230;<\/p>\n","protected":false},"author":5,"featured_media":36610,"comment_status":"closed","ping_status":"open","sticky":false,"template":"","format":"standard","meta":{"_joinchat":[],"footnotes":""},"categories":[4,1720],"tags":[],"class_list":["post-36609","post","type-post","status-publish","format-standard","has-post-thumbnail","hentry","category-espectaculos","category-general","have-post-thumb"],"_links":{"self":[{"href":"https:\/\/www.evafm.net\/sitio\/wp-json\/wp\/v2\/posts\/36609","targetHints":{"allow":["GET"]}}],"collection":[{"href":"https:\/\/www.evafm.net\/sitio\/wp-json\/wp\/v2\/posts"}],"about":[{"href":"https:\/\/www.evafm.net\/sitio\/wp-json\/wp\/v2\/types\/post"}],"author":[{"embeddable":true,"href":"https:\/\/www.evafm.net\/sitio\/wp-json\/wp\/v2\/users\/5"}],"replies":[{"embeddable":true,"href":"https:\/\/www.evafm.net\/sitio\/wp-json\/wp\/v2\/comments?post=36609"}],"version-history":[{"count":1,"href":"https:\/\/www.evafm.net\/sitio\/wp-json\/wp\/v2\/posts\/36609\/revisions"}],"predecessor-version":[{"id":36611,"href":"https:\/\/www.evafm.net\/sitio\/wp-json\/wp\/v2\/posts\/36609\/revisions\/36611"}],"wp:featuredmedia":[{"embeddable":true,"href":"https:\/\/www.evafm.net\/sitio\/wp-json\/wp\/v2\/media\/36610"}],"wp:attachment":[{"href":"https:\/\/www.evafm.net\/sitio\/wp-json\/wp\/v2\/media?parent=36609"}],"wp:term":[{"taxonomy":"category","embeddable":true,"href":"https:\/\/www.evafm.net\/sitio\/wp-json\/wp\/v2\/categories?post=36609"},{"taxonomy":"post_tag","embeddable":true,"href":"https:\/\/www.evafm.net\/sitio\/wp-json\/wp\/v2\/tags?post=36609"}],"curies":[{"name":"wp","href":"https:\/\/api.w.org\/{rel}","templated":true}]}}