{"id":36640,"date":"2018-07-25T21:26:15","date_gmt":"2018-07-26T02:26:15","guid":{"rendered":"http:\/\/www.evafm.net\/sitio\/?p=36640"},"modified":"2018-07-25T21:35:44","modified_gmt":"2018-07-26T02:35:44","slug":"cuidado-se-equivocan-de-persona-recomienda-jaime-nebot","status":"publish","type":"post","link":"https:\/\/www.evafm.net\/sitio\/cuidado-se-equivocan-de-persona-recomienda-jaime-nebot\/","title":{"rendered":"Cuidado se equivocan de persona, recomienda Jaime Nebot"},"content":{"rendered":"<p>La firma del acta de aprobaci\u00f3n del proyecto de construcci\u00f3n del puente sur, bajo la modalidad de Asociaci\u00f3n P\u00fablico &#8211; Privada, con el Ministerio de Obras P\u00fablicas fue uno de los puntos destacados este mi\u00e9rcoles 25 de julio en la Sesi\u00f3n Solemne por los 483 a\u00f1os de fundaci\u00f3n de Guayaquil.<\/p>\n<p>Como ya es usual, la tradicional sesi\u00f3n en homenaje al proceso fundacional de la ciudad, se realiz\u00f3 junto al r\u00edo Guayas, en la Plaza de la Integraci\u00f3n, en el sur del Malec\u00f3n Sim\u00f3n Bol\u00edvar. Hasta all\u00ed lleg\u00f3 el alcalde Jaime Nebot para presidir el encuentro al que tambi\u00e9n asisti\u00f3 la vicepresidenta ecuatoriana Mar\u00eda Alejandra Vicu\u00f1a, en representaci\u00f3n del presidente Len\u00edn Moreno.<\/p>\n<p>Durante el acto conmemorativo se present\u00f3 un video explicativo del\u00a0proyecto de construcci\u00f3n del puente sur\u00a0que contar\u00e1 con una inversi\u00f3n de $ 1.500 millones. La obra conectar\u00e1 la zona portuaria de Guayaquil con Dur\u00e1n y la v\u00eda Puerto Inca &#8211; Naranjal.<\/p>\n<p>\u00abEl quinto puente unir\u00e1 la v\u00eda Dur\u00e1n &#8211; Tambo con el sector portuario (de Guayaquil). Es una de las obras m\u00e1s importantes que se van a iniciar en Ecuador y en Guayaquil, le va a dar competitividad a los puertos de Guayaquil y va a descongestionar la v\u00eda Perimetral\u00bb, indic\u00f3 Nebot en su discurso, en el que tambi\u00e9n enumer\u00f3 la obras realizadas en la ciudad por parte de la Alcald\u00eda.<\/p>\n<p>La sesi\u00f3n inici\u00f3 con la entrega de condecoraciones a la expresidenta de la Rep\u00fablica Rosal\u00eda Arteaga, la cantautora Mirella Cesa, al m\u00fasico H\u00e9ctor Napolitano y al deportista Jecson Preciado Mairongo. Tambi\u00e9n se entreg\u00f3 un reconocimiento post mortem al radiodifusor y publicista Gabriel Tramontana, que fue recibido por familiares.<\/p>\n<p>Arteaga -en nombre de los condecorados- pronunci\u00f3 un corto discurso para agradecer al pueblo de Guayaquil, a la Municipalidad y al alcalde Nebot, por esta condecoraci\u00f3n. La expresidenta dedic\u00f3 la presea a los ni\u00f1os de una escuela de la isla Trinitaria, as\u00ed como a las mujeres, los profesores y los j\u00f3venes de Guayaquil y el pa\u00eds.<\/p>\n<h2>Pide analizar el voto<\/h2>\n<p>En medio del discurso de Nebot se escuch\u00f3 alg\u00fan grito de &#8216;Viva Guayaquil&#8217;, &#8216;Viva Nebot el futuro presidente del Ecuador&#8217;. En tanto representantes de sectores populares portaban pancartas con el nombre de Cynthia Viteri, precandidata por el Partido Social Cristiano (PSC) a ocupar el Sill\u00f3n de Olmedo.<\/p>\n<p>El alcalde pidi\u00f3 que esas voces no conviertan la sesi\u00f3n en un acto pol\u00edtico, aunque dedic\u00f3 un espacio de su discurso a aconsejar decidir bien el voto. \u00abObserven y analicen a los candidatos y concluyan qui\u00e9n es y qui\u00e9n pone en peligro los logros y el provenir y qui\u00e9n la persona que pueda continuar y superar nuestra obra y simplemente voten por ese personaje, ese es el mejor blindaje que podemos dar al futuro promisorio de esta tierra\u00bb.<\/p>\n<p>Muchos somos necesarios, nadie es indispensable e insustituible, no se preocupen porque yo me voy, preocupense eso s\u00ed y mucho, que entender que en nadie m\u00e1s que en ustedes est\u00e1 la soluci\u00f3n.<\/p>\n<p>\u00abNo voten por los candidatos, voten por ustedes mismos. Son solo medios para solucionar sus problemas. Estoy seguro de que (los guayaquile\u00f1os) no se equivocar\u00e1n de objetivos, pero cuidado se equivocan de persona, algunos que parecen salvadores, acaban siendo los peores sepultureros del presente y del futuro\u00bb.<\/p>\n<p>Nebot no dio nombres, pero se refiri\u00f3 a\u00a0personajes pol\u00edticos que realizan una precampa\u00f1a para intentar llegar a la Alcald\u00eda. \u00abEse que les promete hoy, \u00bfles cumpli\u00f3 ayer?, ese que los visita hoy, \u00bfse preocup\u00f3 de ustedes ayer?. Ya se propone que ahorrar es malo&#8230; (se propone) que se tome el dinero, decenas de millones de d\u00f3lares que est\u00e1n guardados para el nuevo aeropuerto internacional, para gastarlo ya, supuestamente en los pobres&#8230; pobres pobres, siempre el mismo pretexto\u00bb, indic\u00f3 el edil.<\/p>\n<p>El alcalde tambi\u00e9n anunci\u00f3 que la Municipalidad lleg\u00f3 a un acuerdo con el Banco del Pac\u00edfico para crear el &#8216;Banco de Oportunidades&#8217; con el que se le dar\u00e1 cr\u00e9dito a 50.000 comerciantes informales de Guayaquil.<\/p>\n<h2>Voces gubernamentales<\/h2>\n<p>En esta sesi\u00f3n estuvieron presentes la vicepresidenta de la Rep\u00fablica, Mar\u00eda Alejandra Vicu\u00f1a; asamble\u00edstas, concejales, as\u00ed como otras figuras del cabildo como Viteri, asesora de Gesti\u00f3n Comunitaria del Municipio.<\/p>\n<p>Vicu\u00f1a tambi\u00e9n pronunci\u00f3 un discurso en conmemoraci\u00f3n a la ciudad, antes de darle paso a un mensaje en video del presidente Len\u00edn Moreno, quien no estuvo presente en la sesi\u00f3n por su viaje a Europa.<\/p>\n<p>Ella destac\u00f3 que es un honor como hija de esta tierra y en representaci\u00f3n del gobierno asistir a la sesi\u00f3n en la que felicit\u00f3 la iniciativa municipal para entregar cr\u00e9ditos a 50 mil informales.<\/p>\n<p>La construcci\u00f3n de la sociedad ecuatoriana no ser\u00eda la misma sin los guayaquile\u00f1os, dijo al expresar que la herencia de la resistencia huancavilca es una de las principales caracter\u00edsticas de la personalidad colectiva de los guayaquile\u00f1os.<\/p>\n<p>Vicu\u00f1a dijo que no todos entienden a la pol\u00edtica como pasi\u00f3n por el servicio a los dem\u00e1s, pero reiter\u00f3 que en esa l\u00ednea seguir\u00e1n trabajando por la ciudad.<\/p>\n<p>El cierre estuvo a cargo de la cantante guayaquile\u00f1a Pamela Cort\u00e9s, quien enton\u00f3 el himno al 9 de Octubre, en compa\u00f1\u00eda de la Orquesta Filarm\u00f3nica Municipal de Guayaquil. (I)<\/p>\n<p><iframe title=\"Nebot pide a guayaquile\u00f1os votar por quien pueda continuar su obra\" width=\"1200\" height=\"900\" src=\"https:\/\/www.youtube.com\/embed\/5iyWnAos_qY?feature=oembed\" frameborder=\"0\" allow=\"accelerometer; autoplay; clipboard-write; encrypted-media; gyroscope; picture-in-picture; web-share\" referrerpolicy=\"strict-origin-when-cross-origin\" allowfullscreen><\/iframe><\/p>\n<p>Fuente: eluniverso.com &#8211; youtube.com &#8211; ecuavisa.com<\/p>\n<div class=\"gsp_post_data\" \r\n\t            data-post_type=\"post\" \r\n\t            data-cat=\"general,noticias-ecuador\" \r\n\t            data-modified=\"120\"\r\n\t            data-created=\"1532553975\"\r\n\t            data-title=\"Cuidado se equivocan de persona, recomienda Jaime Nebot\" \r\n\t            data-home=\"https:\/\/www.evafm.net\/sitio\"><\/div>","protected":false},"excerpt":{"rendered":"<p>La firma del acta de aprobaci\u00f3n del proyecto de construcci\u00f3n del puente sur, bajo la modalidad de Asociaci\u00f3n P\u00fablico &#8211; Privada, con el Ministerio de Obras P\u00fablicas fue uno de los puntos destacados este mi\u00e9rcoles 25 de julio en la Sesi\u00f3n Solemne por los 483 a\u00f1os de fundaci\u00f3n de Guayaquil. Como ya es usual, la&#8230;<\/p>\n","protected":false},"author":5,"featured_media":36641,"comment_status":"closed","ping_status":"open","sticky":false,"template":"","format":"standard","meta":{"_joinchat":[],"footnotes":""},"categories":[1720,1558],"tags":[],"class_list":["post-36640","post","type-post","status-publish","format-standard","has-post-thumbnail","hentry","category-general","category-noticias-ecuador","have-post-thumb"],"_links":{"self":[{"href":"https:\/\/www.evafm.net\/sitio\/wp-json\/wp\/v2\/posts\/36640","targetHints":{"allow":["GET"]}}],"collection":[{"href":"https:\/\/www.evafm.net\/sitio\/wp-json\/wp\/v2\/posts"}],"about":[{"href":"https:\/\/www.evafm.net\/sitio\/wp-json\/wp\/v2\/types\/post"}],"author":[{"embeddable":true,"href":"https:\/\/www.evafm.net\/sitio\/wp-json\/wp\/v2\/users\/5"}],"replies":[{"embeddable":true,"href":"https:\/\/www.evafm.net\/sitio\/wp-json\/wp\/v2\/comments?post=36640"}],"version-history":[{"count":3,"href":"https:\/\/www.evafm.net\/sitio\/wp-json\/wp\/v2\/posts\/36640\/revisions"}],"predecessor-version":[{"id":36644,"href":"https:\/\/www.evafm.net\/sitio\/wp-json\/wp\/v2\/posts\/36640\/revisions\/36644"}],"wp:featuredmedia":[{"embeddable":true,"href":"https:\/\/www.evafm.net\/sitio\/wp-json\/wp\/v2\/media\/36641"}],"wp:attachment":[{"href":"https:\/\/www.evafm.net\/sitio\/wp-json\/wp\/v2\/media?parent=36640"}],"wp:term":[{"taxonomy":"category","embeddable":true,"href":"https:\/\/www.evafm.net\/sitio\/wp-json\/wp\/v2\/categories?post=36640"},{"taxonomy":"post_tag","embeddable":true,"href":"https:\/\/www.evafm.net\/sitio\/wp-json\/wp\/v2\/tags?post=36640"}],"curies":[{"name":"wp","href":"https:\/\/api.w.org\/{rel}","templated":true}]}}