{"id":36645,"date":"2018-07-27T10:06:45","date_gmt":"2018-07-27T15:06:45","guid":{"rendered":"http:\/\/www.evafm.net\/sitio\/?p=36645"},"modified":"2018-07-27T10:06:45","modified_gmt":"2018-07-27T15:06:45","slug":"se-inauguro-la-quinta-edicion-de-la-feria-gastronomica-raices-en-guayaquil","status":"publish","type":"post","link":"https:\/\/www.evafm.net\/sitio\/se-inauguro-la-quinta-edicion-de-la-feria-gastronomica-raices-en-guayaquil\/","title":{"rendered":"Se inaugur\u00f3 la quinta edici\u00f3n de la Feria Gastron\u00f3mica Ra\u00edces en Guayaquil"},"content":{"rendered":"<p>Con una serie de presentaciones danc\u00edsticas se inaugur\u00f3 este jueves la feria\u00a0Ra\u00edces 2018\u00a0con la presencia del alcalde de Guayaquil Jaime Nebot, el ministro de Turismo Enrique Ponce de Le\u00f3n y la presidenta de la Empresa municipal de Turismo, Gloria Gallardo.<\/p>\n<p>La cita gastron\u00f3mica se apertur\u00f3 con 40 huecas nacionales, de las cuales 24 participan por primera vez en esta edici\u00f3n que espera recibir a unos 70 mil visitantes hasta el domingo pr\u00f3ximo en el\u00a0Centro de Convenciones Sim\u00f3n Bol\u00edvar.<\/p>\n<p>Para este a\u00f1o, acomodada en un \u00e1rea de 11.600 m\u00b2, la feria cuenta con 120 expositores y auspiciantes.<\/p>\n<p>De las 40 huecas, 38 son guayaquile\u00f1as y dos invitadas (Loja y Sangolqu\u00ed).<\/p>\n<p>Adem\u00e1s de la feria, que atender\u00e1 de\u00a0<strong>10:00 a 22:00<\/strong>, habr\u00e1 un espacio de congresos, Copa Culinaria, un sal\u00f3n de cerveza, chocolate y m\u00e1s.<\/p>\n<p>Los precios de las entradas son: 2,50 d\u00f3lares para el p\u00fablico en general y $ 1,25 para ni\u00f1os de hasta los 8 a\u00f1os y tercera edad.<\/p>\n<p>Nebot visit\u00f3 cada uno de los puestos y en la inauguraci\u00f3n ratific\u00f3 que el concepto de huecas se concebir\u00e1 para operarse todos los d\u00edas con el Mercado del R\u00edo pr\u00f3ximo a inaugurarse en octubre de este a\u00f1o en el Malec\u00f3n 2000.<\/p>\n<p>\u00c9l recibi\u00f3 de Gloria Gallardo, presidenta de la Empresa de Turismo, una chaqueta de chef por su apoyo a la feria.<\/p>\n<p>Resalt\u00f3 que la ciudad se convierte en destino permanente de gastronom\u00eda con la pr\u00f3xima apertura del Mercado del R\u00edo que en octubre abrir\u00e1.<\/p>\n<p>De los 27 locales que salieron a concesi\u00f3n, 23 ya est\u00e1n firmados.<\/p>\n<p>\u201cAh\u00ed estar\u00e1 representada la comida tradicional ecuatoriana que a su vez nace de las huecas, la nueva de los chefs y la internacional\u201d, agreg\u00f3.<\/p>\n<p>En las \u00e1reas de patios de comidas, las degustaciones se replicaban con mariscos, empanadas, encebollado, guatita.<\/p>\n<p>Algunos de los platillos de las huecas guardan llamativos nombres como el ceviche\u00a0<em>Levanta muerto<\/em>, o el bol\u00f3n manile\u00f1o y el\u00a0<em>Tsunami del Colorado,\u00a0<\/em>que se trata de un plato con guatita, ceviche, curtido de pescado, encebollado y concha.<\/p>\n<p>En los primeros minutos de la feria, Teresa Le\u00f3n con su esposo y una de sus dos hijas degustaron una marejada de mariscos.<\/p>\n<p>La otra hija, Carmen, se deleit\u00f3 con un hornado de la hueca Hornado del Valle de Sangolqu\u00ed.<\/p>\n<p>H\u00e9ctor Collantes y su esposa escogieron ese \u00faltimo plato y un arroz marinero para iniciar su paseo. \u201cDelicioso\u201d, dijeron.<\/p>\n<p>Omar Zamora gust\u00f3 del tsunami del Colorado que viene con guatita y encebollado.<\/p>\n<p>En otra mesa, Teresa Le\u00f3n se deleit\u00f3 con una marejada de mariscos con su esposo.<\/p>\n<p>Y Jenny Scaldaferri y once amigas se reencontraron para gustar caldo de salchicha.<\/p>\n<p>\u201cBuen sitio para encontrar la comida rica de Guayaquil\u201d, dijo Gustavo C\u00e1ceres al probar la marejada con una cerveza helada.<\/p>\n<p>Entrada de adultos cuesta $ 2,50; $1,50 para ni\u00f1os y adultos mayores. Abre de 10:00 a 22:00.\u00a0<strong>(I)<\/strong><\/p>\n<p><iframe title=\"Feria gastron\u00f3mica Rai\u0301ces en su quinta edici\u00f3n\" width=\"1200\" height=\"900\" src=\"https:\/\/www.youtube.com\/embed\/yUf9XOJVsk8?feature=oembed\" frameborder=\"0\" allow=\"accelerometer; autoplay; clipboard-write; encrypted-media; gyroscope; picture-in-picture; web-share\" referrerpolicy=\"strict-origin-when-cross-origin\" allowfullscreen><\/iframe><\/p>\n<p><iframe title=\"26 julio 2018  - Ab. Jaime Nebot : Inauguracio\u0301n Feria Gastrono\u0301mica Rai\u0301ces\" width=\"1200\" height=\"675\" src=\"https:\/\/www.youtube.com\/embed\/l9APZ6noU7s?feature=oembed\" frameborder=\"0\" allow=\"accelerometer; autoplay; clipboard-write; encrypted-media; gyroscope; picture-in-picture; web-share\" referrerpolicy=\"strict-origin-when-cross-origin\" allowfullscreen><\/iframe><\/p>\n<p><img decoding=\"async\" src=\"https:\/\/www.eluniverso.com\/sites\/default\/files\/styles\/powgallery_800\/public\/fotos\/2018\/07\/13774430.jpg?itok=zZPzLRs1\" alt=\"Ra\u00c3\u00adces abri\u00c3\u00b3 con sus delicias y espera a  70.000 personas \" \/><\/p>\n<p><img decoding=\"async\" src=\"https:\/\/www.eluniverso.com\/sites\/default\/files\/styles\/powgallery_800\/public\/fotos\/2018\/07\/img-20180726-wa0057.jpg?itok=Mz54bGT9\" alt=\"feria-Raices-inauguracion-26-jul-18-Verni\" \/><\/p>\n<p><img decoding=\"async\" src=\"https:\/\/www.eluniverso.com\/sites\/default\/files\/styles\/powgallery_800\/public\/fotos\/2018\/07\/13774431.jpg?itok=K6ilx96H\" alt=\"Ra\u00c3\u00adces abri\u00c3\u00b3 con sus delicias y espera a  70.000 personas \" \/><\/p>\n<p>Fuente: eluniverso.com &#8211; youtube.com<\/p>\n<div class=\"gsp_post_data\" \r\n\t            data-post_type=\"post\" \r\n\t            data-cat=\"general,noticias-ecuador\" \r\n\t            data-modified=\"120\"\r\n\t            data-created=\"1532686005\"\r\n\t            data-title=\"Se inaugur\u00f3 la quinta edici\u00f3n de la Feria Gastron\u00f3mica Ra\u00edces en Guayaquil\" \r\n\t            data-home=\"https:\/\/www.evafm.net\/sitio\"><\/div>","protected":false},"excerpt":{"rendered":"<p>Con una serie de presentaciones danc\u00edsticas se inaugur\u00f3 este jueves la feria\u00a0Ra\u00edces 2018\u00a0con la presencia del alcalde de Guayaquil Jaime Nebot, el ministro de Turismo Enrique Ponce de Le\u00f3n y la presidenta de la Empresa municipal de Turismo, Gloria Gallardo. La cita gastron\u00f3mica se apertur\u00f3 con 40 huecas nacionales, de las cuales 24 participan por&#8230;<\/p>\n","protected":false},"author":5,"featured_media":36647,"comment_status":"closed","ping_status":"open","sticky":false,"template":"","format":"standard","meta":{"_joinchat":[],"footnotes":""},"categories":[1720,1558],"tags":[],"class_list":["post-36645","post","type-post","status-publish","format-standard","has-post-thumbnail","hentry","category-general","category-noticias-ecuador","have-post-thumb"],"_links":{"self":[{"href":"https:\/\/www.evafm.net\/sitio\/wp-json\/wp\/v2\/posts\/36645","targetHints":{"allow":["GET"]}}],"collection":[{"href":"https:\/\/www.evafm.net\/sitio\/wp-json\/wp\/v2\/posts"}],"about":[{"href":"https:\/\/www.evafm.net\/sitio\/wp-json\/wp\/v2\/types\/post"}],"author":[{"embeddable":true,"href":"https:\/\/www.evafm.net\/sitio\/wp-json\/wp\/v2\/users\/5"}],"replies":[{"embeddable":true,"href":"https:\/\/www.evafm.net\/sitio\/wp-json\/wp\/v2\/comments?post=36645"}],"version-history":[{"count":1,"href":"https:\/\/www.evafm.net\/sitio\/wp-json\/wp\/v2\/posts\/36645\/revisions"}],"predecessor-version":[{"id":36649,"href":"https:\/\/www.evafm.net\/sitio\/wp-json\/wp\/v2\/posts\/36645\/revisions\/36649"}],"wp:featuredmedia":[{"embeddable":true,"href":"https:\/\/www.evafm.net\/sitio\/wp-json\/wp\/v2\/media\/36647"}],"wp:attachment":[{"href":"https:\/\/www.evafm.net\/sitio\/wp-json\/wp\/v2\/media?parent=36645"}],"wp:term":[{"taxonomy":"category","embeddable":true,"href":"https:\/\/www.evafm.net\/sitio\/wp-json\/wp\/v2\/categories?post=36645"},{"taxonomy":"post_tag","embeddable":true,"href":"https:\/\/www.evafm.net\/sitio\/wp-json\/wp\/v2\/tags?post=36645"}],"curies":[{"name":"wp","href":"https:\/\/api.w.org\/{rel}","templated":true}]}}