{"id":36653,"date":"2018-07-27T10:20:16","date_gmt":"2018-07-27T15:20:16","guid":{"rendered":"http:\/\/www.evafm.net\/sitio\/?p=36653"},"modified":"2018-07-27T10:21:03","modified_gmt":"2018-07-27T15:21:03","slug":"donald-trump-la-economia-estadounidense-crecio-un-41","status":"publish","type":"post","link":"https:\/\/www.evafm.net\/sitio\/donald-trump-la-economia-estadounidense-crecio-un-41\/","title":{"rendered":"Donald Trump: \u00abLa econom\u00eda estadounidense creci\u00f3 un 4,1%"},"content":{"rendered":"<div class=\"row\">\n<div class=\"col-xs-12 col-print-12\">\n<p class=\"element element-paragraph\">La econom\u00eda de Estados Unidos salt\u00f3 en el segundo trimestre a\u00a0<strong>m\u00e1s del 4% por primera vez en cuatro a\u00f1os<\/strong>, de acuerdo con la primera estimaci\u00f3n del Departamento de Comercio publicada este viernes.<\/p>\n<\/div>\n<\/div>\n<div class=\"row\">\n<div class=\"col-xs-12 col-print-12\">\n<p class=\"element element-paragraph\">De abril a junio,\u00a0<strong>el crecimiento del Producto Interno Bruto (PIB) alcanz\u00f3 el 4,1% interanual<\/strong>, la tasa m\u00e1s alta desde el \u00faltimo trimestre de 2014.<\/p>\n<p class=\"element element-paragraph\">El ministerio tambi\u00e9n\u00a0<strong>revis\u00f3 al alza el crecimiento en el primer trimestre<\/strong>, a 2,2% en lugar del 2% informado anteriormente.<\/p>\n<\/div>\n<\/div>\n<div class=\"row\">\n<div class=\"col-xs-12 col-print-12\">\n<p class=\"element element-paragraph\">El presidente estadounidense,\u00a0<strong>Donald Trump<\/strong>, elogi\u00f3 los avances en la econom\u00eda.<\/p>\n<p class=\"element element-paragraph\">\u00ab<strong>Estos son grandes n\u00fameros<\/strong>.\u00a0Estados Unidos se duplicar\u00e1 en su tama\u00f1o 10 veces m\u00e1s r\u00e1pido de lo que hubiera ocurrido con Obama o Bush\u00bb, comenz\u00f3 su discurso.<\/p>\n<p class=\"element element-paragraph\">Dijo que los \u00e9xitos se deben a su pol\u00edtica de \u00ab<strong>Am\u00e9rica, primero<\/strong>\u00ab.\u00a0Y sigui\u00f3: \u00ab<strong>Nunca hab\u00edamos tenido una reducci\u00f3n tan grande del d\u00e9ficit<\/strong>\u00ab.<\/p>\n<p>\u00abLo m\u00e1s importante es que estos n\u00fameros\u00a0<strong>son muy sostenibles<\/strong>. No es algo que ocurra una sola vez.<\/p>\n<p><strong>\u00a0El pr\u00f3ximo trimestre ser\u00e1 sobresaliente<\/strong>.<\/p>\n<p>Hemos logrado un nivel econ\u00f3mico de\u00a0<strong>proporciones hist\u00f3ricas<\/strong>\u00a0dado que en\u00a0d\u00e9cadas no ha habido un crecimiento similar\u00bb, subray\u00f3.<\/p>\n<p>Tambi\u00e9n sostuvo que en sus conversaciones con otros l\u00edderes mundiales, \u00e9stos elogian su gesti\u00f3n econ\u00f3mica.<\/p>\n<p>\u00ab<strong>Hemos cambiado todos los indicadores<\/strong>.<\/p>\n<p>Ahora somos la envidia de todo el mundo.<\/p>\n<p>Lo que siempre me dicen los presidentes es:\u00a0<strong>\u00b4Felicitaciones por su econom\u00eda\u00b4<\/strong>\u00ab, remarc\u00f3.<\/p>\n<div class=\"row\">\n<div class=\"col-xs-12 col-print-12\">\n<p class=\"element element-paragraph\">\u00abEstamos poniendo primero a EEUU.\u00a0Estamos en el mejor lugar del aumento del empleo.<\/p>\n<p class=\"element element-paragraph\">El desempleo para las personas negras est\u00e1 en el nivel m\u00e1s bajo.<\/p>\n<p class=\"element element-paragraph\">El hispano ha llegado al nivel m\u00e1s bajo tambi\u00e9n en la historia.<\/p>\n<p class=\"element element-paragraph\">El desempleo para las mujeres lleg\u00f3 a su nivel m\u00e1s bajo en 65 a\u00f1os y pronto se convertir\u00e1 en el mejor nivel de toda la historia\u00bb, destac\u00f3.<\/p>\n<\/div>\n<\/div>\n<div class=\"row\">\n<div class=\"col-xs-12 col-print-12\">\n<p class=\"element element-paragraph\">Tambi\u00e9n afirm\u00f3 que la\u00a0<strong>confianza del consumidor<\/strong>\u00a0est\u00e1 en el mejor nivel hist\u00f3rico y que ahora los estadounidenses tienen mejores bonos y salarios.<\/p>\n<\/div>\n<\/div>\n<div class=\"row\">\n<div class=\"col-xs-12 col-print-12\">\n<p class=\"element element-paragraph\">En otro orden,\u00a0habl\u00f3 de los restos de los soldados repatriados de Corea:\u00a0\u00ab<strong>Mike Pence estar\u00e1 para recibir a los restos con las familias<\/strong>.<\/p>\n<p class=\"element element-paragraph\">Quiero agradecer al presidente Kim por mantener su palabra, por mantener esta promesa que me hizo y estoy seguro de que seguir\u00e1 cumpliendo con su promesa\u00bb.<\/p>\n<\/div>\n<\/div>\n<div class=\"row\">\n<div class=\"col-xs-12 col-print-12\">\n<p class=\"element element-paragraph\">\u00ab<strong>Estos h\u00e9roes podr\u00e1n descansar en paz en suelo estadounidense<\/strong>.<br \/>\nEstamos haciendo nuestro pa\u00eds grande una vez m\u00e1s.<\/p>\n<p class=\"element element-paragraph\">Nos est\u00e1n respetando en todo el mundo\u00bb, concluy\u00f3.<\/p>\n<div class=\"single-image\">\n<div class=\"shares\">\n<div class=\"share-button facebook\"><\/div>\n<\/div>\n<p><img decoding=\"async\" id=\"IZBKNGFMWRACZE6JSTABE4LT24\" class=\"image-lazy\" src=\"https:\/\/www.infobae.com\/new-resizer\/K1wsct_26G3P6QM9in_-fVkenhE=\/600x0\/filters:quality(100)\/s3.amazonaws.com\/arc-wordpress-client-uploads\/infobae-wp\/wp-content\/uploads\/2018\/01\/29123417\/produccion-automotriz.jpg\" alt=\"Producci\u00f3n automotriz\" width=\"750\" height=\"421.875\" \/><\/p>\n<\/div>\n<p><span class=\"credit\">Producci\u00f3n automotriz<\/span><\/p>\n<p>Fuente: infobae.com<\/p>\n<\/div>\n<\/div>\n<\/div>\n<\/div>\n<div class=\"gsp_post_data\" \r\n\t            data-post_type=\"post\" \r\n\t            data-cat=\"general,noticias-internacionales\" \r\n\t            data-modified=\"120\"\r\n\t            data-created=\"1532686816\"\r\n\t            data-title=\"Donald Trump: \u00abLa econom\u00eda estadounidense creci\u00f3 un 4,1%\" \r\n\t            data-home=\"https:\/\/www.evafm.net\/sitio\"><\/div>","protected":false},"excerpt":{"rendered":"<p>La econom\u00eda de Estados Unidos salt\u00f3 en el segundo trimestre a\u00a0m\u00e1s del 4% por primera vez en cuatro a\u00f1os, de acuerdo con la primera estimaci\u00f3n del Departamento de Comercio publicada este viernes. De abril a junio,\u00a0el crecimiento del Producto Interno Bruto (PIB) alcanz\u00f3 el 4,1% interanual, la tasa m\u00e1s alta desde el \u00faltimo trimestre de&#8230;<\/p>\n","protected":false},"author":5,"featured_media":36654,"comment_status":"closed","ping_status":"open","sticky":false,"template":"","format":"standard","meta":{"_joinchat":[],"footnotes":""},"categories":[1720,1345],"tags":[],"class_list":["post-36653","post","type-post","status-publish","format-standard","has-post-thumbnail","hentry","category-general","category-noticias-internacionales","have-post-thumb"],"_links":{"self":[{"href":"https:\/\/www.evafm.net\/sitio\/wp-json\/wp\/v2\/posts\/36653","targetHints":{"allow":["GET"]}}],"collection":[{"href":"https:\/\/www.evafm.net\/sitio\/wp-json\/wp\/v2\/posts"}],"about":[{"href":"https:\/\/www.evafm.net\/sitio\/wp-json\/wp\/v2\/types\/post"}],"author":[{"embeddable":true,"href":"https:\/\/www.evafm.net\/sitio\/wp-json\/wp\/v2\/users\/5"}],"replies":[{"embeddable":true,"href":"https:\/\/www.evafm.net\/sitio\/wp-json\/wp\/v2\/comments?post=36653"}],"version-history":[{"count":2,"href":"https:\/\/www.evafm.net\/sitio\/wp-json\/wp\/v2\/posts\/36653\/revisions"}],"predecessor-version":[{"id":36656,"href":"https:\/\/www.evafm.net\/sitio\/wp-json\/wp\/v2\/posts\/36653\/revisions\/36656"}],"wp:featuredmedia":[{"embeddable":true,"href":"https:\/\/www.evafm.net\/sitio\/wp-json\/wp\/v2\/media\/36654"}],"wp:attachment":[{"href":"https:\/\/www.evafm.net\/sitio\/wp-json\/wp\/v2\/media?parent=36653"}],"wp:term":[{"taxonomy":"category","embeddable":true,"href":"https:\/\/www.evafm.net\/sitio\/wp-json\/wp\/v2\/categories?post=36653"},{"taxonomy":"post_tag","embeddable":true,"href":"https:\/\/www.evafm.net\/sitio\/wp-json\/wp\/v2\/tags?post=36653"}],"curies":[{"name":"wp","href":"https:\/\/api.w.org\/{rel}","templated":true}]}}