{"id":36657,"date":"2018-07-27T10:29:09","date_gmt":"2018-07-27T15:29:09","guid":{"rendered":"http:\/\/www.evafm.net\/sitio\/?p=36657"},"modified":"2018-07-27T10:29:09","modified_gmt":"2018-07-27T15:29:09","slug":"como-ver-la-luna-de-sangre-el-eclipse-mas-largo-del-siglo-xxi","status":"publish","type":"post","link":"https:\/\/www.evafm.net\/sitio\/como-ver-la-luna-de-sangre-el-eclipse-mas-largo-del-siglo-xxi\/","title":{"rendered":"C\u00f3mo ver la \u00abLuna de Sangre\u00bb, el eclipse m\u00e1s largo del siglo XXI"},"content":{"rendered":"<p>El eclipse lunar m\u00e1s largo del siglo XXI, con una totalidad de 102 minutos, se podr\u00e1 observar este viernes \u00a027 de julio y e<b>l Instituto de Astrof\u00edsica de Canarias (IAC, en el archipi\u00e9lago espa\u00f1ol en el Atl\u00e1ntico) lo transmitir\u00e1 en directo desde Namibia a trav\u00e9s del canal\u00a0<\/b><b>sky-live.tv.<\/b><\/p>\n<div class=\"row\">\n<div class=\"col-xs-12 col-print-12\">\n<p class=\"element element-paragraph\">La retransmisi\u00f3n en directo de este eclipse total de Luna se realizar\u00e1 con la colaboraci\u00f3n del proyecto europeo STARS4ALL y del Observatorio de altas energ\u00edas HESS, inform\u00f3 hoy el IAC por medio de un comunicado.<\/p>\n<\/div>\n<\/div>\n<div class=\"row\">\n<div class=\"col-xs-12 col-print-12\">\n<p class=\"element element-paragraph\"><b>Los eclipses lunares ocurren cuando el sat\u00e9lite terrestre pasa por la sombra de la Tierra, lo que no sucede todos los meses<\/b>, porque la \u00f3rbita de la Luna est\u00e1 inclinada con respecto a la de la Tierra-Sol (ecl\u00edptica).<\/p>\n<div class=\"row\">\n<div class=\"col-xs-12 col-print-12\">\n<p class=\"element element-paragraph\">A diferencia de los eclipses solares, l<b>os lunares son visibles desde cualquier lugar del mundo<\/b>, una vez que la Luna est\u00e1 sobre el horizonte en el momento del eclipse, explic\u00f3 el Instituto de Astrof\u00edsica de Canarias.<\/p>\n<\/div>\n<\/div>\n<div class=\"row\">\n<div class=\"col-xs-12 col-print-12\">\n<p class=\"element element-paragraph\"><b>La fase de totalidad del eclipse durar\u00e1 1 hora y 42 minutos, con lo que ser\u00e1 el m\u00e1s largo del siglo XXI, comenzado a las 19:30 horas GMT y la Luna empezar\u00e1 a eclipsarse (entrada en la sombra terrestre) a las 18:24 GMT.<\/b><\/p>\n<\/div>\n<\/div>\n<div class=\"row\">\n<div class=\"col-xs-12 col-print-12\">\n<p class=\"element element-paragraph\"><b>El momento m\u00e1s cautivador del eclipse<\/b>, es decir, cuando la Luna estar\u00e1 completamente en el cono de sombra proyectado por la Tierra, se iniciar\u00e1 a las 19H30 GMT y terminar\u00e1 a las 21H13 GMT.<\/p>\n<\/div>\n<\/div>\n<div class=\"row\">\n<div class=\"col-xs-12 col-print-12\">\n<p class=\"element element-paragraph\"><b>Se podr\u00e1 observar desde Sudam\u00e9rica, Europa, \u00c1frica, Asia y Ocean\u00eda<\/b>.\u00a0<b>En Am\u00e9rica Latina ser\u00e1 visible en la penumbra crepuscular del viernes en la costa oriental del continente, en Brasil, Uruguay y Argentina<\/b>, aunque el invierno austral puede complicar la observaci\u00f3n del fen\u00f3meno.<\/p>\n<div class=\"row\">\n<div class=\"col-xs-12 col-print-12\">\n<p class=\"element element-paragraph\"><b>Al estar privada de los rayos del Sol, la Luna se ensombrecer\u00e1 y se te\u00f1ir\u00e1 de rojo, por eso a este evento se lo llama \u00abLuna de Sangre\u00bb.\u00a0<\/b>Este color se explica por el hecho de que la atm\u00f3sfera terrestre desv\u00eda los rayos rojos de la luz solar hacia el interior del cono de sombra, y la Luna puede reflejarlos.<\/p>\n<\/div>\n<\/div>\n<div class=\"row\">\n<div class=\"col-xs-12 col-print-12\">\n<p class=\"element element-paragraph\"><b>Seg\u00fan las condiciones atmosf\u00e9ricas y, especialmente, la contaminaci\u00f3n, la Luna podr\u00e1 adquirir un gris rojizo muy oscuro, o te\u00f1irse de un rojo m\u00e1s intenso<\/b>\u00a0si no hay part\u00edculas en la atm\u00f3sfera.<\/p>\n<\/div>\n<\/div>\n<div class=\"row\">\n<div class=\"col-xs-12 col-print-12\">\n<p class=\"element element-paragraph\">El otro protagonista de la noche ser\u00e1 el planeta\u00a0Marte, que estar\u00e1 a solo 57,6 millones de kil\u00f3metros de la Tierra\u00a0(el m\u00ednimo de distancia se alcanzar\u00e1 el 31 de julio). Hace 15 a\u00f1os que la apariencia de su di\u00e1metro no es tan grande. Y habr\u00e1 que esperar hasta 2035 para ver el planeta rojo tan cerca. A simple vista solo se ver\u00e1 un punto brillante, pero con lentes o un telescopio ser\u00e1 posible observarlo en detalle.<\/p>\n<p><img decoding=\"async\" src=\"https:\/\/www.infobae.com\/new-resizer\/dSP0a1LuxVUD0lPAG2fFOynks5k=\/600x0\/filters:quality(100)\/s3.amazonaws.com\/arc-wordpress-client-uploads\/infobae-wp\/wp-content\/uploads\/2018\/07\/25175609\/Eclipse-Lunar-Agosto-2018-5.jpg\" alt=\"El mapa muestra en qu\u00c3\u00a9 lugares del mundo se ver\u00c3\u00a1 con m\u00c3\u00a1s facilidad el eclipse del 27 de julio\" \/><\/p>\n<p>El mapa muestra en qu\u00e9 lugares del mundo se ver\u00e1 con m\u00e1s facilidad el eclipse del 27 de julio.<\/p>\n<div class=\"single-image\">\n<div class=\"shares\">\n<div class=\"share-button facebook\"><\/div>\n<\/div>\n<p><img decoding=\"async\" id=\"XDSCSD6XZZEYHEB6QE3GQCYHOU\" class=\"image-lazy\" src=\"https:\/\/www.infobae.com\/new-resizer\/xOI3F1kkXSq0mIn21xpBGvp5dm4=\/600x0\/filters:quality(100)\/s3.amazonaws.com\/arc-wordpress-client-uploads\/infobae-wp\/wp-content\/uploads\/2017\/08\/21134223\/eclipse-2.jpg\" alt=\"Adiferencia de otros fen\u00f3menos de este tipo, esta vez no ser\u00e1 necesario proteger la vista para observar el eclipse\u00a0(AP Photo\/Don Ryan)\" width=\"750\" height=\"421.484375\" \/><\/div>\n<p><span class=\"credit\">Adiferencia de otros fen\u00f3menos de este tipo, esta vez no ser\u00e1 necesario proteger la vista para observar el eclipse\u00a0(AP Photo\/Don Ryan)<\/span><\/p>\n<\/div>\n<\/div>\n<div class=\"row\">\n<div class=\"col-xs-12 col-print-12\">\n<p class=\"element element-paragraph\"><em>Con informaci\u00f3n de EFE y AFP<\/em><\/p>\n<\/div>\n<\/div>\n<\/div>\n<\/div>\n<\/div>\n<\/div>\n<div class=\"gsp_post_data\" \r\n\t            data-post_type=\"post\" \r\n\t            data-cat=\"noticias-internacionales\" \r\n\t            data-modified=\"120\"\r\n\t            data-created=\"1532687349\"\r\n\t            data-title=\"C\u00f3mo ver la \u00abLuna de Sangre\u00bb, el eclipse m\u00e1s largo del siglo XXI\" \r\n\t            data-home=\"https:\/\/www.evafm.net\/sitio\"><\/div>","protected":false},"excerpt":{"rendered":"<p>El eclipse lunar m\u00e1s largo del siglo XXI, con una totalidad de 102 minutos, se podr\u00e1 observar este viernes \u00a027 de julio y el Instituto de Astrof\u00edsica de Canarias (IAC, en el archipi\u00e9lago espa\u00f1ol en el Atl\u00e1ntico) lo transmitir\u00e1 en directo desde Namibia a trav\u00e9s del canal\u00a0sky-live.tv. La retransmisi\u00f3n en directo de este eclipse total&#8230;<\/p>\n","protected":false},"author":5,"featured_media":36658,"comment_status":"closed","ping_status":"open","sticky":false,"template":"","format":"standard","meta":{"_joinchat":[],"footnotes":""},"categories":[1345],"tags":[],"class_list":["post-36657","post","type-post","status-publish","format-standard","has-post-thumbnail","hentry","category-noticias-internacionales","have-post-thumb"],"_links":{"self":[{"href":"https:\/\/www.evafm.net\/sitio\/wp-json\/wp\/v2\/posts\/36657","targetHints":{"allow":["GET"]}}],"collection":[{"href":"https:\/\/www.evafm.net\/sitio\/wp-json\/wp\/v2\/posts"}],"about":[{"href":"https:\/\/www.evafm.net\/sitio\/wp-json\/wp\/v2\/types\/post"}],"author":[{"embeddable":true,"href":"https:\/\/www.evafm.net\/sitio\/wp-json\/wp\/v2\/users\/5"}],"replies":[{"embeddable":true,"href":"https:\/\/www.evafm.net\/sitio\/wp-json\/wp\/v2\/comments?post=36657"}],"version-history":[{"count":2,"href":"https:\/\/www.evafm.net\/sitio\/wp-json\/wp\/v2\/posts\/36657\/revisions"}],"predecessor-version":[{"id":36660,"href":"https:\/\/www.evafm.net\/sitio\/wp-json\/wp\/v2\/posts\/36657\/revisions\/36660"}],"wp:featuredmedia":[{"embeddable":true,"href":"https:\/\/www.evafm.net\/sitio\/wp-json\/wp\/v2\/media\/36658"}],"wp:attachment":[{"href":"https:\/\/www.evafm.net\/sitio\/wp-json\/wp\/v2\/media?parent=36657"}],"wp:term":[{"taxonomy":"category","embeddable":true,"href":"https:\/\/www.evafm.net\/sitio\/wp-json\/wp\/v2\/categories?post=36657"},{"taxonomy":"post_tag","embeddable":true,"href":"https:\/\/www.evafm.net\/sitio\/wp-json\/wp\/v2\/tags?post=36657"}],"curies":[{"name":"wp","href":"https:\/\/api.w.org\/{rel}","templated":true}]}}