{"id":36673,"date":"2018-07-27T11:37:07","date_gmt":"2018-07-27T16:37:07","guid":{"rendered":"http:\/\/www.evafm.net\/sitio\/?p=36673"},"modified":"2018-07-27T11:37:07","modified_gmt":"2018-07-27T16:37:07","slug":"shakira-y-maluma-estrenan-video-de-clandestino","status":"publish","type":"post","link":"https:\/\/www.evafm.net\/sitio\/shakira-y-maluma-estrenan-video-de-clandestino\/","title":{"rendered":"Shakira y Maluma estrenan video de \u00abClandestino\u00bb"},"content":{"rendered":"<p><strong>Shakira y Maluma\u00a0<\/strong>estrenan el video de \u00ab<strong>Clandestino<\/strong>\u00ab, canci\u00f3n que una semana despu\u00e9s de haber sido lanzada destron\u00f3 a<strong>\u00a0\u00abDespacito\u00bb<\/strong>\u00a0como la\u00a0<strong>canci\u00f3n en espa\u00f1ol m\u00e1s vendida en Estados Unidos<\/strong>, seg\u00fan revel\u00f3 la organizaci\u00f3n Billboard, que registra la popularidad de los temas musicales en ese pa\u00eds.<\/p>\n<p>\u00ab<strong>Clandestino\u00bb<\/strong>\u00a0es la tercera alianza entre los artistas colombianos, tras\u00a0<strong>\u00abChantaje\u00bb\u00a0<\/strong>y<strong>\u00a0\u00ab<\/strong><strong>Trap<\/strong>\u00ab. Este<strong>\u00a0\u00abtrap\u00bb sensual<\/strong>\u00a0tambi\u00e9n ocup\u00f3 l lugar m\u00e1s alto en la codiciada lista de las canciones latinas m\u00e1s populares, ya sea en ventas, \u00abstreaming\u00bb o radio, debutando en el n\u00famero 17. (Le puede interesar:<\/p>\n<p><strong>Shakira y Maluma<\/strong>\u00a0est\u00e1n en medio de giras mundiales, denominadas \u00abEl Dorado Tour\u00bb y \u00abF.A.M.E Tour\u00bb, respectivamente.<\/p>\n<p>Shakira, quien la semana pasada particip\u00f3 en la inauguraci\u00f3n de los\u00a0<strong>XXIII Juegos Centroamericanos y del Caribe<\/strong>, volver\u00e1 a\u00a0Colombia en noviembre pr\u00f3ximo, pues en Bogot\u00e1 finalizar\u00e1 su gira mundial.<\/p>\n<p><iframe title=\"Shakira, Maluma - Clandestino (Official Video)\" width=\"1200\" height=\"675\" src=\"https:\/\/www.youtube.com\/embed\/1DhA69K3fZ4?feature=oembed\" frameborder=\"0\" allow=\"accelerometer; autoplay; clipboard-write; encrypted-media; gyroscope; picture-in-picture; web-share\" referrerpolicy=\"strict-origin-when-cross-origin\" allowfullscreen><\/iframe><\/p>\n<p>Fuente: elespectador.com<\/p>\n<div class=\"gsp_post_data\" \r\n\t            data-post_type=\"post\" \r\n\t            data-cat=\"general,musica-internacional\" \r\n\t            data-modified=\"120\"\r\n\t            data-created=\"1532691427\"\r\n\t            data-title=\"Shakira y Maluma estrenan video de \u00abClandestino\u00bb\" \r\n\t            data-home=\"https:\/\/www.evafm.net\/sitio\"><\/div>","protected":false},"excerpt":{"rendered":"<p>Shakira y Maluma\u00a0estrenan el video de \u00abClandestino\u00ab, canci\u00f3n que una semana despu\u00e9s de haber sido lanzada destron\u00f3 a\u00a0\u00abDespacito\u00bb\u00a0como la\u00a0canci\u00f3n en espa\u00f1ol m\u00e1s vendida en Estados Unidos, seg\u00fan revel\u00f3 la organizaci\u00f3n Billboard, que registra la popularidad de los temas musicales en ese pa\u00eds. \u00abClandestino\u00bb\u00a0es la tercera alianza entre los artistas colombianos, tras\u00a0\u00abChantaje\u00bb\u00a0y\u00a0\u00abTrap\u00ab. Este\u00a0\u00abtrap\u00bb sensual\u00a0tambi\u00e9n ocup\u00f3 l&#8230;<\/p>\n","protected":false},"author":5,"featured_media":36674,"comment_status":"closed","ping_status":"open","sticky":false,"template":"","format":"standard","meta":{"_joinchat":[],"footnotes":""},"categories":[1720,2],"tags":[],"class_list":["post-36673","post","type-post","status-publish","format-standard","has-post-thumbnail","hentry","category-general","category-musica-internacional","have-post-thumb"],"_links":{"self":[{"href":"https:\/\/www.evafm.net\/sitio\/wp-json\/wp\/v2\/posts\/36673","targetHints":{"allow":["GET"]}}],"collection":[{"href":"https:\/\/www.evafm.net\/sitio\/wp-json\/wp\/v2\/posts"}],"about":[{"href":"https:\/\/www.evafm.net\/sitio\/wp-json\/wp\/v2\/types\/post"}],"author":[{"embeddable":true,"href":"https:\/\/www.evafm.net\/sitio\/wp-json\/wp\/v2\/users\/5"}],"replies":[{"embeddable":true,"href":"https:\/\/www.evafm.net\/sitio\/wp-json\/wp\/v2\/comments?post=36673"}],"version-history":[{"count":1,"href":"https:\/\/www.evafm.net\/sitio\/wp-json\/wp\/v2\/posts\/36673\/revisions"}],"predecessor-version":[{"id":36676,"href":"https:\/\/www.evafm.net\/sitio\/wp-json\/wp\/v2\/posts\/36673\/revisions\/36676"}],"wp:featuredmedia":[{"embeddable":true,"href":"https:\/\/www.evafm.net\/sitio\/wp-json\/wp\/v2\/media\/36674"}],"wp:attachment":[{"href":"https:\/\/www.evafm.net\/sitio\/wp-json\/wp\/v2\/media?parent=36673"}],"wp:term":[{"taxonomy":"category","embeddable":true,"href":"https:\/\/www.evafm.net\/sitio\/wp-json\/wp\/v2\/categories?post=36673"},{"taxonomy":"post_tag","embeddable":true,"href":"https:\/\/www.evafm.net\/sitio\/wp-json\/wp\/v2\/tags?post=36673"}],"curies":[{"name":"wp","href":"https:\/\/api.w.org\/{rel}","templated":true}]}}