{"id":36721,"date":"2018-07-29T18:57:49","date_gmt":"2018-07-29T23:57:49","guid":{"rendered":"http:\/\/www.evafm.net\/sitio\/?p=36721"},"modified":"2018-07-29T18:57:49","modified_gmt":"2018-07-29T23:57:49","slug":"jimmy-jairala-se-sintio-aludido-por-palabras-de-jaime-nebot-en-sesion-juliana","status":"publish","type":"post","link":"https:\/\/www.evafm.net\/sitio\/jimmy-jairala-se-sintio-aludido-por-palabras-de-jaime-nebot-en-sesion-juliana\/","title":{"rendered":"Jimmy Jairala se sinti\u00f3 \u2018aludido\u2019 por palabras de Jaime Nebot en sesi\u00f3n juliana"},"content":{"rendered":"<p>El prefecto del Guayas, Jimmy Jairala, mencion\u00f3 en una entrevista radial que se sinti\u00f3 aludido por las\u00a0palabras que el alcalde de Guayaquil, Jaime Nebot, emiti\u00f3 durante la sesi\u00f3n solemne que se realiz\u00f3 la tarde del mi\u00e9rcoles 25 de julio\u00a0en la Plaza de la Integraci\u00f3n, por los 483 a\u00f1os del proceso fundacional de la urbe porte\u00f1a.<\/p>\n<p>\u00abMe resisto a creer que (Nebot) haya tenido claro que no era el momento adecuado para desatar o destapar una campa\u00f1a pol\u00edtica, promoviendo a su candidata, cuando realmente yo como guayaquile\u00f1o esperaba seguir escuchando los logros de su administraci\u00f3n&#8230; No obstante, aunque no he sido nombrado, me siento aludido y m\u00e1s bien le agradezco que me haya dedicado diez minutos de su discurso&#8230;\u00bb, indic\u00f3 Jairala.<\/p>\n<p><strong>Decidir bien el voto<\/strong><\/p>\n<p>Nebot en su alocuci\u00f3n del pasado mi\u00e9rcoles no nombr\u00f3 a Jairala ni al posible candidato o candidata al Sill\u00f3n de Olmedo por parte de la alianza entre el Partido Social Cristiano y Madera de Guerrero. Durante la sesi\u00f3n el edil pidi\u00f3 a los asistentes -quienes lanzaban frases como &#8216;Nebot, futuro presidente&#8217;- no convertir la jornada conmemorativa en un acto pol\u00edtico.<\/p>\n<p>Sin embargo dedic\u00f3 un espacio de su disertaci\u00f3n a aconsejar decidir bien el voto en las pr\u00f3ximas elecciones seccionales.<\/p>\n<p>Observen y analicen a los candidatos y concluyan qui\u00e9n es y qui\u00e9n pone en peligro los logros y el provenir y qui\u00e9n la persona que pueda continuar y superar nuestra obra&#8230; Estoy seguro de que (los guayaquile\u00f1os) no se equivocar\u00e1n de objetivos, pero cuidado se equivocan de persona, algunos que parecen salvadores, acaban siendo los peores sepultureros\u00bb, indic\u00f3 Nebot.<\/p>\n<p>\u00abEse que les promete hoy, \u00bfles cumpli\u00f3 ayer?, ese que los visita hoy, \u00bfse preocup\u00f3 de ustedes ayer?.<\/p>\n<p>Ya se propone que ahorrar es malo&#8230; (se propone)\u00a0que se tome el dinero, decenas de millones de d\u00f3lares que est\u00e1n guardados para el nuevo aeropuerto internacional, para gastarlo ya, supuestamente en los pobres&#8230; pobres pobres, siempre el mismo pretexto\u00bb, mencion\u00f3.<\/p>\n<p>\u00abSi el elegido no sabe administrar y no tiene equipo para hacerlo, es desordenado e irresponsable, o contrata m\u00e1s personas de las que necesita, o si se endeuda mucho y gasta en lo que no debe, entonces se quedar\u00e1 sin dinero y sin cr\u00e9dito y ustedes sin obras y sin servicios suficientes.<\/p>\n<p>\u00bfQuieren que me reemplace alguien que se opuso a las obras para Guayaquil y no la defendi\u00f3 cuando fue atacada?, agreg\u00f3 Nebot en lo que fue su \u00faltima sesi\u00f3n juliana como alcalde.<\/p>\n<p><strong>Presupuesto<\/strong><\/p>\n<p>Nebot tampoco hizo comparaciones entre determinados gobiernos aut\u00f3monos, pero Jairala consider\u00f3 que el alcalde estaba cometiendo un error al -seg\u00fan dijo- comparar la gesti\u00f3n de la Prefectua con la del Municipio. \u00abNo se puede comparar piedras con tomates; tiene que comparar piedras con piedras.<\/p>\n<p>A la Prefectura del Guayas comp\u00e1renla con prefecturas\u00bb, dijo el prefecto.<\/p>\n<p>Jairala justific\u00f3 la gesti\u00f3n de la Prefectura al indicar que esta \u00abno es una entidad recaudadora, sino que tiene un presupuesto de lo que llega del Estado de m\u00e1s o menos 145 millones de d\u00f3lares\u00bb. \u00abNaturalmente, una provincia como Guayas, con 24 cantones aparte de Guayaquil, 29 juntas parroquiales, 3.000 recintos y 6.000 kil\u00f3metros de v\u00edas, \u00bfc\u00f3mo puede ser atendida con un presupuesto \u00ednfimo?\u00bb.<\/p>\n<p>El presupuesto del Cabildo establecido para este 2018 es de 762 millones de d\u00f3lares, sin embargo el prefecto del Guayas puso en duda aquello y asegur\u00f3 que -seg\u00fan sus estimaciones- la partida para este a\u00f1o del Muncipio rebasaba los 1.000 millones de d\u00f3lares. (I)<\/p>\n<p>Fuente: eluniverso.com<\/p>\n<div class=\"gsp_post_data\" \r\n\t            data-post_type=\"post\" \r\n\t            data-cat=\"general,noticias-ecuador\" \r\n\t            data-modified=\"120\"\r\n\t            data-created=\"1532890669\"\r\n\t            data-title=\"Jimmy Jairala se sinti\u00f3 \u2018aludido\u2019 por palabras de Jaime Nebot en sesi\u00f3n juliana\" \r\n\t            data-home=\"https:\/\/www.evafm.net\/sitio\"><\/div>","protected":false},"excerpt":{"rendered":"<p>El prefecto del Guayas, Jimmy Jairala, mencion\u00f3 en una entrevista radial que se sinti\u00f3 aludido por las\u00a0palabras que el alcalde de Guayaquil, Jaime Nebot, emiti\u00f3 durante la sesi\u00f3n solemne que se realiz\u00f3 la tarde del mi\u00e9rcoles 25 de julio\u00a0en la Plaza de la Integraci\u00f3n, por los 483 a\u00f1os del proceso fundacional de la urbe porte\u00f1a&#8230;.<\/p>\n","protected":false},"author":5,"featured_media":36722,"comment_status":"closed","ping_status":"open","sticky":false,"template":"","format":"standard","meta":{"_joinchat":[],"footnotes":""},"categories":[1720,1558],"tags":[],"class_list":["post-36721","post","type-post","status-publish","format-standard","has-post-thumbnail","hentry","category-general","category-noticias-ecuador","have-post-thumb"],"_links":{"self":[{"href":"https:\/\/www.evafm.net\/sitio\/wp-json\/wp\/v2\/posts\/36721","targetHints":{"allow":["GET"]}}],"collection":[{"href":"https:\/\/www.evafm.net\/sitio\/wp-json\/wp\/v2\/posts"}],"about":[{"href":"https:\/\/www.evafm.net\/sitio\/wp-json\/wp\/v2\/types\/post"}],"author":[{"embeddable":true,"href":"https:\/\/www.evafm.net\/sitio\/wp-json\/wp\/v2\/users\/5"}],"replies":[{"embeddable":true,"href":"https:\/\/www.evafm.net\/sitio\/wp-json\/wp\/v2\/comments?post=36721"}],"version-history":[{"count":1,"href":"https:\/\/www.evafm.net\/sitio\/wp-json\/wp\/v2\/posts\/36721\/revisions"}],"predecessor-version":[{"id":36723,"href":"https:\/\/www.evafm.net\/sitio\/wp-json\/wp\/v2\/posts\/36721\/revisions\/36723"}],"wp:featuredmedia":[{"embeddable":true,"href":"https:\/\/www.evafm.net\/sitio\/wp-json\/wp\/v2\/media\/36722"}],"wp:attachment":[{"href":"https:\/\/www.evafm.net\/sitio\/wp-json\/wp\/v2\/media?parent=36721"}],"wp:term":[{"taxonomy":"category","embeddable":true,"href":"https:\/\/www.evafm.net\/sitio\/wp-json\/wp\/v2\/categories?post=36721"},{"taxonomy":"post_tag","embeddable":true,"href":"https:\/\/www.evafm.net\/sitio\/wp-json\/wp\/v2\/tags?post=36721"}],"curies":[{"name":"wp","href":"https:\/\/api.w.org\/{rel}","templated":true}]}}