{"id":36724,"date":"2018-07-29T19:10:19","date_gmt":"2018-07-30T00:10:19","guid":{"rendered":"http:\/\/www.evafm.net\/sitio\/?p=36724"},"modified":"2018-07-29T19:10:19","modified_gmt":"2018-07-30T00:10:19","slug":"el-cardenal-de-nicaragua-repudio-los-despidos-de-medicos","status":"publish","type":"post","link":"https:\/\/www.evafm.net\/sitio\/el-cardenal-de-nicaragua-repudio-los-despidos-de-medicos\/","title":{"rendered":"El cardenal de Nicaragua repudi\u00f3 los despidos de m\u00e9dicos"},"content":{"rendered":"<div class=\"row\">\n<div class=\"col-xs-12 col-print-12\">\n<p class=\"element element-paragraph\">El cardenal de Nicaragua,\u00a0<strong>Leopoldo Brenes<\/strong>, tild\u00f3\u00a0este domingo de triste el despido de decenas de m\u00e9dicos y enfermeros de hospitales p\u00fablicos\u00a0<strong>por haber atendido a los heridos en ataques armados<\/strong>\u00a0en el marco de las protestas contra el\u00a0r\u00e9gimen de Daniel Ortega.<\/p>\n<\/div>\n<\/div>\n<div class=\"row\">\n<div class=\"col-xs-12 col-print-12\">\n<p class=\"element element-paragraph\">\u00abEs triste porque que los enfermos necesitan\u00bb atenci\u00f3n m\u00e9dica,\u00a0se\u00f1al\u00f3 el tambi\u00e9n arzobispo de la di\u00f3cesis de Managua, tras oficiar una misa en la Catedral Metropolitana.<\/p>\n<\/div>\n<\/div>\n<div class=\"row\">\n<div class=\"col-xs-12 col-print-12\">\n<p class=\"element element-paragraph\">El l\u00edder religioso reproch\u00f3 que se despida a personal de salud por brindar un servicio humanitario con base en el juramento hipocr\u00e1tico que hacen cuando se graduan de medicina.<\/p>\n<div class=\"teads-inread\">\n<div id=\"teads0\" class=\"teads-player\"><strong>\u00abEllos tienen un juramento de asistir a todos y s\u00e9 que muchos lo hicieron\u00bb<\/strong>, remarc\u00f3.<\/div>\n<div>\n<div class=\"row\">\n<div class=\"col-xs-12 col-print-12\">\n<p class=\"element element-paragraph\">Brenes record\u00f3 que los m\u00e9dicos fueron igual de solidarios con los guerrilleros sandinistas durante la insurrecci\u00f3n que derroc\u00f3 con las armas a la dictadura de los Somoza el 19 de julio de 1979.<\/p>\n<\/div>\n<\/div>\n<div class=\"row\">\n<div class=\"col-xs-12 col-print-12\">\n<p class=\"element element-paragraph\">Tambi\u00e9n durante la d\u00e9cada de 1980 -gobernada por los sandinistas- cuando en Nicaragua se libraba una guerra civil que dej\u00f3 miles de muertos.<\/p>\n<\/div>\n<\/div>\n<div class=\"row\">\n<div class=\"col-xs-12 col-print-12\">\n<p class=\"element element-paragraph\"><strong>\u00abHoy sigue la historia\u00bb de m\u00e9dicos y enfermeros<\/strong>, destac\u00f3 Brenes, quien compar\u00f3 el trabajo del personal de salud con el que realiza la Iglesia Cat\u00f3lica de abrir sus templos a los necesitados.<\/p>\n<\/div>\n<\/div>\n<div class=\"row\">\n<div class=\"col-xs-12 col-print-12\">\n<p class=\"element element-paragraph\">\u00abPediatras, ortopedistas, onc\u00f3logos, gastroenter\u00f3logos, anestesi\u00f3logos, neum\u00f3logos, infect\u00f3logos, enfermeras, despedidos brutalmente acusados del terrorismo de salvar vidas en los hospitales.<strong>\u00a0Terrorismo es quitarlos de sus puestos\u00bb<\/strong>, critic\u00f3 el escritor y ex vicepresidente\u00a0<strong>Sergio Ram\u00edrez Mercado,<\/strong>\u00a0a trav\u00e9s de su cuenta de Twitter.<\/p>\n<\/div>\n<\/div>\n<div class=\"row\">\n<div class=\"col-xs-12 col-print-12\">\n<p class=\"element element-paragraph\">Al menos 13 m\u00e9dicos del Hospital Escuela Oscar Danilo Rosales Arg\u00fcello fueron despedidos en Nicaragua\u00a0<strong>\u00abpor haber atendido a los heridos en ataques armados del Gobierno<\/strong>\u00bb sobre manifestantes en contra del presidente Ortega, denunci\u00f3\u00a0este domingo el movimiento c\u00edvico Articulaci\u00f3n Leonesa.<\/p>\n<div class=\"row\">\n<div class=\"col-xs-12 col-print-12\">\n<p class=\"element element-paragraph\">Entre los despedidos hay\u00a0<strong>pediatras, cirujanos y especialistas ortopedia, anestesiolog\u00eda y oncolog\u00eda<\/strong>\u00a0del principal hospital del departamento (provincia) de Le\u00f3n, 97 kil\u00f3metros al noroeste de Managua, seg\u00fan los denunciantes.<\/p>\n<\/div>\n<\/div>\n<div class=\"row\">\n<div class=\"col-xs-12 col-print-12\">\n<p class=\"element element-paragraph\">La Articulaci\u00f3n Leonesa vincul\u00f3 los despidos con la directora del hospital, Lejarza Vargas,\u00a0<strong>por \u00abordenar al personal m\u00e9dico del hospital que no atendiera a los protestantes heridos\u00bb.<\/strong><\/p>\n<\/div>\n<\/div>\n<div class=\"row\">\n<div class=\"col-xs-12 col-print-12\">\n<p class=\"element element-paragraph\">Otros 40 trabajadores del Hospital Regional Santiago, municipio de Jinotepe (suroeste) tambi\u00e9n fueron despedidos sin justificaci\u00f3n.<\/p>\n<\/div>\n<\/div>\n<div class=\"row\">\n<div class=\"col-xs-12 col-print-12\">\n<p class=\"element element-paragraph\">Acciones como estas han sido reflejadas en un informe oficial por la Comisi\u00f3n Interamericana de Derechos Humanos (CIDH).<\/p>\n<\/div>\n<\/div>\n<div class=\"row\">\n<div class=\"col-xs-12 col-print-12\">\n<p class=\"element element-paragraph\">Los despidos se dan en medio de una crisis que<strong>\u00a0ha dejado entre 295 y 448 muertos en manifestaciones contra Ortega<\/strong>\u00a0desde el 18 de abril pasado.<\/p>\n<div class=\"row\">\n<div class=\"col-xs-12 col-print-12\">\n<p class=\"element element-paragraph\">Tanto la CIDH, como el Alto Comisionado de las Naciones Unidas para los Derechos Humanos (Acnudh), han responsabilizado al Gobierno de Nicaragua por \u00abasesinatos, ejecuciones extrajudiciales, malos tratos, posibles actos de tortura y detenciones arbitrarias cometidos en contra de la poblaci\u00f3n mayoritariamente joven del pa\u00eds\u00bb, pero Ortega lo niega.<\/p>\n<\/div>\n<\/div>\n<div class=\"row\">\n<div class=\"col-xs-12 col-print-12\">\n<p class=\"element element-paragraph\">Nicaragua est\u00e1 sumergida en la crisis m\u00e1s sangrienta desde la d\u00e9cada de los a\u00f1os de 1980, tambi\u00e9n bajo la Presidencia de Ortega.<\/p>\n<\/div>\n<\/div>\n<div class=\"row\">\n<div class=\"col-xs-12 col-print-12\">\n<p class=\"element element-paragraph\">Las protestas contra Ortega y su esposa, la vicepresidenta\u00a0<strong>Rosario Murillo<\/strong>, se iniciaron el 18 de abril, por unas fallidas reformas a la seguridad social y se convirtieron en un reclamo que pide la renuncia del mandatario, despu\u00e9s de once a\u00f1os en el poder, con acusaciones de abuso y corrupci\u00f3n en su contra.<\/p>\n<\/div>\n<p><iframe title=\"Cardenal de Nicaragua Leopoldo Brenes pide continuar con el di\u00e1logo | Prensa Libre\" width=\"1200\" height=\"675\" src=\"https:\/\/www.youtube.com\/embed\/BG1M2VSw8mM?feature=oembed\" frameborder=\"0\" allow=\"accelerometer; autoplay; clipboard-write; encrypted-media; gyroscope; picture-in-picture; web-share\" referrerpolicy=\"strict-origin-when-cross-origin\" allowfullscreen><\/iframe><\/p>\n<p><img decoding=\"async\" src=\"https:\/\/www.infobae.com\/new-resizer\/Q3zvqYGRvYfGLuzbNSMwGmzg8b8=\/600x0\/filters:quality(100)\/s3.amazonaws.com\/arc-wordpress-client-uploads\/infobae-wp\/wp-content\/uploads\/2018\/06\/16032042\/2018-06-08T022400Z_1728869296_RC1B8E51E730_RTRMADP_3_NICARAGUA-PROTESTS.jpg\" alt=\"Leopoldo Brenes, cardenal de Nicaragua (REUTERS\/Oswaldo Rivas)\" \/><\/p>\n<div class=\"col-xs-12 col-print-12\">\n<div class=\"row\">\n<div class=\"col-xs-12 col-print-12\">\n<p class=\"element element-paragraph\">Decenas de m\u00e9dicos fueron despedidos por haber asistido a los heridos en Nicaragua.<\/p>\n<\/div>\n<\/div>\n<div class=\"row\">\n<figure class=\"element element-image col-xs-12\">\n<div class=\"single-image\"><img decoding=\"async\" id=\"JG4YANEWFFH6VN2ADPGTUYFBXE\" class=\"image-lazy\" src=\"https:\/\/www.infobae.com\/new-resizer\/WHGRSdODtrGY9QCQssOM2pm9sTM=\/600x0\/filters:quality(100)\/s3.amazonaws.com\/arc-wordpress-client-uploads\/infobae-wp\/wp-content\/uploads\/2018\/07\/27233854\/nicaragua-2.jpg\" alt=\"Decenas de m\u00e9dicos fueron despedidos por haber asistido a los heridos en Nicaragua\" width=\"750\" height=\"422.32142857142856\" \/><\/div><figcaption class=\"\"><span class=\"credit\"><span class=\"credit\">Decenas de m\u00e9dicos fueron despedidos por haber asistido a los heridos en Nicaragua.<br \/>\n<\/span><\/span><\/p>\n<div class=\"single-image\"><img decoding=\"async\" id=\"QWX52H42OFGMTOTKXIJ2TXNADY\" class=\"image-lazy\" src=\"https:\/\/www.infobae.com\/new-resizer\/zm6TmqY5ic8skUPsCigzO2OD8PU=\/600x0\/filters:quality(100)\/s3.amazonaws.com\/arc-wordpress-client-uploads\/infobae-wp\/wp-content\/uploads\/2018\/07\/14153614\/Nicaragua-ataque-iglesia-universidad-10.jpg\" alt=\"Los m\u00e9dicos despedidos son del Hospital p\u00fablico Escuela Oscar Danilo Rosales Arg\u00fcello\u00a0(AFP PHOTO \/ INTI OCON)\" width=\"750\" height=\"421.42857142857144\" \/><\/div>\n<\/figcaption><figcaption class=\"\"><span class=\"credit\"><span class=\"credit\">Los m\u00e9dicos despedidos son del Hospital p\u00fablico Escuela Oscar Danilo Rosales Arg\u00fcello\u00a0(AFP PHOTO \/ INTI OCON)<\/p>\n<p><\/span><\/span><\/p>\n<div class=\"single-image\">\n<div class=\"shares\">\n<div class=\"share-button facebook\"><\/div>\n<\/div>\n<p><img decoding=\"async\" id=\"SODVKXEP6ZCN7GNGSYWTZEEKUY\" class=\"image-lazy\" src=\"https:\/\/www.infobae.com\/new-resizer\/Rw7Ly_IpY2Dk2vYcbJx7BSgCmj4=\/600x0\/filters:quality(100)\/s3.amazonaws.com\/arc-wordpress-client-uploads\/infobae-wp\/wp-content\/uploads\/2018\/06\/29190738\/represion-nicaragua3.jpg\" alt=\"La represi\u00f3n en Nicaragua dej\u00f3 m\u00e1s de 300 muertos\" width=\"750\" height=\"422.32142857142856\" \/><\/div>\n<\/figcaption><figcaption class=\"\"><span class=\"credit\">La represi\u00f3n en Nicaragua dej\u00f3 m\u00e1s de 300 muertos.<\/span><\/figcaption><figcaption class=\"\"><\/figcaption><figcaption class=\"\"><\/figcaption><\/figure>\n<\/div>\n<\/div>\n<\/div>\n<div class=\"row\">\n<div class=\"col-xs-12 col-print-12\">\n<p class=\"element element-paragraph\">Con informaci\u00f3n de EFE<\/p>\n<p>Fuente:\u00a0 infobae.com<\/p>\n<\/div>\n<\/div>\n<\/div>\n<\/div>\n<\/div>\n<\/div>\n<\/div>\n<\/div>\n<\/div>\n<\/div>\n<div class=\"gsp_post_data\" \r\n\t            data-post_type=\"post\" \r\n\t            data-cat=\"general,noticias-internacionales\" \r\n\t            data-modified=\"120\"\r\n\t            data-created=\"1532891419\"\r\n\t            data-title=\"El cardenal de Nicaragua repudi\u00f3 los despidos de m\u00e9dicos\" \r\n\t            data-home=\"https:\/\/www.evafm.net\/sitio\"><\/div>","protected":false},"excerpt":{"rendered":"<p>El cardenal de Nicaragua,\u00a0Leopoldo Brenes, tild\u00f3\u00a0este domingo de triste el despido de decenas de m\u00e9dicos y enfermeros de hospitales p\u00fablicos\u00a0por haber atendido a los heridos en ataques armados\u00a0en el marco de las protestas contra el\u00a0r\u00e9gimen de Daniel Ortega. \u00abEs triste porque que los enfermos necesitan\u00bb atenci\u00f3n m\u00e9dica,\u00a0se\u00f1al\u00f3 el tambi\u00e9n arzobispo de la di\u00f3cesis de Managua,&#8230;<\/p>\n","protected":false},"author":5,"featured_media":36726,"comment_status":"closed","ping_status":"open","sticky":false,"template":"","format":"standard","meta":{"_joinchat":[],"footnotes":""},"categories":[1720,1345],"tags":[],"class_list":["post-36724","post","type-post","status-publish","format-standard","has-post-thumbnail","hentry","category-general","category-noticias-internacionales","have-post-thumb"],"_links":{"self":[{"href":"https:\/\/www.evafm.net\/sitio\/wp-json\/wp\/v2\/posts\/36724","targetHints":{"allow":["GET"]}}],"collection":[{"href":"https:\/\/www.evafm.net\/sitio\/wp-json\/wp\/v2\/posts"}],"about":[{"href":"https:\/\/www.evafm.net\/sitio\/wp-json\/wp\/v2\/types\/post"}],"author":[{"embeddable":true,"href":"https:\/\/www.evafm.net\/sitio\/wp-json\/wp\/v2\/users\/5"}],"replies":[{"embeddable":true,"href":"https:\/\/www.evafm.net\/sitio\/wp-json\/wp\/v2\/comments?post=36724"}],"version-history":[{"count":1,"href":"https:\/\/www.evafm.net\/sitio\/wp-json\/wp\/v2\/posts\/36724\/revisions"}],"predecessor-version":[{"id":36727,"href":"https:\/\/www.evafm.net\/sitio\/wp-json\/wp\/v2\/posts\/36724\/revisions\/36727"}],"wp:featuredmedia":[{"embeddable":true,"href":"https:\/\/www.evafm.net\/sitio\/wp-json\/wp\/v2\/media\/36726"}],"wp:attachment":[{"href":"https:\/\/www.evafm.net\/sitio\/wp-json\/wp\/v2\/media?parent=36724"}],"wp:term":[{"taxonomy":"category","embeddable":true,"href":"https:\/\/www.evafm.net\/sitio\/wp-json\/wp\/v2\/categories?post=36724"},{"taxonomy":"post_tag","embeddable":true,"href":"https:\/\/www.evafm.net\/sitio\/wp-json\/wp\/v2\/tags?post=36724"}],"curies":[{"name":"wp","href":"https:\/\/api.w.org\/{rel}","templated":true}]}}