{"id":36731,"date":"2018-07-29T19:32:55","date_gmt":"2018-07-30T00:32:55","guid":{"rendered":"http:\/\/www.evafm.net\/sitio\/?p=36731"},"modified":"2018-07-29T19:32:55","modified_gmt":"2018-07-30T00:32:55","slug":"ines-gaviria-canta-tu-fotografia-junto-a-marbelle","status":"publish","type":"post","link":"https:\/\/www.evafm.net\/sitio\/ines-gaviria-canta-tu-fotografia-junto-a-marbelle\/","title":{"rendered":"In\u00e9s Gaviria canta \u00abTu fotograf\u00eda\u00bb junto a Marbelle"},"content":{"rendered":"<p><strong>In\u00e9s Gaviria<\/strong>\u00a0estrena la canci\u00f3n \u00ab<strong>Tu fotograf\u00eda<\/strong>\u00ab, en la que colabora\u00a0<strong>Marbelle<\/strong>. La idea de grabar este tema surgi\u00f3 luego de las sesiones ac\u00fasticas que Gaviria realiz\u00f3 en sus redes sociales, por lo que se propuso recopilar temas que fueron\u00a0<strong>\u00e9xito en las voces de otros artistas y darles nueva vida<\/strong>.<\/p>\n<p>\u00ab<em>Nos reunimos en el estudio con Marbelle a buscar temas que nos gustaran a ambas y \u00e9sta fue la primera y \u00fanica opci\u00f3n.\u00a0 Para las dos \u00abTu fotograf\u00eda\u00bb significa algo diferente, pero el sentimiento que nos evoca es el mismo; el de la nostalgia, as\u00ed que todo se dio m\u00e1gicamente<\/em>\u00ab, dice In\u00e9s Gaviria, quien adelanta un proyecto musical en compa\u00f1\u00eda de Santiago Cruz, Siam, Marbelle, Ilona, Karoll M\u00e1rquez, Alejandro Gonz\u00e1lez, Samper y Paula Arenas.<\/p>\n<p>La producci\u00f3n del disco est\u00e1 a cargo de Carlos \u00abCubanito\u00bb Taboada, quien trabaj\u00f3 con la cantante combinando\u00a0<strong>estilos musicales de todos los invitados<\/strong>\u00a0y rescatando la esencia ac\u00fastica de las canciones en un disco\u00a0<strong>100% desconectado o ac\u00fastico<\/strong>.<\/p>\n<p><iframe title=\"In\u00e9s Gaviria - Tu Fotograf\u00eda ft. Marbelle (Video Oficial)\" width=\"1200\" height=\"675\" src=\"https:\/\/www.youtube.com\/embed\/BQhAj_GRzeM?feature=oembed\" frameborder=\"0\" allow=\"accelerometer; autoplay; clipboard-write; encrypted-media; gyroscope; picture-in-picture; web-share\" referrerpolicy=\"strict-origin-when-cross-origin\" allowfullscreen><\/iframe><\/p>\n<p>Fuente: elespectador.com<\/p>\n<div class=\"gsp_post_data\" \r\n\t            data-post_type=\"post\" \r\n\t            data-cat=\"general,musica-internacional\" \r\n\t            data-modified=\"120\"\r\n\t            data-created=\"1532892775\"\r\n\t            data-title=\"In\u00e9s Gaviria canta \u00abTu fotograf\u00eda\u00bb junto a Marbelle\" \r\n\t            data-home=\"https:\/\/www.evafm.net\/sitio\"><\/div>","protected":false},"excerpt":{"rendered":"<p>In\u00e9s Gaviria\u00a0estrena la canci\u00f3n \u00abTu fotograf\u00eda\u00ab, en la que colabora\u00a0Marbelle. La idea de grabar este tema surgi\u00f3 luego de las sesiones ac\u00fasticas que Gaviria realiz\u00f3 en sus redes sociales, por lo que se propuso recopilar temas que fueron\u00a0\u00e9xito en las voces de otros artistas y darles nueva vida. \u00abNos reunimos en el estudio con Marbelle&#8230;<\/p>\n","protected":false},"author":5,"featured_media":36733,"comment_status":"closed","ping_status":"open","sticky":false,"template":"","format":"standard","meta":{"_joinchat":[],"footnotes":""},"categories":[1720,2],"tags":[],"class_list":["post-36731","post","type-post","status-publish","format-standard","has-post-thumbnail","hentry","category-general","category-musica-internacional","have-post-thumb"],"_links":{"self":[{"href":"https:\/\/www.evafm.net\/sitio\/wp-json\/wp\/v2\/posts\/36731","targetHints":{"allow":["GET"]}}],"collection":[{"href":"https:\/\/www.evafm.net\/sitio\/wp-json\/wp\/v2\/posts"}],"about":[{"href":"https:\/\/www.evafm.net\/sitio\/wp-json\/wp\/v2\/types\/post"}],"author":[{"embeddable":true,"href":"https:\/\/www.evafm.net\/sitio\/wp-json\/wp\/v2\/users\/5"}],"replies":[{"embeddable":true,"href":"https:\/\/www.evafm.net\/sitio\/wp-json\/wp\/v2\/comments?post=36731"}],"version-history":[{"count":1,"href":"https:\/\/www.evafm.net\/sitio\/wp-json\/wp\/v2\/posts\/36731\/revisions"}],"predecessor-version":[{"id":36734,"href":"https:\/\/www.evafm.net\/sitio\/wp-json\/wp\/v2\/posts\/36731\/revisions\/36734"}],"wp:featuredmedia":[{"embeddable":true,"href":"https:\/\/www.evafm.net\/sitio\/wp-json\/wp\/v2\/media\/36733"}],"wp:attachment":[{"href":"https:\/\/www.evafm.net\/sitio\/wp-json\/wp\/v2\/media?parent=36731"}],"wp:term":[{"taxonomy":"category","embeddable":true,"href":"https:\/\/www.evafm.net\/sitio\/wp-json\/wp\/v2\/categories?post=36731"},{"taxonomy":"post_tag","embeddable":true,"href":"https:\/\/www.evafm.net\/sitio\/wp-json\/wp\/v2\/tags?post=36731"}],"curies":[{"name":"wp","href":"https:\/\/api.w.org\/{rel}","templated":true}]}}