{"id":36735,"date":"2018-07-29T19:39:49","date_gmt":"2018-07-30T00:39:49","guid":{"rendered":"http:\/\/www.evafm.net\/sitio\/?p=36735"},"modified":"2018-07-29T19:39:49","modified_gmt":"2018-07-30T00:39:49","slug":"chayanne-invita-a-los-nicaraguenses-a-tener-fe-y-fuerza","status":"publish","type":"post","link":"https:\/\/www.evafm.net\/sitio\/chayanne-invita-a-los-nicaraguenses-a-tener-fe-y-fuerza\/","title":{"rendered":"Chayanne invita a los nicarag\u00fcenses a tener fe y fuerza"},"content":{"rendered":"<p>El cantante puertorrique\u00f1o Chayanne envi\u00f3 un mensaje de apoyo a Nicaragua ante la situaci\u00f3n que atraviesa el pa\u00eds actualmente.<\/p>\n<p>\u00abMi gente bonita de Nicaragua les mando un fuerte abrazo. S\u00e9 por el momento dif\u00edcil por el que est\u00e1n pasando, pero hay que tener fe, mucha fuerza y hay que seguir para delante. Los quiero mucho\u00bb, dijo en un mensaje que subi\u00f3 a sus redes sociales.<\/p>\n<p>\u00abMi gente bonita de\u00a0#Nicaragua no est\u00e1n solos.\u00a0#sosnicaragua\u00bb, escribi\u00f3 tambi\u00e9n en la publicaci\u00f3n.<\/p>\n<p>Nicaragua vive un conflicto sociopol\u00edtico, originado por la gesti\u00f3n del presidente Daniel Ortega, que es impulsado por la incertidumbre generada por la mermada econom\u00eda, la violencia que no cesa y el \u00e9xodo de ciudadanos atemorizados por una situaci\u00f3n sin perspectivas de pronta soluci\u00f3n.<\/p>\n<p>Al menos 448 personas han muerto, otras 2,800 han resultado heridas y 595 est\u00e1n desaparecidas en el marco de las protestas contra el gobierno de Ortega, seg\u00fan la no gubernamental Asociaci\u00f3n Nicarag\u00fcense Pro Derechos Humanos (Anpdh).<\/p>\n<p>Fuente: primerahora.com<\/p>\n<div class=\"gsp_post_data\" \r\n\t            data-post_type=\"post\" \r\n\t            data-cat=\"farandula-internacional,general\" \r\n\t            data-modified=\"120\"\r\n\t            data-created=\"1532893189\"\r\n\t            data-title=\"Chayanne invita a los nicarag\u00fcenses a tener fe y fuerza\" \r\n\t            data-home=\"https:\/\/www.evafm.net\/sitio\"><\/div>","protected":false},"excerpt":{"rendered":"<p>El cantante puertorrique\u00f1o Chayanne envi\u00f3 un mensaje de apoyo a Nicaragua ante la situaci\u00f3n que atraviesa el pa\u00eds actualmente. \u00abMi gente bonita de Nicaragua les mando un fuerte abrazo. S\u00e9 por el momento dif\u00edcil por el que est\u00e1n pasando, pero hay que tener fe, mucha fuerza y hay que seguir para delante. Los quiero mucho\u00bb,&#8230;<\/p>\n","protected":false},"author":5,"featured_media":36736,"comment_status":"closed","ping_status":"open","sticky":false,"template":"","format":"standard","meta":{"_joinchat":[],"footnotes":""},"categories":[1346,1720],"tags":[],"class_list":["post-36735","post","type-post","status-publish","format-standard","has-post-thumbnail","hentry","category-farandula-internacional","category-general","have-post-thumb"],"_links":{"self":[{"href":"https:\/\/www.evafm.net\/sitio\/wp-json\/wp\/v2\/posts\/36735","targetHints":{"allow":["GET"]}}],"collection":[{"href":"https:\/\/www.evafm.net\/sitio\/wp-json\/wp\/v2\/posts"}],"about":[{"href":"https:\/\/www.evafm.net\/sitio\/wp-json\/wp\/v2\/types\/post"}],"author":[{"embeddable":true,"href":"https:\/\/www.evafm.net\/sitio\/wp-json\/wp\/v2\/users\/5"}],"replies":[{"embeddable":true,"href":"https:\/\/www.evafm.net\/sitio\/wp-json\/wp\/v2\/comments?post=36735"}],"version-history":[{"count":1,"href":"https:\/\/www.evafm.net\/sitio\/wp-json\/wp\/v2\/posts\/36735\/revisions"}],"predecessor-version":[{"id":36737,"href":"https:\/\/www.evafm.net\/sitio\/wp-json\/wp\/v2\/posts\/36735\/revisions\/36737"}],"wp:featuredmedia":[{"embeddable":true,"href":"https:\/\/www.evafm.net\/sitio\/wp-json\/wp\/v2\/media\/36736"}],"wp:attachment":[{"href":"https:\/\/www.evafm.net\/sitio\/wp-json\/wp\/v2\/media?parent=36735"}],"wp:term":[{"taxonomy":"category","embeddable":true,"href":"https:\/\/www.evafm.net\/sitio\/wp-json\/wp\/v2\/categories?post=36735"},{"taxonomy":"post_tag","embeddable":true,"href":"https:\/\/www.evafm.net\/sitio\/wp-json\/wp\/v2\/tags?post=36735"}],"curies":[{"name":"wp","href":"https:\/\/api.w.org\/{rel}","templated":true}]}}