{"id":36738,"date":"2018-07-29T19:42:45","date_gmt":"2018-07-30T00:42:45","guid":{"rendered":"http:\/\/www.evafm.net\/sitio\/?p=36738"},"modified":"2018-07-29T19:42:45","modified_gmt":"2018-07-30T00:42:45","slug":"selena-quintanilla-es-recordada-en-el-lincoln-center-de-ny","status":"publish","type":"post","link":"https:\/\/www.evafm.net\/sitio\/selena-quintanilla-es-recordada-en-el-lincoln-center-de-ny\/","title":{"rendered":"Selena Quintanilla es recordada en el Lincoln Center de NY"},"content":{"rendered":"<p>NUEVA YORK.<\/p>\n<p class=\"letter-capitular\">La cantante\u00a0<strong>Selena Quintanilla<\/strong>, asesinada en 1995, fue recordada este jueves en un concierto en Nueva York, donde organizaciones proinmigrantes tuvieron la oportunidad de hablar con el p\u00fablico y distribuir informaci\u00f3n sobre el trabajo que hacen en beneficio de esta comunidad.<\/p>\n<p><strong><em>Selena for Sanctuary<\/em><\/strong>\u00a0es el espect\u00e1culo que se present\u00f3 como parte del programa\u00a0<em>Out of Doors<\/em>\u00a0que cada a\u00f1o ofrece gratis el Lincoln Center, y que en esta ocasi\u00f3n reuni\u00f3 en el escenario de la Damrosch Park a las cantantes la chilena Mon Laferte, la guatemalteca Gaby Moreno y la estadunidense Nina D\u00edaz, entre otros.<\/p>\n<p>El concierto cont\u00f3 como invitados entre ellos a Chris P\u00e9rez, el entonces esposo de Selena, guitarrista principal del grupo Selena y Los Dinos, que acompa\u00f1ar\u00e1 en el concierto a Nina D\u00edaz.<\/p>\n<p>Amnist\u00eda Internacional se uni\u00f3 a las organizaciones como Voto Latino, Se Hace Camino Nueva York o la Federaci\u00f3n Hispana y mientras el p\u00fablico aprende sobre su trabajo, escuch\u00f3 la\u00a0m\u00fasica\u00a0de Selena.<\/p>\n<p><em>Selena for Sanctuary<\/em>\u00a0surgi\u00f3 de la iniciativa\u00a0<em>Solidarity for Sanctuary<\/em>, en la ciudad de Los \u00c1ngeles\u00a0un concierto organizado por Doris Mu\u00f1iz para recaudar fondos para pagar abogados del proceso migratorio para sus padres inmigrantes.<\/p>\n<p>El concierto result\u00f3 exitoso y meses despu\u00e9s organiz\u00f3\u00a0<em>Selena for Sanctuary<\/em>\u00a0para levantar fondos para familias inmigrantes y ahora llega gratis para los neoyorquinos tras ser incluido en el programa\u00a0<em>Out of Doors<\/em>\u00a0del Lincoln Center.<\/p>\n<p>La carrera de Selena, la denominada\u00a0<em>Madonna texana<\/em>, comenz\u00f3 en la d\u00e9cada de 1980 como miembro de la banda familiar\u00a0<em>Selena y Los Dinos<\/em>, acompa\u00f1ada por sus hermanos Suzette y A.B. Quintanilla.<\/p>\n<p>La cantante fue asesinada a los 23 a\u00f1os el 31 de marzo de 1995 por Yolanda Sald\u00edvar, la presidenta de su club de admiradores y encargada de la administraci\u00f3n de sus boutiques.<\/p>\n<p>hch<\/p>\n<p>Fuente: excelsior.com<\/p>\n<div class=\"gsp_post_data\" \r\n\t            data-post_type=\"post\" \r\n\t            data-cat=\"farandula-internacional\" \r\n\t            data-modified=\"120\"\r\n\t            data-created=\"1532893365\"\r\n\t            data-title=\"Selena Quintanilla es recordada en el Lincoln Center de NY\" \r\n\t            data-home=\"https:\/\/www.evafm.net\/sitio\"><\/div>","protected":false},"excerpt":{"rendered":"<p>NUEVA YORK. La cantante\u00a0Selena Quintanilla, asesinada en 1995, fue recordada este jueves en un concierto en Nueva York, donde organizaciones proinmigrantes tuvieron la oportunidad de hablar con el p\u00fablico y distribuir informaci\u00f3n sobre el trabajo que hacen en beneficio de esta comunidad. Selena for Sanctuary\u00a0es el espect\u00e1culo que se present\u00f3 como parte del programa\u00a0Out of&#8230;<\/p>\n","protected":false},"author":5,"featured_media":36739,"comment_status":"closed","ping_status":"open","sticky":false,"template":"","format":"standard","meta":{"_joinchat":[],"footnotes":""},"categories":[1346],"tags":[],"class_list":["post-36738","post","type-post","status-publish","format-standard","has-post-thumbnail","hentry","category-farandula-internacional","have-post-thumb"],"_links":{"self":[{"href":"https:\/\/www.evafm.net\/sitio\/wp-json\/wp\/v2\/posts\/36738","targetHints":{"allow":["GET"]}}],"collection":[{"href":"https:\/\/www.evafm.net\/sitio\/wp-json\/wp\/v2\/posts"}],"about":[{"href":"https:\/\/www.evafm.net\/sitio\/wp-json\/wp\/v2\/types\/post"}],"author":[{"embeddable":true,"href":"https:\/\/www.evafm.net\/sitio\/wp-json\/wp\/v2\/users\/5"}],"replies":[{"embeddable":true,"href":"https:\/\/www.evafm.net\/sitio\/wp-json\/wp\/v2\/comments?post=36738"}],"version-history":[{"count":1,"href":"https:\/\/www.evafm.net\/sitio\/wp-json\/wp\/v2\/posts\/36738\/revisions"}],"predecessor-version":[{"id":36740,"href":"https:\/\/www.evafm.net\/sitio\/wp-json\/wp\/v2\/posts\/36738\/revisions\/36740"}],"wp:featuredmedia":[{"embeddable":true,"href":"https:\/\/www.evafm.net\/sitio\/wp-json\/wp\/v2\/media\/36739"}],"wp:attachment":[{"href":"https:\/\/www.evafm.net\/sitio\/wp-json\/wp\/v2\/media?parent=36738"}],"wp:term":[{"taxonomy":"category","embeddable":true,"href":"https:\/\/www.evafm.net\/sitio\/wp-json\/wp\/v2\/categories?post=36738"},{"taxonomy":"post_tag","embeddable":true,"href":"https:\/\/www.evafm.net\/sitio\/wp-json\/wp\/v2\/tags?post=36738"}],"curies":[{"name":"wp","href":"https:\/\/api.w.org\/{rel}","templated":true}]}}