{"id":36835,"date":"2018-08-02T18:20:33","date_gmt":"2018-08-02T23:20:33","guid":{"rendered":"http:\/\/www.evafm.net\/sitio\/?p=36835"},"modified":"2018-08-02T18:20:33","modified_gmt":"2018-08-02T23:20:33","slug":"consejo-nacional-electoral-transitorio-eligio-a-sus-autoridades","status":"publish","type":"post","link":"https:\/\/www.evafm.net\/sitio\/consejo-nacional-electoral-transitorio-eligio-a-sus-autoridades\/","title":{"rendered":"Consejo Nacional Electoral transitorio eligi\u00f3 a sus autoridades"},"content":{"rendered":"<div class=\"location-event\">Quito &#8211;<\/div>\n<p><strong>Actualizado a las 17:38<\/strong><\/p>\n<p>Gustavo Vega fue elegido como presidente del Consejo Nacional Electoral (CNE) y Diana Atamaint como vicepresidenta. \u00a0La tarde de este jueves se realiz\u00f3 la primera sesi\u00f3n del organismo electoral que asumi\u00f3 funciones hoy de manera transitoria durante dos meses.<\/p>\n<p>El\u00a0Consejo de Participaci\u00f3n Ciudadana y Control Social (CPC) de transici\u00f3nposesion\u00f3 m\u00e1s temprano hoy a los vocales transitorios del\u00a0Consejo Nacional Electoral (CNE)\u00a0y al superintendente de Bancos encargado, Juan Carlos Novoa.<\/p>\n<p>Gustavo Vega, Diana Atamaint, Cristina Moreno, Alberto Molina, Jos\u00e9 Cabrera asumieron los cargos en los cuales permanecer\u00e1n por los pr\u00f3ximos 60 d\u00edas, de acuerdo a lo resuelto por el CPC de Transici\u00f3n.<\/p>\n<p>El presidente de este organismo, Julio C\u00e9sar Trujillo, aclar\u00f3 que \u00abno los mueven intereses secundarios\u00bb en la designaci\u00f3n de las autoridades.<\/p>\n<p>Su aclaraci\u00f3n surgi\u00f3 debido a que la designaci\u00f3n de los funcionarios transitorios del CNE no se dio por unanimidad de los miembros del CPC.<\/p>\n<p>Luis Hern\u00e1ndez explic\u00f3 tambi\u00e9n que pese a que se abstuvo de votar en la sesi\u00f3n por instalar un CNE transitorio, conf\u00eda en la probidad de quienes lo integrar\u00e1n.<\/p>\n<p><strong>Poseionado superintendente de Bancos<\/strong><\/p>\n<p>Tambi\u00e9n se posesion\u00f3 a Juan Carlos Novoa como superintendente de Bancos, que coment\u00f3 que luego de estar 18 a\u00f1os al interior de ese organismo, se comprometi\u00f3 a defender los intereses de los depositantes. (I)<\/p>\n<p>Fuente: eluniverso.com<\/p>\n<div class=\"gsp_post_data\" \r\n\t            data-post_type=\"post\" \r\n\t            data-cat=\"general,noticias-ecuador\" \r\n\t            data-modified=\"120\"\r\n\t            data-created=\"1533234033\"\r\n\t            data-title=\"Consejo Nacional Electoral transitorio eligi\u00f3 a sus autoridades\" \r\n\t            data-home=\"https:\/\/www.evafm.net\/sitio\"><\/div>","protected":false},"excerpt":{"rendered":"<p>Quito &#8211; Actualizado a las 17:38 Gustavo Vega fue elegido como presidente del Consejo Nacional Electoral (CNE) y Diana Atamaint como vicepresidenta. \u00a0La tarde de este jueves se realiz\u00f3 la primera sesi\u00f3n del organismo electoral que asumi\u00f3 funciones hoy de manera transitoria durante dos meses. El\u00a0Consejo de Participaci\u00f3n Ciudadana y Control Social (CPC) de transici\u00f3nposesion\u00f3&#8230;<\/p>\n","protected":false},"author":5,"featured_media":36836,"comment_status":"closed","ping_status":"open","sticky":false,"template":"","format":"standard","meta":{"_joinchat":[],"footnotes":""},"categories":[1720,1558],"tags":[],"class_list":["post-36835","post","type-post","status-publish","format-standard","has-post-thumbnail","hentry","category-general","category-noticias-ecuador","have-post-thumb"],"_links":{"self":[{"href":"https:\/\/www.evafm.net\/sitio\/wp-json\/wp\/v2\/posts\/36835","targetHints":{"allow":["GET"]}}],"collection":[{"href":"https:\/\/www.evafm.net\/sitio\/wp-json\/wp\/v2\/posts"}],"about":[{"href":"https:\/\/www.evafm.net\/sitio\/wp-json\/wp\/v2\/types\/post"}],"author":[{"embeddable":true,"href":"https:\/\/www.evafm.net\/sitio\/wp-json\/wp\/v2\/users\/5"}],"replies":[{"embeddable":true,"href":"https:\/\/www.evafm.net\/sitio\/wp-json\/wp\/v2\/comments?post=36835"}],"version-history":[{"count":1,"href":"https:\/\/www.evafm.net\/sitio\/wp-json\/wp\/v2\/posts\/36835\/revisions"}],"predecessor-version":[{"id":36837,"href":"https:\/\/www.evafm.net\/sitio\/wp-json\/wp\/v2\/posts\/36835\/revisions\/36837"}],"wp:featuredmedia":[{"embeddable":true,"href":"https:\/\/www.evafm.net\/sitio\/wp-json\/wp\/v2\/media\/36836"}],"wp:attachment":[{"href":"https:\/\/www.evafm.net\/sitio\/wp-json\/wp\/v2\/media?parent=36835"}],"wp:term":[{"taxonomy":"category","embeddable":true,"href":"https:\/\/www.evafm.net\/sitio\/wp-json\/wp\/v2\/categories?post=36835"},{"taxonomy":"post_tag","embeddable":true,"href":"https:\/\/www.evafm.net\/sitio\/wp-json\/wp\/v2\/tags?post=36835"}],"curies":[{"name":"wp","href":"https:\/\/api.w.org\/{rel}","templated":true}]}}