{"id":36838,"date":"2018-08-02T18:23:35","date_gmt":"2018-08-02T23:23:35","guid":{"rendered":"http:\/\/www.evafm.net\/sitio\/?p=36838"},"modified":"2018-08-02T18:23:35","modified_gmt":"2018-08-02T23:23:35","slug":"alianza-politica-le-apuesta-al-gobernador-para-prefectura-del-guayas","status":"publish","type":"post","link":"https:\/\/www.evafm.net\/sitio\/alianza-politica-le-apuesta-al-gobernador-para-prefectura-del-guayas\/","title":{"rendered":"Alianza pol\u00edtica le apuesta al gobernador para Prefectura del Guayas"},"content":{"rendered":"<p>Grupos pol\u00edticos y sociales bajo el lema \u2018De frente por Guayas\u2019 respaldan la candidatura para la\u00a0Prefectura del gobernador Jos\u00e9 Francisco Cevallos, de Alianza PAIS (AP). Y lo har\u00e1n p\u00fablico hoy en un evento del que forma parte el movimiento Centro Democr\u00e1tico.<\/p>\n<p>El l\u00edder de esta agrupaci\u00f3n pol\u00edtica y actual prefecto Jimmy Jairala indic\u00f3 ayer en una entrevista a\u00a0<em>Ecuavisa<\/em>\u00a0que este mes es de definiciones de candidaturas y de alianzas.<\/p>\n<p>\u00c9l -que ya no puede reelegirse- es hasta ahora la carta de Centro Democr\u00e1tico para postular a la Alcald\u00eda de Guayaquil.<\/p>\n<p>El movimiento AP realizar\u00e1 su convenci\u00f3n este s\u00e1bado en Guayaquil y ah\u00ed Jairala espera alguna postura para saber si tendr\u00eda tambi\u00e9n el respaldo del oficialismo para las seccionales de marzo del 2019.<\/p>\n<p>\u201cSeguramente el s\u00e1bado habr\u00e1 alg\u00fan pronunciamiento en torno a la Alcald\u00eda (de Guayaquil), oficialmente cualquier cosa que vaya a hacer AP respecto a la candidatura de alcald\u00edas se sabr\u00e1 el d\u00eda s\u00e1bado\u201d, indic\u00f3.<\/p>\n<p>A ocho meses de los comicios -seg\u00fan la \u00faltima encuesta de Cedatos al 25 de julio- el 73% de los consultados manifest\u00f3 que le interesaban poco o nada las elecciones seccionales.<\/p>\n<p>Y entre las principales razones est\u00e1n el desconocimiento sobre cu\u00e1ndo y qu\u00e9 tipo de elecciones ser\u00e1n; sobre los candidatos, sus planes de acci\u00f3n y equipo de trabajo, y qu\u00e9 grupos los auspician. (I)<\/p>\n<p>Fuente:eluniverso.com<\/p>\n<p>&nbsp;<\/p>\n<div class=\"gsp_post_data\" \r\n\t            data-post_type=\"post\" \r\n\t            data-cat=\"noticias-ecuador\" \r\n\t            data-modified=\"120\"\r\n\t            data-created=\"1533234215\"\r\n\t            data-title=\"Alianza pol\u00edtica le apuesta al gobernador para Prefectura del Guayas\" \r\n\t            data-home=\"https:\/\/www.evafm.net\/sitio\"><\/div>","protected":false},"excerpt":{"rendered":"<p>Grupos pol\u00edticos y sociales bajo el lema \u2018De frente por Guayas\u2019 respaldan la candidatura para la\u00a0Prefectura del gobernador Jos\u00e9 Francisco Cevallos, de Alianza PAIS (AP). Y lo har\u00e1n p\u00fablico hoy en un evento del que forma parte el movimiento Centro Democr\u00e1tico. El l\u00edder de esta agrupaci\u00f3n pol\u00edtica y actual prefecto Jimmy Jairala indic\u00f3 ayer en&#8230;<\/p>\n","protected":false},"author":5,"featured_media":36839,"comment_status":"closed","ping_status":"open","sticky":false,"template":"","format":"standard","meta":{"_joinchat":[],"footnotes":""},"categories":[1558],"tags":[],"class_list":["post-36838","post","type-post","status-publish","format-standard","has-post-thumbnail","hentry","category-noticias-ecuador","have-post-thumb"],"_links":{"self":[{"href":"https:\/\/www.evafm.net\/sitio\/wp-json\/wp\/v2\/posts\/36838","targetHints":{"allow":["GET"]}}],"collection":[{"href":"https:\/\/www.evafm.net\/sitio\/wp-json\/wp\/v2\/posts"}],"about":[{"href":"https:\/\/www.evafm.net\/sitio\/wp-json\/wp\/v2\/types\/post"}],"author":[{"embeddable":true,"href":"https:\/\/www.evafm.net\/sitio\/wp-json\/wp\/v2\/users\/5"}],"replies":[{"embeddable":true,"href":"https:\/\/www.evafm.net\/sitio\/wp-json\/wp\/v2\/comments?post=36838"}],"version-history":[{"count":1,"href":"https:\/\/www.evafm.net\/sitio\/wp-json\/wp\/v2\/posts\/36838\/revisions"}],"predecessor-version":[{"id":36840,"href":"https:\/\/www.evafm.net\/sitio\/wp-json\/wp\/v2\/posts\/36838\/revisions\/36840"}],"wp:featuredmedia":[{"embeddable":true,"href":"https:\/\/www.evafm.net\/sitio\/wp-json\/wp\/v2\/media\/36839"}],"wp:attachment":[{"href":"https:\/\/www.evafm.net\/sitio\/wp-json\/wp\/v2\/media?parent=36838"}],"wp:term":[{"taxonomy":"category","embeddable":true,"href":"https:\/\/www.evafm.net\/sitio\/wp-json\/wp\/v2\/categories?post=36838"},{"taxonomy":"post_tag","embeddable":true,"href":"https:\/\/www.evafm.net\/sitio\/wp-json\/wp\/v2\/tags?post=36838"}],"curies":[{"name":"wp","href":"https:\/\/api.w.org\/{rel}","templated":true}]}}