{"id":36841,"date":"2018-08-02T18:27:58","date_gmt":"2018-08-02T23:27:58","guid":{"rendered":"http:\/\/www.evafm.net\/sitio\/?p=36841"},"modified":"2018-08-02T18:27:58","modified_gmt":"2018-08-02T23:27:58","slug":"juan-manuel-santos-otorgo-la-residencia-a-440-000-venezolanos","status":"publish","type":"post","link":"https:\/\/www.evafm.net\/sitio\/juan-manuel-santos-otorgo-la-residencia-a-440-000-venezolanos\/","title":{"rendered":"Juan Manuel Santos otorg\u00f3 la residencia a 440.000 venezolanos"},"content":{"rendered":"<div class=\"row\">\n<div class=\"col-xs-12 col-print-12\">\n<p class=\"element element-paragraph\">El presidente colombiano\u00a0<strong>Juan Manuel Santos firm\u00f3 el jueves un decreto que otorga un permiso especial de residencia por dos a\u00f1os a m\u00e1s de 440.000 venezolanos<\/strong>\u00a0que se encuentran irregularmente en el pa\u00eds.<\/p>\n<\/div>\n<\/div>\n<div class=\"row\">\n<div class=\"col-xs-12 col-print-12\">\n<p class=\"element element-paragraph\">Tras el anuncio Santos se\u00f1al\u00f3 que\u00a0<strong>\u00aben el \u00faltimo a\u00f1o y medio el aumento de migraci\u00f3n ha sido de un mill\u00f3n de personas desde Venezuela.<\/strong><\/p>\n<p class=\"element element-paragraph\">Son colombianos que retornan al pa\u00eds, son venezolanos, son familias colombo-venezolanas y vuelven en condiciones precarias\u00bb.<\/p>\n<\/div>\n<\/div>\n<div class=\"row\">\n<div class=\"col-xs-12 col-print-12\">\n<p class=\"element element-paragraph\">El permiso especial les otorgar\u00e1 a los venezolanos la\u00a0<strong>posibilidad de estudiar, trabajar y recibir atenci\u00f3n m\u00e9dica.<\/strong><\/p>\n<\/div>\n<\/div>\n<div class=\"row\">\n<div class=\"col-xs-12 col-print-12\">\n<p class=\"element element-paragraph\">\u00abHicimos un verdadero censo, se registraron m\u00e1s de 440.000 migrantes venezolanos, esto ha sido una log\u00edstica muy compleja\u00bb, sostuvo Santos.<\/p>\n<\/div>\n<\/div>\n<div class=\"row\">\n<div id=\"\" class=\"wrapper clearfix pb-feature pb-layout-item pb-f-ads-dfp left-align\">\n<div id=\"inline\" class=\"ad-slot\">Los beneficiarios del permiso, explic\u00f3 Santos, podr\u00e1n afiliarse al sistema de seguridad social e incorporarse al\u00a0<strong>mercado laboral \u00absiempre bajo la pol\u00edtica de trabajo decente\u00bb.<\/strong><\/div>\n<\/div>\n<\/div>\n<div class=\"row\">\n<div class=\"col-xs-12 col-print-12\">\n<p class=\"element element-paragraph\">En una intervenci\u00f3n desde la casa presidencial,\u00a0<strong>el mandatario -que terminar\u00e1 su gesti\u00f3n el pr\u00f3ximo 7 de agosto- le pidi\u00f3 al presidente venezolano Nicol\u00e1s Maduro que permita \u00abun canal humanitario que alivie en algo el sufrimiento de su pueblo.<\/strong><\/p>\n<p class=\"element element-paragraph\">El mundo entero est\u00e1 cada vez m\u00e1s aterrado con lo que est\u00e1 sucediendo en Venezuela, como estamos aterrados nosotros\u00bb.<\/p>\n<div class=\"row\">\n<div class=\"col-xs-12 col-print-12\">\n<p class=\"element element-paragraph\">A su vez\u00a0<strong>conden\u00f3 \u00ablas acciones del r\u00e9gimen venezolano que ha generado esta crisis humanitaria\u00bb<\/strong>\u00a0cuyos efectos son notables en varios pa\u00edses de la regi\u00f3n.<\/p>\n<\/div>\n<\/div>\n<div class=\"row\">\n<div class=\"col-xs-12 col-print-12\">\n<p class=\"element element-paragraph\">\u00abAs\u00ed como condenamos este r\u00e9gimen somos\u00a0<strong>generosos con nuestros hermanos venezolanos<\/strong>\u00a0que sufren las consecuencias de las decisiones de este r\u00e9gimen\u00bb, agreg\u00f3.<\/p>\n<\/div>\n<\/div>\n<div class=\"row\">\n<div class=\"col-xs-12 col-print-12\">\n<p class=\"element element-paragraph\">El director de Migraci\u00f3n Colombia,\u00a0<strong>Christian Kruger, explic\u00f3 que desde el jueves los 440.000 que se encuentran en situaci\u00f3n irregular en el pa\u00eds van a poder pedir \u00absu permiso especial de permanencia<\/strong>\u00a0a trav\u00e9s de nuestra p\u00e1gina web.<\/p>\n<p class=\"element element-paragraph\">Los turnos se organizaron de acuerdo con el n\u00famero del formulario de registro, que les fue entregado y lo que se busca es evitar que la p\u00e1gina web se congestione y se caiga el servicio\u00bb.<\/p>\n<\/div>\n<\/div>\n<div class=\"row\">\n<div class=\"col-xs-12 col-print-12\">\n<p class=\"element element-paragraph\">La migraci\u00f3n hacia Colombia ha ido en aumento desde que la crisis econ\u00f3mica y social se profundiz\u00f3 en Venezuela.<\/p>\n<\/div>\n<\/div>\n<div class=\"row\">\n<div class=\"col-xs-12 col-print-12\">\n<p class=\"element element-paragraph\"><strong>El flujo migratorio sin precedentes ha tensado la situaci\u00f3n en Colombia en un momento delicado de su historia.<\/strong><\/p>\n<p class=\"element element-paragraph\">El pa\u00eds apenas sale de un conflicto armado de m\u00e1s de cinco d\u00e9cadas despu\u00e9s de que a fines de 2016 se firmara un acuerdo de paz con rebeldes de izquierda.<\/p>\n<p class=\"element element-paragraph\">Muchos de los venezolanos que llegan al pa\u00eds lo hacen de manera ilegal y requieren atenci\u00f3n m\u00e9dica.<\/p>\n<div class=\"single-image\">\n<div class=\"shares\">\n<div class=\"share-button facebook\"><\/div>\n<\/div>\n<p><img decoding=\"async\" id=\"HIDGZ3RC65C7PGMNRZV3HZKKQA\" class=\"image-lazy\" src=\"https:\/\/www.infobae.com\/new-resizer\/tAOSGaQIQBFwIZOpQXdYszU9YUg=\/600x0\/filters:quality(100)\/s3.amazonaws.com\/arc-wordpress-client-uploads\/infobae-wp\/wp-content\/uploads\/2018\/02\/11093128\/000_ZD2BE.jpg\" alt=\"Ciudadanos venezolanos cruzando la frontera con Colombia (AFP PHOTO \/ GEORGE CASTELLANOS)\" width=\"750\" height=\"421.484375\" \/><\/div>\n<p><span class=\"credit\">Ciudadanos venezolanos cruzando la frontera con Colombia (AFP PHOTO \/ GEORGE CASTELLANOS)<\/span><\/p>\n<\/div>\n<\/div>\n<div class=\"row\">\n<div class=\"col-xs-12 col-print-12\">\n<p class=\"element element-paragraph\"><em>Con informaci\u00f3n de AP\u00a0<\/em><\/p>\n<p>Fuente: infobae.com<\/p>\n<\/div>\n<\/div>\n<\/div>\n<\/div>\n<div class=\"gsp_post_data\" \r\n\t            data-post_type=\"post\" \r\n\t            data-cat=\"general,noticias-internacionales\" \r\n\t            data-modified=\"120\"\r\n\t            data-created=\"1533234478\"\r\n\t            data-title=\"Juan Manuel Santos otorg\u00f3 la residencia a 440.000 venezolanos\" \r\n\t            data-home=\"https:\/\/www.evafm.net\/sitio\"><\/div>","protected":false},"excerpt":{"rendered":"<p>El presidente colombiano\u00a0Juan Manuel Santos firm\u00f3 el jueves un decreto que otorga un permiso especial de residencia por dos a\u00f1os a m\u00e1s de 440.000 venezolanos\u00a0que se encuentran irregularmente en el pa\u00eds. Tras el anuncio Santos se\u00f1al\u00f3 que\u00a0\u00aben el \u00faltimo a\u00f1o y medio el aumento de migraci\u00f3n ha sido de un mill\u00f3n de personas desde Venezuela&#8230;.<\/p>\n","protected":false},"author":5,"featured_media":36842,"comment_status":"closed","ping_status":"open","sticky":false,"template":"","format":"standard","meta":{"_joinchat":[],"footnotes":""},"categories":[1720,1345],"tags":[],"class_list":["post-36841","post","type-post","status-publish","format-standard","has-post-thumbnail","hentry","category-general","category-noticias-internacionales","have-post-thumb"],"_links":{"self":[{"href":"https:\/\/www.evafm.net\/sitio\/wp-json\/wp\/v2\/posts\/36841","targetHints":{"allow":["GET"]}}],"collection":[{"href":"https:\/\/www.evafm.net\/sitio\/wp-json\/wp\/v2\/posts"}],"about":[{"href":"https:\/\/www.evafm.net\/sitio\/wp-json\/wp\/v2\/types\/post"}],"author":[{"embeddable":true,"href":"https:\/\/www.evafm.net\/sitio\/wp-json\/wp\/v2\/users\/5"}],"replies":[{"embeddable":true,"href":"https:\/\/www.evafm.net\/sitio\/wp-json\/wp\/v2\/comments?post=36841"}],"version-history":[{"count":1,"href":"https:\/\/www.evafm.net\/sitio\/wp-json\/wp\/v2\/posts\/36841\/revisions"}],"predecessor-version":[{"id":36843,"href":"https:\/\/www.evafm.net\/sitio\/wp-json\/wp\/v2\/posts\/36841\/revisions\/36843"}],"wp:featuredmedia":[{"embeddable":true,"href":"https:\/\/www.evafm.net\/sitio\/wp-json\/wp\/v2\/media\/36842"}],"wp:attachment":[{"href":"https:\/\/www.evafm.net\/sitio\/wp-json\/wp\/v2\/media?parent=36841"}],"wp:term":[{"taxonomy":"category","embeddable":true,"href":"https:\/\/www.evafm.net\/sitio\/wp-json\/wp\/v2\/categories?post=36841"},{"taxonomy":"post_tag","embeddable":true,"href":"https:\/\/www.evafm.net\/sitio\/wp-json\/wp\/v2\/tags?post=36841"}],"curies":[{"name":"wp","href":"https:\/\/api.w.org\/{rel}","templated":true}]}}