{"id":36853,"date":"2018-08-02T18:49:24","date_gmt":"2018-08-02T23:49:24","guid":{"rendered":"http:\/\/www.evafm.net\/sitio\/?p=36853"},"modified":"2018-08-02T18:49:24","modified_gmt":"2018-08-02T23:49:24","slug":"la-gran-lactada-un-acto-de-amor","status":"publish","type":"post","link":"https:\/\/www.evafm.net\/sitio\/la-gran-lactada-un-acto-de-amor\/","title":{"rendered":"La Gran Lactada, un acto de amor"},"content":{"rendered":"<p>Ma\u00f1ana iniciar\u00e1 la Semana Mundial de la Lactancia Materna, evento instituido por la\u00a0<strong>Alianza Mundial pro Lactancia Materna\u00a0<\/strong>(Waba).<\/p>\n<p>En Ecuador, La V\u00eda L\u00e1ctea, organizaci\u00f3n que brinda programas relacionados a lactancia materna y crianza respetuosa, organiza por quinta ocasi\u00f3n \u2018La Gran Lactada\u2019, un encuentro para mujeres lactantes que ofrece conferencias de salud, una feria impulsada por madres emprendedoras y dos lactadas masivas en el Sal\u00f3n Rub\u00ed del CC Mall del Sol en Guayaquil y, en La Tejedora, ubicada en Cumbay\u00e1 el domingo 5 de agosto desde las 11h00 hasta las 18h00.<\/p>\n<p>Stefan\u00eda Pow, directora de La V\u00eda L\u00e1ctea, consejera de lactancia y dula, explica que este a\u00f1o el lema es \u2018Pilar de Vida\u2019 y se refiere a que la lactancia debe formar parte de todos los \u00e1mbito de las personas.<\/p>\n<p>\u201cCuando t\u00fa amamantas ayudas no solo al beb\u00e9 sino a ti misma porque reduces tu riesgo de padecer c\u00e1ncer de\u00a0 ovario y de mama y adem\u00e1s, ayudas al medio ambiente porque reduces el gasto de latas, agua y biberones que se emplea en caso de tomar leche de f\u00f3rmula\u201d, se\u00f1al\u00f3 Pow.<\/p>\n<p>En s\u00ed, con la leche de seno contribuimos a\u00a0 tener un mundo mejor.<\/p>\n<p>En el evento se impartir\u00e1n seis conferencias sobre lactancia a cargo de m\u00e9dicos que hablar\u00e1n sobre la alimentaci\u00f3n de la madre lactante (que est\u00e1 plagada de mitos) y c\u00f3mo crear un banco de leche en casa para poder conciliar lactancia y trabajo. La lactancia debe ser exclusiva hasta los 6 meses pero las estad\u00edsticas hablan de\u00a0 que las mujeres dan de lactar exclusivamente hasta los 2 meses, tiempo que coincide con el regreso de las\u00a0 madres a sus trabajos. Informes al 0991405768.\u00a0 (F)<\/p>\n<p><img decoding=\"async\" src=\"https:\/\/www.eluniverso.com\/sites\/default\/files\/styles\/powgallery_800\/public\/fotos\/2018\/07\/data25414909.jpg?itok=knJgbaVi\" alt=\"La Gran Lactada, un acto de amor\" \/><\/p>\n<p>Fuente: eluniverso.com<\/p>\n<div class=\"gsp_post_data\" \r\n\t            data-post_type=\"post\" \r\n\t            data-cat=\"general,salud\" \r\n\t            data-modified=\"120\"\r\n\t            data-created=\"1533235764\"\r\n\t            data-title=\"La Gran Lactada, un acto de amor\" \r\n\t            data-home=\"https:\/\/www.evafm.net\/sitio\"><\/div>","protected":false},"excerpt":{"rendered":"<p>Ma\u00f1ana iniciar\u00e1 la Semana Mundial de la Lactancia Materna, evento instituido por la\u00a0Alianza Mundial pro Lactancia Materna\u00a0(Waba). En Ecuador, La V\u00eda L\u00e1ctea, organizaci\u00f3n que brinda programas relacionados a lactancia materna y crianza respetuosa, organiza por quinta ocasi\u00f3n \u2018La Gran Lactada\u2019, un encuentro para mujeres lactantes que ofrece conferencias de salud, una feria impulsada por madres&#8230;<\/p>\n","protected":false},"author":5,"featured_media":36854,"comment_status":"closed","ping_status":"open","sticky":false,"template":"","format":"standard","meta":{"_joinchat":[],"footnotes":""},"categories":[1720,1724],"tags":[],"class_list":["post-36853","post","type-post","status-publish","format-standard","has-post-thumbnail","hentry","category-general","category-salud","have-post-thumb"],"_links":{"self":[{"href":"https:\/\/www.evafm.net\/sitio\/wp-json\/wp\/v2\/posts\/36853","targetHints":{"allow":["GET"]}}],"collection":[{"href":"https:\/\/www.evafm.net\/sitio\/wp-json\/wp\/v2\/posts"}],"about":[{"href":"https:\/\/www.evafm.net\/sitio\/wp-json\/wp\/v2\/types\/post"}],"author":[{"embeddable":true,"href":"https:\/\/www.evafm.net\/sitio\/wp-json\/wp\/v2\/users\/5"}],"replies":[{"embeddable":true,"href":"https:\/\/www.evafm.net\/sitio\/wp-json\/wp\/v2\/comments?post=36853"}],"version-history":[{"count":1,"href":"https:\/\/www.evafm.net\/sitio\/wp-json\/wp\/v2\/posts\/36853\/revisions"}],"predecessor-version":[{"id":36855,"href":"https:\/\/www.evafm.net\/sitio\/wp-json\/wp\/v2\/posts\/36853\/revisions\/36855"}],"wp:featuredmedia":[{"embeddable":true,"href":"https:\/\/www.evafm.net\/sitio\/wp-json\/wp\/v2\/media\/36854"}],"wp:attachment":[{"href":"https:\/\/www.evafm.net\/sitio\/wp-json\/wp\/v2\/media?parent=36853"}],"wp:term":[{"taxonomy":"category","embeddable":true,"href":"https:\/\/www.evafm.net\/sitio\/wp-json\/wp\/v2\/categories?post=36853"},{"taxonomy":"post_tag","embeddable":true,"href":"https:\/\/www.evafm.net\/sitio\/wp-json\/wp\/v2\/tags?post=36853"}],"curies":[{"name":"wp","href":"https:\/\/api.w.org\/{rel}","templated":true}]}}