{"id":36878,"date":"2018-08-02T19:22:53","date_gmt":"2018-08-03T00:22:53","guid":{"rendered":"http:\/\/www.evafm.net\/sitio\/?p=36878"},"modified":"2018-08-02T19:22:53","modified_gmt":"2018-08-03T00:22:53","slug":"belinda-pone-a-sudar-a-sus-fans-con-transparente-bikini","status":"publish","type":"post","link":"https:\/\/www.evafm.net\/sitio\/belinda-pone-a-sudar-a-sus-fans-con-transparente-bikini\/","title":{"rendered":"Belinda pone a sudar a sus fans con transparente bikini"},"content":{"rendered":"<p>CIUDAD DE M\u00c9XICO.<\/p>\n<p class=\"letter-capitular\">La cantante<strong>\u00a0Belinda<\/strong>\u00a0no descansa y ni en sus d\u00edas de descanso en la playa no deja de alborotar a sus fans en las redes sociales y ahora los puso a sudar con unas candentes fotos en bikini.<\/p>\n<p>Tanto en su Instagram como en su cuenta en Twitter, la estrella del pop comparti\u00f3 sus fotos con\u00a0un provocador traje de ba\u00f1o\u00a0negro acompa\u00f1ado por un vaporoso\u00a0vestido de red.<\/p>\n<p>Combinada con un revelador\u00a0<em>outfit<\/em><strong>\u00a0<\/strong>negro, gafas de sol\u00a0y bajo una casa de campa\u00f1a,\u00a0Belinda\u00a0deja\u00a0un\u00a0regalo visual de verano para su fiel legi\u00f3n de\u00a0seguidores.<\/p>\n<p>La rubia int\u00e9rprete este a\u00f1os lanz\u00f3 su primera colecci\u00f3n como dise\u00f1adora, la cual ha sido bien aceptado por su amplio p\u00fablico que tiene alrededor del mundo.<\/p>\n<p>https:\/\/www.instagram.com\/p\/Bl-lQNngIFo\/?utm_source=ig_web_copy_link<\/p>\n<p><img decoding=\"async\" src=\"https:\/\/cdn2.excelsior.com.mx\/media\/pictures\/2018\/08\/02\/1975649.jpg\" \/><\/p>\n<p><img decoding=\"async\" src=\"https:\/\/cdn2.excelsior.com.mx\/media\/pictures\/2018\/08\/02\/1975651.jpg\" \/><\/p>\n<p>Fuente: excelsior.com.mx<\/p>\n<div class=\"gsp_post_data\" \r\n\t            data-post_type=\"post\" \r\n\t            data-cat=\"farandula-internacional\" \r\n\t            data-modified=\"120\"\r\n\t            data-created=\"1533237773\"\r\n\t            data-title=\"Belinda pone a sudar a sus fans con transparente bikini\" \r\n\t            data-home=\"https:\/\/www.evafm.net\/sitio\"><\/div>","protected":false},"excerpt":{"rendered":"<p>CIUDAD DE M\u00c9XICO. La cantante\u00a0Belinda\u00a0no descansa y ni en sus d\u00edas de descanso en la playa no deja de alborotar a sus fans en las redes sociales y ahora los puso a sudar con unas candentes fotos en bikini. Tanto en su Instagram como en su cuenta en Twitter, la estrella del pop comparti\u00f3 sus&#8230;<\/p>\n","protected":false},"author":5,"featured_media":36880,"comment_status":"closed","ping_status":"open","sticky":false,"template":"","format":"standard","meta":{"_joinchat":[],"footnotes":""},"categories":[1346],"tags":[],"class_list":["post-36878","post","type-post","status-publish","format-standard","has-post-thumbnail","hentry","category-farandula-internacional","have-post-thumb"],"_links":{"self":[{"href":"https:\/\/www.evafm.net\/sitio\/wp-json\/wp\/v2\/posts\/36878","targetHints":{"allow":["GET"]}}],"collection":[{"href":"https:\/\/www.evafm.net\/sitio\/wp-json\/wp\/v2\/posts"}],"about":[{"href":"https:\/\/www.evafm.net\/sitio\/wp-json\/wp\/v2\/types\/post"}],"author":[{"embeddable":true,"href":"https:\/\/www.evafm.net\/sitio\/wp-json\/wp\/v2\/users\/5"}],"replies":[{"embeddable":true,"href":"https:\/\/www.evafm.net\/sitio\/wp-json\/wp\/v2\/comments?post=36878"}],"version-history":[{"count":1,"href":"https:\/\/www.evafm.net\/sitio\/wp-json\/wp\/v2\/posts\/36878\/revisions"}],"predecessor-version":[{"id":36881,"href":"https:\/\/www.evafm.net\/sitio\/wp-json\/wp\/v2\/posts\/36878\/revisions\/36881"}],"wp:featuredmedia":[{"embeddable":true,"href":"https:\/\/www.evafm.net\/sitio\/wp-json\/wp\/v2\/media\/36880"}],"wp:attachment":[{"href":"https:\/\/www.evafm.net\/sitio\/wp-json\/wp\/v2\/media?parent=36878"}],"wp:term":[{"taxonomy":"category","embeddable":true,"href":"https:\/\/www.evafm.net\/sitio\/wp-json\/wp\/v2\/categories?post=36878"},{"taxonomy":"post_tag","embeddable":true,"href":"https:\/\/www.evafm.net\/sitio\/wp-json\/wp\/v2\/tags?post=36878"}],"curies":[{"name":"wp","href":"https:\/\/api.w.org\/{rel}","templated":true}]}}