{"id":36889,"date":"2018-08-03T11:24:58","date_gmt":"2018-08-03T16:24:58","guid":{"rendered":"http:\/\/www.evafm.net\/sitio\/?p=36889"},"modified":"2018-08-03T11:24:58","modified_gmt":"2018-08-03T16:24:58","slug":"nasa-anuncio-los-astronautas-para-los-primeros-vuelos-espaciales","status":"publish","type":"post","link":"https:\/\/www.evafm.net\/sitio\/nasa-anuncio-los-astronautas-para-los-primeros-vuelos-espaciales\/","title":{"rendered":"NASA anunci\u00f3 los astronautas para los primeros vuelos espaciales"},"content":{"rendered":"<div class=\"row\">\n<div class=\"col-xs-12 col-print-12\">\n<p class=\"element element-paragraph\">La NASA acaba de anunciar en el Centro Espacial de Houston los astronautas asignados para los vuelos de prueba del Starliner de la Boeing y el Crew Dragon, de SpaceX, la compa\u00f1\u00eda de Elon Musk, que abrir\u00e1n una nueva era en los vuelos espaciales.<\/p>\n<\/div>\n<\/div>\n<div class=\"row\">\n<div class=\"col-xs-12 col-print-12\">\n<p class=\"element element-paragraph\">El administrador de la agencia espacial, Jim Bridenstine, present\u00f3 los astronautas.<\/p>\n<\/div>\n<\/div>\n<div class=\"row\">\n<div class=\"col-xs-12 col-print-12\">\n<p class=\"element element-paragraph\">Noticia en desarrollo\u2026<\/p>\n<p><iframe title=\"NASA Live: Official Stream of NASA TV\" width=\"1200\" height=\"675\" src=\"https:\/\/www.youtube.com\/embed\/wwMDvPCGeE0?feature=oembed\" frameborder=\"0\" allow=\"accelerometer; autoplay; clipboard-write; encrypted-media; gyroscope; picture-in-picture; web-share\" referrerpolicy=\"strict-origin-when-cross-origin\" allowfullscreen><\/iframe><\/p>\n<p><img decoding=\"async\" src=\"https:\/\/www.infobae.com\/new-resizer\/zT50sI-kz6wvnN4eePhPQvdOetM=\/600x0\/filters:quality(100)\/s3.amazonaws.com\/arc-wordpress-client-uploads\/infobae-wp\/wp-content\/uploads\/2018\/08\/03125846\/nasa-astronautas-spacex.png\" \/><\/p>\n<p>Fuente: infobae.com<\/p>\n<\/div>\n<\/div>\n<div class=\"gsp_post_data\" \r\n\t            data-post_type=\"post\" \r\n\t            data-cat=\"general,noticias-internacionales\" \r\n\t            data-modified=\"120\"\r\n\t            data-created=\"1533295498\"\r\n\t            data-title=\"NASA anunci\u00f3 los astronautas para los primeros vuelos espaciales\" \r\n\t            data-home=\"https:\/\/www.evafm.net\/sitio\"><\/div>","protected":false},"excerpt":{"rendered":"<p>La NASA acaba de anunciar en el Centro Espacial de Houston los astronautas asignados para los vuelos de prueba del Starliner de la Boeing y el Crew Dragon, de SpaceX, la compa\u00f1\u00eda de Elon Musk, que abrir\u00e1n una nueva era en los vuelos espaciales. El administrador de la agencia espacial, Jim Bridenstine, present\u00f3 los astronautas&#8230;.<\/p>\n","protected":false},"author":5,"featured_media":36891,"comment_status":"closed","ping_status":"open","sticky":false,"template":"","format":"standard","meta":{"_joinchat":[],"footnotes":""},"categories":[1720,1345],"tags":[],"class_list":["post-36889","post","type-post","status-publish","format-standard","has-post-thumbnail","hentry","category-general","category-noticias-internacionales","have-post-thumb"],"_links":{"self":[{"href":"https:\/\/www.evafm.net\/sitio\/wp-json\/wp\/v2\/posts\/36889","targetHints":{"allow":["GET"]}}],"collection":[{"href":"https:\/\/www.evafm.net\/sitio\/wp-json\/wp\/v2\/posts"}],"about":[{"href":"https:\/\/www.evafm.net\/sitio\/wp-json\/wp\/v2\/types\/post"}],"author":[{"embeddable":true,"href":"https:\/\/www.evafm.net\/sitio\/wp-json\/wp\/v2\/users\/5"}],"replies":[{"embeddable":true,"href":"https:\/\/www.evafm.net\/sitio\/wp-json\/wp\/v2\/comments?post=36889"}],"version-history":[{"count":1,"href":"https:\/\/www.evafm.net\/sitio\/wp-json\/wp\/v2\/posts\/36889\/revisions"}],"predecessor-version":[{"id":36892,"href":"https:\/\/www.evafm.net\/sitio\/wp-json\/wp\/v2\/posts\/36889\/revisions\/36892"}],"wp:featuredmedia":[{"embeddable":true,"href":"https:\/\/www.evafm.net\/sitio\/wp-json\/wp\/v2\/media\/36891"}],"wp:attachment":[{"href":"https:\/\/www.evafm.net\/sitio\/wp-json\/wp\/v2\/media?parent=36889"}],"wp:term":[{"taxonomy":"category","embeddable":true,"href":"https:\/\/www.evafm.net\/sitio\/wp-json\/wp\/v2\/categories?post=36889"},{"taxonomy":"post_tag","embeddable":true,"href":"https:\/\/www.evafm.net\/sitio\/wp-json\/wp\/v2\/tags?post=36889"}],"curies":[{"name":"wp","href":"https:\/\/api.w.org\/{rel}","templated":true}]}}