{"id":36959,"date":"2018-08-06T14:35:21","date_gmt":"2018-08-06T19:35:21","guid":{"rendered":"http:\/\/www.evafm.net\/sitio\/?p=36959"},"modified":"2018-08-06T14:35:21","modified_gmt":"2018-08-06T19:35:21","slug":"jaime-nebot-desmiente-a-jimmy-jairala-sobre-alcance-de-obra-municipal","status":"publish","type":"post","link":"https:\/\/www.evafm.net\/sitio\/jaime-nebot-desmiente-a-jimmy-jairala-sobre-alcance-de-obra-municipal\/","title":{"rendered":"Jaime Nebot desmiente a Jimmy Jairala sobre alcance de obra municipal"},"content":{"rendered":"<p>El alcalde de Guayaquil, Jaime Nebot, refut\u00f3 este lunes las declaraciones que emiti\u00f3 en d\u00edas pasados en un canal de televisi\u00f3n el prefecto del Guayas, Jimmy Jairala, sobre el alcance de la obra municipal.<\/p>\n<p>Jairala -figura de Centro Democr\u00e1tico (CD) que aspira a llegar a la Alcald\u00eda de Guayaquil, y quien se encuentra en precampa\u00f1a electoral-, puso en duda las cifras de cobertura de servicios b\u00e1sicos en la ciudad, como el agua potable y alcantarillado, as\u00ed como la legalizaci\u00f3n de terrenos.<\/p>\n<p>\u00abNos hablan de que, por ejemplo, el 95% de Guayaquil tiene alcantarillado y el 99% agua, (pero) se olvida de ese gran sector, un sector enorme de guayaquile\u00f1os que no tiene escrituras, y por lo tanto no han accedido a todos los servicios b\u00e1sicos&#8230;\u00bb, indic\u00f3 el prefecto.<\/p>\n<p>Hoy, el alcalde respondi\u00f3 a Jairala, sobre quien dijo que este tiene derecho a hacer campa\u00f1a pol\u00edtica, pero \u00ablo que no tiene ning\u00fan derecho es a hacerla insinuando que el Municipio falsea cifras, porque esa es mi administraci\u00f3n, y yo tengo el deber de dejar las cosas en claro\u00bb.<\/p>\n<p>\u00abNo es cierto que los que no est\u00e1n legalizados no reciban obras, primero; y segundo, no es cierto que nosotros no legalicemos\u00bb.<\/p>\n<p>Nebot detall\u00f3 que el Cabildo ten\u00eda que legalizar 210.000 terrenos, que 190.000 ya han recibido sus t\u00edtulos de legalizaci\u00f3n, pero que 20.000 predios a\u00fan no han sido legalizados porque sus beneficiarios no han cumplido con algunos tr\u00e1mites, como son entregar un certificado del Registro de la Propiedad de no tener otro terreno en la ciudad, cancelar $ 5 y tener 10 a\u00f1os de plazo para pagar el terreno a $ 1 el m\u00b2.<\/p>\n<p>\u00ab\u00bfQu\u00e9 queda?, una peque\u00f1a porci\u00f3n de personas, que despu\u00e9s de haberse legalizado los sectores, han ocupado ya no m\u00e1s extensiones de tierra, sino terrenos vac\u00edos.<\/p>\n<p>(Sin embargo) la ley nueva de regularizaci\u00f3n nos permite regularizar (&#8230;) a esas personas, y lo estamos haciendo ya\u00bb, asegur\u00f3 el alcalde en\u00a0<em>Ecuavisa<\/em>.<\/p>\n<p>Adem\u00e1s el edil mostr\u00f3 un acta de la intervenci\u00f3n de Jairala del 25 de abril del a\u00f1o 2007, cuando -seg\u00fan dijo- el entonces diputado del ahora extinto Partido Roldosista Ecuatoriano (PRE) se opuso a que el Congreso de la \u00e9poca d\u00e9 paso a una ley presentada por el Partido Social Cristiano (PSC) para legalizar esos sectores, \u00abdiciendo que lo que queremos es &#8216;tirarle la pelota al Congreso, que los municipios pueden hacerlo&#8217;&#8230; Si (Jairala) no sab\u00eda debe aprender, y si sab\u00eda no debe mentir. No se puede legalizar sin ley, pues; el acto de legalizaci\u00f3n no es pol\u00edtico, no es de bondad&#8230;, tiene que ser jur\u00eddico&#8230;\u00bb, puntualiz\u00f3 Nebot.<\/p>\n<p>Respald\u00f3 la cifra del 93% de cobertura de alcantarillado en la ciudad, de la que dijo el 90% es obra terminada, mientras que el 3% est\u00e1 en construcci\u00f3n. Asegur\u00f3 que en la actualidad se realizan trabajos de alcantarillado en Flor de Basti\u00f3n, Sergio Toral I, Nueva Guayaquil, Las Delicias, y que en noviembre, tras la aprobaci\u00f3n de un pr\u00e9stamo franc\u00e9s, se cubrir\u00e1 el resto de sectores, incluyendo Monte Sina\u00ed.<\/p>\n<p>Nebot tambi\u00e9n critic\u00f3 la\u00a0gesti\u00f3n de la Prefectura para dragar los alrededores del islote El Palmar en el r\u00edo Guayas, competencia que el ente provincial asumi\u00f3 en 2013, seg\u00fan dispuso el Consejo Nacional de Competencias (CNC).<\/p>\n<p>\u00abEn plantas de tratamiento de aguas residuales, est\u00e1 concluida la planta de pantano seco. (Est\u00e1) en plena construcci\u00f3n la planta de Mi Lote y la planta de Las Esclusas, y financiada la planta de Los Merinos&#8230; tratamiento de aguas servidas para 3 millones 10 mil personas.<\/p>\n<p>Esa es la diferencia entre hablar y hacer, esa es la diferencia entre buscar con lupa lo poco que todav\u00eda no hemos culminado, mientras nosotros ni con lupa podemos encontrar algo que el se\u00f1or (Jairala) haya hecho\u00bb, sentenci\u00f3 el alcalde. (I)<\/p>\n<p>Fuente: eluniverso.com<\/p>\n<p>&nbsp;<\/p>\n<div class=\"gsp_post_data\" \r\n\t            data-post_type=\"post\" \r\n\t            data-cat=\"general,noticias-ecuador\" \r\n\t            data-modified=\"120\"\r\n\t            data-created=\"1533566121\"\r\n\t            data-title=\"Jaime Nebot desmiente a Jimmy Jairala sobre alcance de obra municipal\" \r\n\t            data-home=\"https:\/\/www.evafm.net\/sitio\"><\/div>","protected":false},"excerpt":{"rendered":"<p>El alcalde de Guayaquil, Jaime Nebot, refut\u00f3 este lunes las declaraciones que emiti\u00f3 en d\u00edas pasados en un canal de televisi\u00f3n el prefecto del Guayas, Jimmy Jairala, sobre el alcance de la obra municipal. Jairala -figura de Centro Democr\u00e1tico (CD) que aspira a llegar a la Alcald\u00eda de Guayaquil, y quien se encuentra en precampa\u00f1a&#8230;<\/p>\n","protected":false},"author":5,"featured_media":36960,"comment_status":"closed","ping_status":"open","sticky":false,"template":"","format":"standard","meta":{"_joinchat":[],"footnotes":""},"categories":[1720,1558],"tags":[],"class_list":["post-36959","post","type-post","status-publish","format-standard","has-post-thumbnail","hentry","category-general","category-noticias-ecuador","have-post-thumb"],"_links":{"self":[{"href":"https:\/\/www.evafm.net\/sitio\/wp-json\/wp\/v2\/posts\/36959","targetHints":{"allow":["GET"]}}],"collection":[{"href":"https:\/\/www.evafm.net\/sitio\/wp-json\/wp\/v2\/posts"}],"about":[{"href":"https:\/\/www.evafm.net\/sitio\/wp-json\/wp\/v2\/types\/post"}],"author":[{"embeddable":true,"href":"https:\/\/www.evafm.net\/sitio\/wp-json\/wp\/v2\/users\/5"}],"replies":[{"embeddable":true,"href":"https:\/\/www.evafm.net\/sitio\/wp-json\/wp\/v2\/comments?post=36959"}],"version-history":[{"count":1,"href":"https:\/\/www.evafm.net\/sitio\/wp-json\/wp\/v2\/posts\/36959\/revisions"}],"predecessor-version":[{"id":36961,"href":"https:\/\/www.evafm.net\/sitio\/wp-json\/wp\/v2\/posts\/36959\/revisions\/36961"}],"wp:featuredmedia":[{"embeddable":true,"href":"https:\/\/www.evafm.net\/sitio\/wp-json\/wp\/v2\/media\/36960"}],"wp:attachment":[{"href":"https:\/\/www.evafm.net\/sitio\/wp-json\/wp\/v2\/media?parent=36959"}],"wp:term":[{"taxonomy":"category","embeddable":true,"href":"https:\/\/www.evafm.net\/sitio\/wp-json\/wp\/v2\/categories?post=36959"},{"taxonomy":"post_tag","embeddable":true,"href":"https:\/\/www.evafm.net\/sitio\/wp-json\/wp\/v2\/tags?post=36959"}],"curies":[{"name":"wp","href":"https:\/\/api.w.org\/{rel}","templated":true}]}}