{"id":36966,"date":"2018-08-06T14:46:36","date_gmt":"2018-08-06T19:46:36","guid":{"rendered":"http:\/\/www.evafm.net\/sitio\/?p=36966"},"modified":"2018-08-06T14:46:36","modified_gmt":"2018-08-06T19:46:36","slug":"el-regimen-irani-rechazo-una-negociacion-con-los-eeuu","status":"publish","type":"post","link":"https:\/\/www.evafm.net\/sitio\/el-regimen-irani-rechazo-una-negociacion-con-los-eeuu\/","title":{"rendered":"El r\u00e9gimen iran\u00ed rechaz\u00f3 una negociaci\u00f3n con los EEUU"},"content":{"rendered":"<div class=\"row\">\n<div class=\"col-xs-12 col-print-12\">\n<p class=\"element element-paragraph\">Horas despu\u00e9s de que el\u00a0Donald Trump firmara el decreto para restablecer las sanciones econ\u00f3micas contra el r\u00e9gimen de Ir\u00e1n, el presidente persa,\u00a0<strong>Hassan Rohani, acus\u00f3 a su hom\u00f3logo norteamericano de querer \u00ablanzar una guerra psicol\u00f3gica\u00bb.<\/strong><\/p>\n<\/div>\n<\/div>\n<div class=\"row\">\n<div class=\"col-xs-12 col-print-12\">\n<p class=\"element element-paragraph\">\u00abEst\u00e1n imponiendo sanciones a los ni\u00f1os iran\u00edes, a los enfermos, a la naci\u00f3n\u00bb,\u00a0asegur\u00f3 el mandatario durante\u00a0una entrevista televisiva.<\/p>\n<p class=\"element element-paragraph\">\u00ab[Trump] Quiere lanzar una guerra psicol\u00f3gica contra la naci\u00f3n iran\u00ed y<strong>\u00a0crear divisiones entre el pueblo\u00bb<\/strong>, agreg\u00f3.<\/p>\n<\/div>\n<\/div>\n<div class=\"row\">\n<div class=\"col-xs-12 col-print-12\">\n<p class=\"element element-paragraph\">Asimismo, consider\u00f3 que llevar a cabo nuevas negociaciones, tal como lo desliz\u00f3 Trump,<strong>\u00a0\u00abno tiene sentido\u00bb mientras Estados Unidos aplica sanciones sobre Ir\u00e1n.<\/strong><\/p>\n<\/div>\n<\/div>\n<div class=\"row\">\n<div class=\"col-xs-12 col-print-12\">\n<p class=\"element element-paragraph\"><strong>\u00abEl que habla de negociaciones tiene que demostrar que quiere solucionar algo con las negociaciones\u00bb<\/strong>, subray\u00f3 Rohani,\u00a0horas antes de la entrada en vigor de las sanciones\u00a0norteamericanas.<\/p>\n<\/div>\n<div class=\"row\">\n<div class=\"col-xs-12 col-print-12\">\n<p class=\"element element-paragraph\">La decisi\u00f3n de Trump llega casi tres meses despu\u00e9s de que anunciara el retiro de su pa\u00eds del acuerdo nuclear alcanzado con Teher\u00e1n en 2015, y tras cumplirse el plazo para la adaptaci\u00f3n antes de que la medida comenzara a regir.<\/p>\n<\/div>\n<\/div>\n<div class=\"row\">\n<div class=\"col-xs-12 col-print-12\">\n<p class=\"element element-paragraph\">En concreto, desde el primer minuto del martes\u00a0<strong>Ir\u00e1n tendr\u00e1 prohibido utilizar d\u00f3lares estadounidenses para sus transacciones internacionales y especialmente en sus ventas de petr\u00f3leo<\/strong>, como reportaron oficiales de las Casa Blanca en conferencia telef\u00f3nica con medios estadounidenses.<\/p>\n<\/div>\n<\/div>\n<div class=\"row\">\n<div class=\"col-xs-12 col-print-12\">\n<p class=\"element element-paragraph\">Adem\u00e1s,\u00a0<strong>se prohibir\u00e1 el comercio de metales y autos fabricados en Ir\u00e1n<\/strong>, y se revocar\u00e1n excepciones que exist\u00edan para la compra de alfombras y alimentos persas.<\/p>\n<div class=\"row\">\n<div class=\"col-xs-12 col-print-12\">\n<p class=\"element element-paragraph\">Pese a esta reimposici\u00f3n de sanciones, el jefe de Estado norteamericano reiter\u00f3 que\u00a0<strong>est\u00e1 \u00ababierto\u00bb a alcanzar un nuevo acuerdo \u00abm\u00e1s amplio\u00bb<\/strong>\u00a0con Ir\u00e1n que no se limite a su programa nuclear y que englobe todas \u00ablas actividades malignas\u00bb de los ayatollah,\u00a0<strong>incluyendo sus actividades en otros pa\u00edses de la regi\u00f3n.<\/strong><\/p>\n<\/div>\n<\/div>\n<div class=\"row\">\n<div class=\"col-xs-12 col-print-12\">\n<p class=\"element element-paragraph\">\u00abMientras continuamos aplicando la m\u00e1xima presi\u00f3n econ\u00f3mica, me mantengo dispuesto a alcanzar un acuerdo m\u00e1s amplio que aborde toda la gama de actividades malignas del r\u00e9gimen,<strong>\u00a0incluido su programa de misiles bal\u00edsticos y su apoyo al terrorismo\u00bb<\/strong>, afirm\u00f3 Trump en un comunicado publicado por la Casa Blanca.<\/p>\n<div class=\"single-image\">\n<div class=\"shares\">\n<div class=\"share-button facebook\"><\/div>\n<\/div>\n<p><img decoding=\"async\" id=\"56GPOIRK3ZGQVD26OXPPPHULXA\" class=\"image-lazy\" src=\"https:\/\/www.infobae.com\/new-resizer\/W2SmDFNsIHD2LG8pSIU3SLnUBx8=\/600x0\/filters:quality(100)\/s3.amazonaws.com\/arc-wordpress-client-uploads\/infobae-wp\/wp-content\/uploads\/2018\/08\/06122040\/TRUMP-FIRMA.jpg\" alt=\"Trump firm\u00f3 el decreto que restablece las sanciones contra Ir\u00e1n (Official White House Photo by Shealah Craighead)\" width=\"750\" height=\"500.0\" \/><\/div>\n<p><span class=\"credit\">Trump firm\u00f3 el decreto que restablece las sanciones contra Ir\u00e1n (Official White House Photo by Shealah Craighead)<\/span><\/p>\n<div class=\"single-image\">\n<div class=\"shares\">\n<div class=\"share-button facebook\"><\/div>\n<\/div>\n<p><img decoding=\"async\" id=\"3RIY4R4RSRH4PBUBUOV4VMUW3I\" class=\"image-lazy\" src=\"https:\/\/www.infobae.com\/new-resizer\/GdN3AcOkCSu6q7ATcUoPgT9D1a8=\/600x0\/filters:quality(100)\/s3.amazonaws.com\/arc-wordpress-client-uploads\/infobae-wp\/wp-content\/uploads\/2018\/06\/10081708\/000_15L9O9-e1528629445149.jpg\" alt=\"Trump indic\u00f3 que est\u00e1 dispuesto a negociar un nuevo acuerdo que incluya \u201clas actividades malignas\u201d de los ayatol\u00e1s\u00a0\u00a0(AFP)\" width=\"750\" height=\"406.25\" \/><\/div>\n<p><span class=\"credit\">Trump indic\u00f3 que est\u00e1 dispuesto a negociar un nuevo acuerdo que incluya \u201clas actividades malignas\u201d de los ayatol\u00e1s\u00a0\u00a0(AFP)<\/span><\/p>\n<p>Fuente: infobae.com<\/p>\n<\/div>\n<\/div>\n<\/div>\n<\/div>\n<\/div>\n<div class=\"gsp_post_data\" \r\n\t            data-post_type=\"post\" \r\n\t            data-cat=\"general,noticias-internacionales\" \r\n\t            data-modified=\"120\"\r\n\t            data-created=\"1533566796\"\r\n\t            data-title=\"El r\u00e9gimen iran\u00ed rechaz\u00f3 una negociaci\u00f3n con los EEUU\" \r\n\t            data-home=\"https:\/\/www.evafm.net\/sitio\"><\/div>","protected":false},"excerpt":{"rendered":"<p>Horas despu\u00e9s de que el\u00a0Donald Trump firmara el decreto para restablecer las sanciones econ\u00f3micas contra el r\u00e9gimen de Ir\u00e1n, el presidente persa,\u00a0Hassan Rohani, acus\u00f3 a su hom\u00f3logo norteamericano de querer \u00ablanzar una guerra psicol\u00f3gica\u00bb. \u00abEst\u00e1n imponiendo sanciones a los ni\u00f1os iran\u00edes, a los enfermos, a la naci\u00f3n\u00bb,\u00a0asegur\u00f3 el mandatario durante\u00a0una entrevista televisiva. \u00ab[Trump] Quiere lanzar&#8230;<\/p>\n","protected":false},"author":5,"featured_media":36967,"comment_status":"closed","ping_status":"open","sticky":false,"template":"","format":"standard","meta":{"_joinchat":[],"footnotes":""},"categories":[1720,1345],"tags":[],"class_list":["post-36966","post","type-post","status-publish","format-standard","has-post-thumbnail","hentry","category-general","category-noticias-internacionales","have-post-thumb"],"_links":{"self":[{"href":"https:\/\/www.evafm.net\/sitio\/wp-json\/wp\/v2\/posts\/36966","targetHints":{"allow":["GET"]}}],"collection":[{"href":"https:\/\/www.evafm.net\/sitio\/wp-json\/wp\/v2\/posts"}],"about":[{"href":"https:\/\/www.evafm.net\/sitio\/wp-json\/wp\/v2\/types\/post"}],"author":[{"embeddable":true,"href":"https:\/\/www.evafm.net\/sitio\/wp-json\/wp\/v2\/users\/5"}],"replies":[{"embeddable":true,"href":"https:\/\/www.evafm.net\/sitio\/wp-json\/wp\/v2\/comments?post=36966"}],"version-history":[{"count":1,"href":"https:\/\/www.evafm.net\/sitio\/wp-json\/wp\/v2\/posts\/36966\/revisions"}],"predecessor-version":[{"id":36968,"href":"https:\/\/www.evafm.net\/sitio\/wp-json\/wp\/v2\/posts\/36966\/revisions\/36968"}],"wp:featuredmedia":[{"embeddable":true,"href":"https:\/\/www.evafm.net\/sitio\/wp-json\/wp\/v2\/media\/36967"}],"wp:attachment":[{"href":"https:\/\/www.evafm.net\/sitio\/wp-json\/wp\/v2\/media?parent=36966"}],"wp:term":[{"taxonomy":"category","embeddable":true,"href":"https:\/\/www.evafm.net\/sitio\/wp-json\/wp\/v2\/categories?post=36966"},{"taxonomy":"post_tag","embeddable":true,"href":"https:\/\/www.evafm.net\/sitio\/wp-json\/wp\/v2\/tags?post=36966"}],"curies":[{"name":"wp","href":"https:\/\/api.w.org\/{rel}","templated":true}]}}